{"id":552712,"date":"2022-07-08T00:07:52","date_gmt":"2022-07-08T05:07:52","guid":{"rendered":"https:\/\/www.diarioimagen.net\/?p=552712"},"modified":"2022-07-08T04:34:59","modified_gmt":"2022-07-08T09:34:59","slug":"se-acelera-inflacion-en-mexico-y-cierra-en-casi-8-en-junio","status":"publish","type":"post","link":"https:\/\/www.diarioimagen.net\/?p=552712","title":{"rendered":"Se acelera inflaci\u00f3n en M\u00e9xico y cierra en casi 8% en junio"},"content":{"rendered":"<p>&nbsp;<\/p>\n<ul>\n<li><strong><em>Su mayor nivel en 21 a\u00f1os<\/em><\/strong><\/li>\n<\/ul>\n<p>&nbsp;<\/p>\n<div id=\"attachment_552767\" style=\"width: 470px\" class=\"wp-caption aligncenter\"><img loading=\"lazy\" decoding=\"async\" aria-describedby=\"caption-attachment-552767\" class=\"size-full wp-image-552767\" src=\"https:\/\/www.diarioimagen.net\/wp-content\/uploads\/2022\/07\/INFLACION-SE-ACELERA.jpg\" alt=\"\" width=\"460\" height=\"270\" \/><p id=\"caption-attachment-552767\" class=\"wp-caption-text\">Durante junio, la tasa de inflaci\u00f3n interanual se ubic\u00f3 en 7.99% a escala nacional. Esto implic\u00f3 una aceleraci\u00f3n de 0.84%, con respecto a mayo.<\/p><\/div>\n<p>&nbsp;<\/p>\n<p>La inflaci\u00f3n general de M\u00e9xico alcanz\u00f3 en junio su mayor nivel en m\u00e1s de 21 a\u00f1os, alimentando las perspectivas de que Banxico tendr\u00e1 que seguir endureciendo su pol\u00edtica monetaria por la presi\u00f3n de los aumentos en alimentos.<\/p>\n<p>El dato es mayor al aumento de precios que se present\u00f3 en mayo, de 7.65% a tasa anual; asimismo, qued\u00f3 por arriba de lo esperado por el mercado dado que se estimaba 7.96%, de acuerdo con los analistas consultados por la Encuesta Citibanamex de Expectativas.<\/p>\n<p>Con el registro de junio, la inflaci\u00f3n lleva 15 meses fuera del objetivo de 3% +\/-1 punto porcentual del Banco de M\u00e9xico (Banxico). Y ocho meses en el rango del 7 por ciento. A finales del mes pasado, Banco de M\u00e9xico aplic\u00f3 un hist\u00f3rico incremento de 75 puntos b\u00e1sicos a la tasa de inter\u00e9s referencial y advirti\u00f3 que seguir\u00eda subi\u00e9ndola, incluso en la misma magnitud, en caso de ser necesario.<\/p>\n<p>El banco central, que desde mediados de 2021 inici\u00f3 un ciclo de alzas a la tasa clave, tiene una meta de inflaci\u00f3n del 3% m\u00e1s\/menos un punto porcentual. Su pr\u00f3xima reuni\u00f3n de pol\u00edtica monetaria est\u00e1 programada para el pr\u00f3ximo 11 de agosto.<\/p>\n<p>S\u00f3lo en junio, los precios aumentaron un 0.84%, mientras que el \u00edndice subyacente arroj\u00f3 una tasa del 0.77%, dijo el Inegi.<\/p>\n<p style=\"text-align: center;\"><strong>El peso, en su peor nivel en 3 semanas<\/strong><\/p>\n<p>Mientras tanto, el peso se depreci\u00f3 el mi\u00e9rcoles por cuarta jornada seguida debido a persistentes preocupaciones de una recesi\u00f3n global, en un mercado a la espera de las minutas del m\u00e1s reciente encuentro de pol\u00edtica monetaria de la Reserva Federal (Fed) de Estados Unidos.<\/p>\n<p>La moneda cotiz\u00f3 en 20.62 por d\u00f3lar, con una p\u00e9rdida del 0.52% frente al precio de referencia de Reuters del martes. Poco antes, el peso lleg\u00f3 a debilitarse un 0.87% a 20.69 unidades, un nivel no visto desde el 16 de junio.<\/p>\n<p>\u201cDesde un enfoque t\u00e9cnico, el nivel de 20.70 es una resistencia clave que fue respetada a mediados de junio y de ser perforada con fuerza, el tipo de cambio podr\u00eda moverse hacia el nivel psicol\u00f3gico de 21 pesos por d\u00f3lar en el corto plazo\u201d, dijo Gabriela Siller, directora de an\u00e1lisis de la firma Banco Base.<\/p>\n<p>El Comit\u00e9 Federal de Mercado Abierto (FOMC) de la Fed dar\u00e1 a conocer las minutas de su reuni\u00f3n del mes pasado, cuando decidi\u00f3 elevar la tasa de inter\u00e9s de referencia en 75 puntos b\u00e1sicos, la mayor alza realizada por el ente monetario desde 1994. \u201cEstas podr\u00edan dar pistas de cu\u00e1l ser\u00e1 la hoja de ruta del banco central para pr\u00f3ximos encuentros\u201d, asever\u00f3 CI Banco en un reporte.<\/p>\n<p>\u00ac\u00ac\u00ac<\/p>\n<p>&nbsp;<\/p>\n","protected":false},"excerpt":{"rendered":"<p>La inflaci\u00f3n general de M\u00e9xico alcanz\u00f3 en junio su mayor nivel en m\u00e1s de 21 a\u00f1os, alimentando las perspectivas de que Banxico tendr\u00e1 que seguir endureciendo su pol\u00edtica monetaria por la presi\u00f3n de los aumentos en alimentos.<\/p>\n","protected":false},"author":3,"featured_media":552767,"comment_status":"open","ping_status":"open","sticky":false,"template":"","format":"standard","meta":{"_monsterinsights_skip_tracking":false,"_monsterinsights_sitenote_active":false,"_monsterinsights_sitenote_note":"","_monsterinsights_sitenote_category":0,"footnotes":""},"categories":[8],"tags":[94752,95932],"class_list":["post-552712","post","type-post","status-publish","format-standard","has-post-thumbnail","hentry","category-finanzas","tag-acelera","tag-finanzas-inflacion"],"_links":{"self":[{"href":"https:\/\/www.diarioimagen.net\/index.php?rest_route=\/wp\/v2\/posts\/552712","targetHints":{"allow":["GET"]}}],"collection":[{"href":"https:\/\/www.diarioimagen.net\/index.php?rest_route=\/wp\/v2\/posts"}],"about":[{"href":"https:\/\/www.diarioimagen.net\/index.php?rest_route=\/wp\/v2\/types\/post"}],"author":[{"embeddable":true,"href":"https:\/\/www.diarioimagen.net\/index.php?rest_route=\/wp\/v2\/users\/3"}],"replies":[{"embeddable":true,"href":"https:\/\/www.diarioimagen.net\/index.php?rest_route=%2Fwp%2Fv2%2Fcomments&post=552712"}],"version-history":[{"count":0,"href":"https:\/\/www.diarioimagen.net\/index.php?rest_route=\/wp\/v2\/posts\/552712\/revisions"}],"wp:featuredmedia":[{"embeddable":true,"href":"https:\/\/www.diarioimagen.net\/index.php?rest_route=\/wp\/v2\/media\/552767"}],"wp:attachment":[{"href":"https:\/\/www.diarioimagen.net\/index.php?rest_route=%2Fwp%2Fv2%2Fmedia&parent=552712"}],"wp:term":[{"taxonomy":"category","embeddable":true,"href":"https:\/\/www.diarioimagen.net\/index.php?rest_route=%2Fwp%2Fv2%2Fcategories&post=552712"},{"taxonomy":"post_tag","embeddable":true,"href":"https:\/\/www.diarioimagen.net\/index.php?rest_route=%2Fwp%2Fv2%2Ftags&post=552712"}],"curies":[{"name":"wp","href":"https:\/\/api.w.org\/{rel}","templated":true}]}}