{"id":552724,"date":"2022-07-08T00:01:04","date_gmt":"2022-07-08T05:01:04","guid":{"rendered":"https:\/\/www.diarioimagen.net\/?p=552724"},"modified":"2022-07-08T04:02:47","modified_gmt":"2022-07-08T09:02:47","slug":"alchemia-communications-group-y-queer-destinations-se-unen-para-trabajar-el-segmento-lgbtq","status":"publish","type":"post","link":"https:\/\/www.diarioimagen.net\/?p=552724","title":{"rendered":"<em>Alchemia Communications Group<\/em> y <em>Queer Destinations<\/em> se unen para trabajar el segmento LGBTQ+"},"content":{"rendered":"<h2>De cinco estrellas<\/h2>\n<h5>Victoria Gonz\u00e1lez Prado<\/h5>\n<p>&nbsp;<\/p>\n<ul>\n<li><strong><em>Reconoce el Consejo Coordinador Empresarial a Aerom\u00e9xico por su participaci\u00f3n en \u201cJ\u00f3venes construyendo el futuro\u201d<\/em><\/strong><\/li>\n<li><strong><em>\u00bfQuieres viajar a Nueva York?, no te pierdas los nuevos atractivos que ofrece a los visitantes<\/em><\/strong><\/li>\n<\/ul>\n<p>&nbsp;<\/p>\n<div id=\"attachment_552725\" style=\"width: 470px\" class=\"wp-caption aligncenter\"><img loading=\"lazy\" decoding=\"async\" aria-describedby=\"caption-attachment-552725\" class=\"size-full wp-image-552725\" src=\"https:\/\/www.diarioimagen.net\/wp-content\/uploads\/2022\/07\/turismo-3.jpg\" alt=\"\" width=\"460\" height=\"270\" \/><p id=\"caption-attachment-552725\" class=\"wp-caption-text\">Lourdes Berho y Oriol Pamies.<\/p><\/div>\n<p>&nbsp;<\/p>\n<p>Con la intenci\u00f3n de ampliar estrategias en empresas, pa\u00edses y destinos que quieran trabajar el segmento LGBTQ+ que representa 18 por ciento del mercado tur\u00edstico global, la agencia de comunicaci\u00f3n y marketing <em>Alchemia Communications Group<\/em>, que dirige <strong>Lourdes Berho<\/strong> y la firma consultora internacional <em>Queer Destinations<\/em>, encabezada por <strong>Oriol Pamies<\/strong>, se unen para potenciar el turismo LGBTQ+ en M\u00e9xico.<\/p>\n<p>Cabe destacar que los h\u00e1bitos de consumo de la comunidad LGBT+ durante sus viajes supera 200 billones de d\u00f3lares al a\u00f1o, representa 10 por ciento de la poblaci\u00f3n mundial y por su crecimiento alcanzar\u00e1 180 millones de viajeros en 2030. Por ello, cada vez m\u00e1s destinos, empresas y pa\u00edses buscan formarse y especializarse en el segmento y dirigir sus estrategias de marketing de forma sostenible, innovadora y responsable.<\/p>\n<p>La importancia del segmento LGBTQ+ en la industria tur\u00edstica se refleja en su frecuencia de viaje, 3.8 veces superior al turismo convencional seg\u00fan datos de la Organizaci\u00f3n Mundial de Turismo (OMT). El turismo de esta comunidad se ha posicionado como uno de los m\u00e1s importantes en los \u00faltimos diez a\u00f1os, debido a que es de los nichos de turismo que provee mayor derrama econ\u00f3mica en los pa\u00edses que visita. Asimismo, por su gran relaci\u00f3n con los cambios sociales, civiles y organizacionales permite a ciudades y destinos anfitriones lograr mayor empat\u00eda, seguridad e inclusi\u00f3n dentro de su territorio.<\/p>\n<p>Con esta alianza <em>Alchemia<\/em> se convierte en la primera agencia de comunicaci\u00f3n y marketing integrado en ofrecer la oportunidad de especializarse en temas de inclusi\u00f3n a trav\u00e9s de la acreditaci\u00f3n que <em>Queer Destinations<\/em> aplica en la planificaci\u00f3n, establecimiento de la cultura organizacional, aplicaci\u00f3n met\u00f3dica y ordenada de procesos\u201d, coment\u00f3 <strong>Lourdes Berho<\/strong>.<\/p>\n<p><em>Queer Destinations<\/em> es el puente que une a gobiernos, destinos y empresas a acercar su oferta a los viajeros de la comunidad alrededor del mundo. Su objetivo es el desarrollo de estrategias tur\u00edsticas alineadas con los objetivos de desarrollo sostenible marcados por la Organizaci\u00f3n de las Naciones Unidas (ONU) en su agenda 2030 con el fin de reducir las desigualdades e impulsar la aplicaci\u00f3n de pol\u00edticas laborales basadas en la responsabilidad hacia la comunidad LGBTQ+.<\/p>\n<p>\u2730\u2730\u2730\u2730\u2730 <strong>\u00a0<\/strong>El Consejo Coordinador Empresarial (CCE), entreg\u00f3 a Aerom\u00e9xico reconocimiento por haber desarrollado plan de capacitaci\u00f3n integral de calidad destinado a los aprendices del programa \u201cJ\u00f3venes construyendo el futuro\u201d que forman parte de su equipo.<\/p>\n<p><strong>Luisa Mar\u00eda Alcalde<\/strong>, secretaria del Trabajo y Previsi\u00f3n Social; <strong>Francisco Cervantes<\/strong>, presidente del Consejo Coordinador Empresarial (CCE) y <strong>Antonio Del Valle<\/strong>, presidente del Consejo Mexicano de Negocios (CMN), entregaron el reconocimiento en ceremonia que se llev\u00f3 a cabo en el Complejo Cultural Los Pinos.<\/p>\n<p>La aeroli\u0301nea dise\u00f1\u00f3 programa de desarrollo de habilidades socioemocionales enfocado en comunicaci\u00f3n, colaboraci\u00f3n, trabajo en equipo, organizaci\u00f3n y planeaci\u00f3n, entre otras, mismo que complementa el acompa\u00f1amiento que reciben los aprendices por parte de los tutores.<\/p>\n<p>A trav\u00e9s de esta iniciativa Aerom\u00e9xico ha recibido a 72 aprendices, quienes se han integrado a las a\u0301reas de Operaciones y Mantenimiento; Digital y Experiencia al Cliente; Comercial; Finanzas y Recursos Humanos, entre otras. 40 por ciento fue contratado por la compa\u00f1\u00eda para seguir desarrollando su carrera y potencial.<\/p>\n<p><strong>Ang\u00e9lica Garza<\/strong>, vicepresidente ejecutivo de Recursos Humanos de la aerol\u00ednea dijo\u00a0 \u201cnos sentimos muy orgullosos de ser parte de esta iniciativa, pues nos brinda la oportunidad de seguir contribuyendo a la formaci\u00f3n del talento que sostendra\u0301 a nuestra industria y al pai\u0301s entero en los pr\u00f3ximos an\u0303os. Nos hemos enfocado en el desarrollo de habilidades funcionales y humanas porque sabemos que es esencial crear las condiciones adecuadas para que cada persona alcance su ma\u0301ximo potencial\u201d.<\/p>\n<p>\u2730\u2730\u2730\u2730\u2730 \u00bfEst\u00e1s pensando viajar a Nueva York? No dejes de visitar\u00a0<em>Governors Island\u00a0<\/em>por tan solo 2.75 USD puedes tomar el <em>NYC Ferry<\/em> hacia este lugar.\u00a0La isla fue base militar e instalaciones de la Guardia Costera por m\u00e1s de 200 a\u00f1os. Ahora es un hermoso parque con un \u00e1rea de hamacas, tobog\u00e1n de 17 metros, puedes rentar bicicletas, visitar sitios hist\u00f3ricos, instalaciones de arte, disfrutar de eventos y presentaciones y vistas inigualables del <em>New\u00a0York\u00a0Harbor<\/em> y <em>Lower Manhattan.<\/em><\/p>\n<p>Adem\u00e1s, hay un Spa, <em>QC NY<\/em><strong>,<\/strong>\u00a0para que te relajes es completamente inmersivo procedente de Italia, cuenta con saunas, diferentes tratamientos y masajes, \u00e1reas para relajarte, jardines y m\u00e1s, dise\u00f1ado para el bienestar del cuerpo y el alma.<\/p>\n<p>Prefieres visitar Little Island, es el parque p\u00fablico m\u00e1s nuevo de la ciudad ubicado cerca del <em>Meatpacking District.<\/em> Aqu\u00ed encontrar\u00e1s espacios tranquilos para caminar y explorar, tambi\u00e9n hay espacios para eventos y presentaciones culturales en vivo y lo mejor, \u00a1no te puedes perder las incre\u00edbles vistas!<\/p>\n<p>El pr\u00f3ximo 2 de agosto abrir\u00e1 Aman New York<strong>\u00a0<\/strong>es\u00a0 el nuevo hotel en Manhattan en la esquina de 57th Street y Fifth Avenue. Cuenta con 83 suites y 22 residencias. Los restaurantes que podr\u00e1s encontrar son Arva, de codina italiana, y Nama, interpretaci\u00f3n de la tradici\u00f3n culinaria japonesa\u00a0<em>washoku.\u00a0<\/em>Tambi\u00e9n podr\u00e1s disfrutar del <em>Jazz Club<\/em> con presentaciones en vivo. Si buscas momento relajante dentro de la gran ciudad, dir\u00edgete al Aman Spa que cuenta con tres pisos de experiencias rejuvenecedoras, incluyendo piscina techada de aproximadamente 20 metros, dos spas y una terraza al exterior.<\/p>\n<p>Las 83 suites del hotel se encuentran entre las m\u00e1s grandes de Nueva York y est\u00e1n inspiradas en la arquitectura de las propiedades de Aman, Sureste de Asia. Descon\u00e9ctate del mundo exterior al hospedarte aqu\u00ed, descubre todo lo que el hotel ofrece ingresando a su sitio web.\u00a0A partir del 25 de julio podr\u00e1n reservar.<\/p>\n<p>&nbsp;<\/p>\n<blockquote>\n<p style=\"text-align: right;\">\u201c<strong>El<\/strong> <strong>\u00e1ngel de la fama tiene sus alas hechas de papel&#8230; peri\u00f3dico\u201d.<br \/>\n<\/strong><\/p>\n<\/blockquote>\n<p>&nbsp;<\/p>\n<p><em><span class=\"Apple-converted-space\"><a href=\"mailto:victoriagprado@gmail.com\" target=\"_blank\" rel=\"noopener noreferrer\">victoriagprado@gmail.com<\/a><br \/>\nTwitter: <a href=\"https:\/\/twitter.com\/victoriagprado\" target=\"_blank\" rel=\"noopener noreferrer\">@victoriagprado<\/a><\/span><\/em><\/p>\n","protected":false},"excerpt":{"rendered":"<p>Con la intenci\u00f3n de ampliar estrategias en empresas, pa\u00edses y destinos que quieran trabajar el segmento LGBTQ+ que representa 18 por ciento del mercado tur\u00edstico global, la agencia de comunicaci\u00f3n y marketing <em>Alchemia Communications Group<\/em>, que dirige <strong>Lourdes Berho<\/strong> y la firma consultora internacional <em>Queer Destinations<\/em>, encabezada por <strong>Oriol Pamies<\/strong>, se unen para potenciar el turismo LGBTQ+ en M\u00e9xico.<\/p>\n","protected":false},"author":3,"featured_media":552725,"comment_status":"open","ping_status":"open","sticky":false,"template":"","format":"standard","meta":{"_monsterinsights_skip_tracking":false,"_monsterinsights_sitenote_active":false,"_monsterinsights_sitenote_note":"","_monsterinsights_sitenote_category":0,"footnotes":""},"categories":[11],"tags":[107,43674,43681,106],"class_list":["post-552724","post","type-post","status-publish","format-standard","has-post-thumbnail","hentry","category-turismo","tag-de-cinco-estrellas","tag-opinion","tag-turismo","tag-victoria-gonzalez-prado"],"_links":{"self":[{"href":"https:\/\/www.diarioimagen.net\/index.php?rest_route=\/wp\/v2\/posts\/552724","targetHints":{"allow":["GET"]}}],"collection":[{"href":"https:\/\/www.diarioimagen.net\/index.php?rest_route=\/wp\/v2\/posts"}],"about":[{"href":"https:\/\/www.diarioimagen.net\/index.php?rest_route=\/wp\/v2\/types\/post"}],"author":[{"embeddable":true,"href":"https:\/\/www.diarioimagen.net\/index.php?rest_route=\/wp\/v2\/users\/3"}],"replies":[{"embeddable":true,"href":"https:\/\/www.diarioimagen.net\/index.php?rest_route=%2Fwp%2Fv2%2Fcomments&post=552724"}],"version-history":[{"count":0,"href":"https:\/\/www.diarioimagen.net\/index.php?rest_route=\/wp\/v2\/posts\/552724\/revisions"}],"wp:featuredmedia":[{"embeddable":true,"href":"https:\/\/www.diarioimagen.net\/index.php?rest_route=\/wp\/v2\/media\/552725"}],"wp:attachment":[{"href":"https:\/\/www.diarioimagen.net\/index.php?rest_route=%2Fwp%2Fv2%2Fmedia&parent=552724"}],"wp:term":[{"taxonomy":"category","embeddable":true,"href":"https:\/\/www.diarioimagen.net\/index.php?rest_route=%2Fwp%2Fv2%2Fcategories&post=552724"},{"taxonomy":"post_tag","embeddable":true,"href":"https:\/\/www.diarioimagen.net\/index.php?rest_route=%2Fwp%2Fv2%2Ftags&post=552724"}],"curies":[{"name":"wp","href":"https:\/\/api.w.org\/{rel}","templated":true}]}}