{"id":552801,"date":"2022-07-08T00:04:45","date_gmt":"2022-07-08T05:04:45","guid":{"rendered":"https:\/\/www.diarioimagen.net\/?p=552801"},"modified":"2022-07-08T04:59:44","modified_gmt":"2022-07-08T09:59:44","slug":"audios-abuso-en-tecnologias","status":"publish","type":"post","link":"https:\/\/www.diarioimagen.net\/?p=552801","title":{"rendered":"Audios, abuso en tecnolog\u00edas"},"content":{"rendered":"<h2>Desde el portal<\/h2>\n<h5>\u00c1ngel Soriano<\/h5>\n<p>&nbsp;<\/p>\n<p>Es lamentable que los adelantos tecnol\u00f3gicos en materia de comunicaci\u00f3n est\u00e9n convertidos en instrumento de persecuci\u00f3n pol\u00edtica en actores sin escr\u00fapulos con tal de denostar al enemigo, sin ning\u00fan miramiento como corresponde a la falta de \u00e9tica y responsabilidad social, dando con ello un lamentable espect\u00e1culo.<\/p>\n<p>Porque resulta incre\u00edble que destacados dirigentes sociales acuerden instrumentar una nueva ley con prop\u00f3sitos de obtener beneficios de empresarios por dem\u00e1s acaudalados, como si estos fueran inocentes o no contaran con los recursos y conocimientos suficientes para determinar qui\u00e9n decide en este pa\u00eds.<\/p>\n<p>Porque ni el Congreso de la Uni\u00f3n en su conjunto, como un poder que aparentemente es contrapeso en la divisi\u00f3n de poderes, puede comprometerse a sacar o no adelante una Ley. Menos un par de pol\u00edticos cuyo peso espec\u00edfico resultar\u00eda insuficiente para la promulgaci\u00f3n de una Ley.<\/p>\n<p>Por eso es importante establecer la validez de los supuestos audios \u2014porque tambi\u00e9n es incre\u00edble que un pol\u00edtico permita la documentaci\u00f3n de sus actividades turbias\u2014 para establecer responsabilidades y dejar de utilizar los videos falsos como pruebas. Ahora si existen responsabilidades, son las autoridades correspondientes las que deben actuar.<\/p>\n<p style=\"text-align: center;\"><strong>Turbulencias<br \/>\n\u201cAlito\u201d regresa a M\u00e9xico<\/strong><\/p>\n<p>Aun cuando previamente se hab\u00eda anunciado que el dirigente del PRI, Alejandro Moreno, ir\u00eda a un encuentro con la Internacional Socialista con dirigentes de otros partidos de la regi\u00f3n, el h\u00e1bil campechano lo present\u00f3 como una gira internacional hacia organismos internacionales para denunciar la persecuci\u00f3n pol\u00edtica que es objeto. Algunos cayeron en el anzuelo y aseguraron que se iba de M\u00e9xico, ahora responde que regresar\u00e1 para hacer frente a la campa\u00f1a de denuestos emprendida por la gobernadora Layda Sansores\u2026 El ex gobernador Alejandro Murat consider\u00f3 como una perversidad y un af\u00e1n de ofenderlo y difamarlo al ser involucrado en un audio fabricado con ese prop\u00f3sito. Record\u00f3 que desde hace 16 a\u00f1os dej\u00f3 su \u00faltimo encargo como legislador y nada tiene que ver con la supuesta ley minera\u2026 En Oaxaca, el alcalde Francisco Mart\u00ednez Neri y el rector de la UABJO, Cristian Carre\u00f1o, declararon pr\u00e1cticamente en quiebra sus respectivas instituciones. El municipio oaxaque\u00f1o tiene adeudos por 400 millones de pesos y la Universidad por 350 millones, los cuales habr\u00e1n que pagarse si es que se desea que contin\u00faan en sus actividades\u2026 El INE, por su parte, ha declarado que establecer\u00e1 sanciones contra quienes sigan promovi\u00e9ndose para cargos de elecci\u00f3n popular, cuando no se han dado los tiempos necesarios\u2026 El presidente L\u00f3pez Obrador considera que la Estatua de la Libertad en Nueva York no cumple sus prop\u00f3sitos si es que en el interior de la Uni\u00f3n Americana no acogen a las personas perseguidas por sus ideas, por lo cual ser\u00e1 preciso desmantelarla si es que no se cumple ese objetivo. Desde luego que es una aspiraci\u00f3n ut\u00f3pica puesto que las estatuas como otro tipo de adornos son eso, adornos urbanos sin que se cumpla estrictamente los ideales que los inspiraron\u2026 Y habr\u00e1 que ver c\u00f3mo reciben y qu\u00e9 logros se obtienen ahora con su visita a la Casa Blancas y su entrevista con Joe Biden, en momentos en que arrecia la crisis financiera y econ\u00f3mica como consecuencia de la guerra Rusia-Ucrania y la distorsi\u00f3n en las cadenas de suministro que han encarecido todos los productos, en especial los de primera necesidad con graves da\u00f1os a la econom\u00eda popular. Sus constantes visitas a Palacio Nacional han afectado la trayectoria diplom\u00e1tica del embajador Ken Salazar, que sufre ya las consecuencias de su excesivo trato amable con el poder en M\u00e9xico.<\/p>\n<p><u><a href=\"mailto:asorianocarrasco@yahoo.com\" target=\"_blank\" rel=\"noopener noreferrer\"><em>asorianocarrasco@yahoo.com<\/em><\/a><br \/>\n<em><a href=\"https:\/\/revistabrecha.com\" target=\"_blank\" rel=\"noopener noreferrer\">www.revistabrecha.com<\/a><br \/>\n<\/em><\/u><em>facebook oficial <a href=\"https:\/\/es-la.facebook.com\/RevistaBrecha.Oficial\" target=\"_blank\" rel=\"noopener\">@BrechaRevista<\/a><\/em><\/p>\n","protected":false},"excerpt":{"rendered":"<p><span style=\"color: #005497;\"><strong>\u00c1ngel Soriano<\/strong><\/span><\/p>\n","protected":false},"author":3,"featured_media":0,"comment_status":"open","ping_status":"open","sticky":false,"template":"","format":"standard","meta":{"_monsterinsights_skip_tracking":false,"_monsterinsights_sitenote_active":false,"_monsterinsights_sitenote_note":"","_monsterinsights_sitenote_category":0,"footnotes":""},"categories":[135],"tags":[85,86,43674],"class_list":["post-552801","post","type-post","status-publish","format-standard","hentry","category-angel-soriano-opinion","tag-angel-soriano","tag-desde-el-portal","tag-opinion"],"_links":{"self":[{"href":"https:\/\/www.diarioimagen.net\/index.php?rest_route=\/wp\/v2\/posts\/552801","targetHints":{"allow":["GET"]}}],"collection":[{"href":"https:\/\/www.diarioimagen.net\/index.php?rest_route=\/wp\/v2\/posts"}],"about":[{"href":"https:\/\/www.diarioimagen.net\/index.php?rest_route=\/wp\/v2\/types\/post"}],"author":[{"embeddable":true,"href":"https:\/\/www.diarioimagen.net\/index.php?rest_route=\/wp\/v2\/users\/3"}],"replies":[{"embeddable":true,"href":"https:\/\/www.diarioimagen.net\/index.php?rest_route=%2Fwp%2Fv2%2Fcomments&post=552801"}],"version-history":[{"count":0,"href":"https:\/\/www.diarioimagen.net\/index.php?rest_route=\/wp\/v2\/posts\/552801\/revisions"}],"wp:attachment":[{"href":"https:\/\/www.diarioimagen.net\/index.php?rest_route=%2Fwp%2Fv2%2Fmedia&parent=552801"}],"wp:term":[{"taxonomy":"category","embeddable":true,"href":"https:\/\/www.diarioimagen.net\/index.php?rest_route=%2Fwp%2Fv2%2Fcategories&post=552801"},{"taxonomy":"post_tag","embeddable":true,"href":"https:\/\/www.diarioimagen.net\/index.php?rest_route=%2Fwp%2Fv2%2Ftags&post=552801"}],"curies":[{"name":"wp","href":"https:\/\/api.w.org\/{rel}","templated":true}]}}