{"id":552810,"date":"2022-07-08T00:03:03","date_gmt":"2022-07-08T05:03:03","guid":{"rendered":"https:\/\/www.diarioimagen.net\/?p=552810"},"modified":"2022-07-08T05:06:32","modified_gmt":"2022-07-08T10:06:32","slug":"edomex-2023-montiel-contra-pena-del-mazo","status":"publish","type":"post","link":"https:\/\/www.diarioimagen.net\/?p=552810","title":{"rendered":"Edomex 2023, Montiel contra Pe\u00f1a-Del Mazo"},"content":{"rendered":"<h2>Espacio Electoral<\/h2>\n<h5>Eleazar Flores<\/h5>\n<p>&nbsp;<\/p>\n<p><strong>OPOSICI\u00d3N, FIRME-.<\/strong> Tanto Morena y aliados como Va por M\u00e9xico y aliados recurrir\u00e1n al sistema de consulta para escoger de entre sus muchos aspirantes a la gubernatura mexiquense, integradas ahora por duplas, tripletas o quintetas, para seleccionar oficialmente a sus candidatos.<\/p>\n<p>En Morena ya hay una decisi\u00f3n sin reversa, excluir al texcocano Alejandro Encinas y supervivir con otros dos paisanos, Higinio Mart\u00ednez y Delfina G\u00f3mez, as\u00ed como Horacio Duarte. El inter\u00e9s del alcalde de Ecatepec, Indalecio R\u00edos, que hasta pidi\u00f3 licencia al cargo, parece aut\u00e9ntico chiste.<\/p>\n<p>LA OPOSICI\u00d3N tambi\u00e9n enfrenta problemas internos de aparente f\u00e1cil soluci\u00f3n si se limita a parar las aspiraciones realmente pocas del prospecto panista Enrique Vargas del Villar, a quien le han hecho ver la diferente estatura ante dos mujeres y dos hombres priistas, uno de ellos incluso paisano suyo, Carlos Iriarte Mercado, ex alcalde de Huixquilucan, ex diputado federal y local, igual que el propio Vargas. Actualmente con cargo en el desprestigiado CEN tricolor de \u201cAlito\u201d.<\/p>\n<p><strong>PRI-.<\/strong> En pocas palabras, en el seno cupular del PRI hay marcado divisionismo por dos aspirantes a la gubernatura, la de Ana Lilia Herrera Anzaldo, apoyada por un solo gobernador originario de Atlacomulco y cuyas iniciales son Arturo Montiel Rojas.<\/p>\n<p>En la otra esquina la izcallense Alejandra del Moral, quien si bien inici\u00f3 su carrera al fuerte amparo de Enrique Pe\u00f1a Nieto, sigui\u00f3 creciendo muy a la par de Alfredo Del Mazo Maza con cargos similares: presidencia municipal, diputaci\u00f3n local, federal e incluso hasta la presidencia del Comit\u00e9 Directivo Estatal tricolor\u2026 ya en dos ocasiones.<\/p>\n<p>Ah\u00ed no pararon las cosas, hasta en dos ocasiones ha ocupado carteras a nivel de Secretaria del gabinete legal, como la actual del Desarrollo Social y por ende, manejadora entre muchas otras \u00e1reas, del programa estrella del gobernador Del Mazo Maza, el blanco de ataque preferido de la oposici\u00f3n denominado Salario Rosa.<\/p>\n<p>Si bien su origen pudo ser distinto, actualmente Del Moral es gente ciento por ciento Del Mazo, m\u00e1xime que figuras con ligas atlacomulquenses no aparecen ahora por ning\u00fan lado.<\/p>\n<p>El colof\u00f3n tricolor ser\u00e1 ver si en el ejercicio interno gana Montiel con su \u201cdelfina\u201d o el dueto Pe\u00f1a-Del Mazo, con la suya.<\/p>\n<p>Dentro de otros posibles aparece Ricardo Aguilar Castillo, con hoja de servicios desde presidente municipal de Jilotepec hasta su importante cargo en el Comit\u00e9 Ejecutivo Nacional del partidazo.<\/p>\n<p>Cualquier otra figura que pudiera manejar el tricolor, sobre todo trat\u00e1ndose de una mujer, ser\u00eda s\u00f3lo para rellenar.<\/p>\n<p>Muchos tambi\u00e9n consideran al actual presidente del PRI, Eric Sevilla, quien en sus giras de reestructuraci\u00f3n y visitas a los comit\u00e9s municipales, lo consideran \u201cllegador\u201d, con un lenguaje \u201cmontielista\u201d, en su tiempo.<\/p>\n<p><em><a href=\"mailto:elefa44@gmail.com\" target=\"_blank\" rel=\"noopener noreferrer\">elefa44@gmail.com<\/a><\/em><\/p>\n","protected":false},"excerpt":{"rendered":"<p><span style=\"color: #005497;\"><strong>Eleazar Flores<\/strong><\/span><\/p>\n","protected":false},"author":3,"featured_media":0,"comment_status":"open","ping_status":"open","sticky":false,"template":"","format":"standard","meta":{"_monsterinsights_skip_tracking":false,"_monsterinsights_sitenote_active":false,"_monsterinsights_sitenote_note":"","_monsterinsights_sitenote_category":0,"footnotes":""},"categories":[81743],"tags":[81744,81776,43674],"class_list":["post-552810","post","type-post","status-publish","format-standard","hentry","category-eleazar-flores","tag-eleazar-flores","tag-espacio-electoral","tag-opinion"],"_links":{"self":[{"href":"https:\/\/www.diarioimagen.net\/index.php?rest_route=\/wp\/v2\/posts\/552810","targetHints":{"allow":["GET"]}}],"collection":[{"href":"https:\/\/www.diarioimagen.net\/index.php?rest_route=\/wp\/v2\/posts"}],"about":[{"href":"https:\/\/www.diarioimagen.net\/index.php?rest_route=\/wp\/v2\/types\/post"}],"author":[{"embeddable":true,"href":"https:\/\/www.diarioimagen.net\/index.php?rest_route=\/wp\/v2\/users\/3"}],"replies":[{"embeddable":true,"href":"https:\/\/www.diarioimagen.net\/index.php?rest_route=%2Fwp%2Fv2%2Fcomments&post=552810"}],"version-history":[{"count":0,"href":"https:\/\/www.diarioimagen.net\/index.php?rest_route=\/wp\/v2\/posts\/552810\/revisions"}],"wp:attachment":[{"href":"https:\/\/www.diarioimagen.net\/index.php?rest_route=%2Fwp%2Fv2%2Fmedia&parent=552810"}],"wp:term":[{"taxonomy":"category","embeddable":true,"href":"https:\/\/www.diarioimagen.net\/index.php?rest_route=%2Fwp%2Fv2%2Fcategories&post=552810"},{"taxonomy":"post_tag","embeddable":true,"href":"https:\/\/www.diarioimagen.net\/index.php?rest_route=%2Fwp%2Fv2%2Ftags&post=552810"}],"curies":[{"name":"wp","href":"https:\/\/api.w.org\/{rel}","templated":true}]}}