{"id":552833,"date":"2022-07-11T00:05:30","date_gmt":"2022-07-11T05:05:30","guid":{"rendered":"https:\/\/www.diarioimagen.net\/?p=552833"},"modified":"2022-07-12T00:57:53","modified_gmt":"2022-07-12T05:57:53","slug":"entrego-alfredo-del-mazo-maza-becas-e-infraestructura-en-beneficio-de-comunidad-de-la-autonoma-mexiquense","status":"publish","type":"post","link":"https:\/\/www.diarioimagen.net\/?p=552833","title":{"rendered":"Entreg\u00f3 Alfredo Del Mazo Maza becas e infraestructura en beneficio de comunidad de la Aut\u00f3noma mexiquense"},"content":{"rendered":"<p><em>\u00a0<\/em><\/p>\n<ul>\n<li><em><strong>Entre las obras est\u00e1 la rehabilitaci\u00f3n total del Edificio de Servicios al Estudiante, ubicado en Ciudad Universitaria y el nuevo Edificio para Posgrado de la Facultad de Geograf\u00eda<\/strong><\/em><\/li>\n<\/ul>\n<p>&nbsp;<\/p>\n<div id=\"attachment_552948\" style=\"width: 470px\" class=\"wp-caption aligncenter\"><img loading=\"lazy\" decoding=\"async\" aria-describedby=\"caption-attachment-552948\" class=\"size-full wp-image-552948\" src=\"https:\/\/www.diarioimagen.net\/wp-content\/uploads\/2022\/07\/uaem2-2.jpg\" alt=\"\" width=\"460\" height=\"270\" \/><p id=\"caption-attachment-552948\" class=\"wp-caption-text\">El gobernador Alfredo Del Mazo Maza y el rector de la UAEM\u00e9x, Carlos Eduardo Barrera D\u00edaz, encabezaron la entrega de infraestructura y la Beca EDOM\u00c9X Internacional 2022, en beneficio de la comunidad de esta casa de estudios.<\/p><\/div>\n<p>&nbsp;<\/p>\n<p><strong>Toluca, Estado de M\u00e9xico.\u2014<\/strong> Durante la gesti\u00f3n del rector Carlos Eduardo Barrera D\u00edaz, la Universidad Aut\u00f3noma del Estado de M\u00e9xico (UAEM\u00e9x) consolida su prestigio y posici\u00f3n como la segunda mejor universidad p\u00fablica estatal del pa\u00eds, destac\u00f3 el gobernador Alfredo Del Mazo Maza, al entregar infraestructura y la Beca EDOM\u00c9X Internacional 2022 en Ciudad Universitaria de esta casa de estudios.<\/p>\n<p>Luego de realizar un recorrido por la rehabilitaci\u00f3n del Edificio de Servicios al Estudiante ubicado en Ciudad Universitaria, as\u00ed como el nuevo Edificio de Posgrado de la Facultad de Geograf\u00eda \u201cDr. en G. Delfino Madrigal Uribe\u201d, el gobernador del Estado de M\u00e9xico destac\u00f3 que pese a la pandemia por la COVID-19, la UAEM\u00e9x logr\u00f3 incrementar su matr\u00edcula estudiantil y consolidar el mejoramiento y cuidado ambiental como uno de sus ejes rectores.<\/p>\n<p>Durante este evento, el gobernador entreg\u00f3 de la Beca EDOM\u00c9X Internacional 2022 a 23 beneficiarios de la entidad, de los cuales, seis son egresados de la UAEM\u00e9x y podr\u00e1n cursar un posgrado con matr\u00edcula pagada y apoyo para manutenci\u00f3n durante un a\u00f1o en prestigiosas universidades del extranjero.<\/p>\n<p>Al respecto, Carlos Eduardo Barrera D\u00edaz agradeci\u00f3 a Del Mazo Maza el apoyo que el gobierno mexiquense brinda a la comunidad universitaria, a trav\u00e9s de diferentes programas como la Beca EDOM\u00c9X Internacional 2022, las C\u00e1tedras CONACyT, la Convocatoria de Financiamiento a Investigadoras y Cient\u00edficas, as\u00ed como las Estancias de Investigaci\u00f3n.<\/p>\n<p>\u201cCon estas acciones se est\u00e1n formando mejores universitarias y universitarios con un gran compromiso social\u201d, expres\u00f3.<\/p>\n<p>Barrera D\u00edaz refiri\u00f3 que como parte de la formaci\u00f3n que tiene la comunidad de esta casa de estudios tambi\u00e9n se impulsa el compromiso del cuidado al medio ambiente, a trav\u00e9s de acciones con resultados palpables como la sustituci\u00f3n de 180 mingitorios tradicionales por secos, lo que permitir\u00e1 un ahorro de 18 millones de litros de agua; el funcionamiento de un sistema de captaci\u00f3n de agua pluvial para el ahorro del vital l\u00edquido; as\u00ed como el acopio de 31 toneladas de PET y taparroscas, cuyo intercambio con una empresa recicladora permiti\u00f3 obtener 42 paneles solares que est\u00e1n instalados en diversos espacios de la instituci\u00f3n para el ahorro de energ\u00eda.<\/p>\n<p>En tanto, el secretario de Finanzas estatal, Rodrigo Jarque Lira, indic\u00f3 que para el avance del Estado de M\u00e9xico es necesaria la formaci\u00f3n de especialistas en ingenier\u00eda, matem\u00e1ticas, f\u00edsica, qu\u00edmica, biolog\u00eda, ciencias m\u00e9dicas y salud, biotecnolog\u00eda y ciencias agroindustriales, por lo que la Beca EDOM\u00c9X Internacional 2022 est\u00e1 orientada a \u00e1reas estrat\u00e9gicas que fomentan el desarrollo cient\u00edfico y tecnol\u00f3gico.<\/p>\n<p>La egresada de la UAEM\u00e9x, Mariana Ram\u00edrez Figueroa, beneficiaria de dicha beca, agradeci\u00f3 el apoyo que tiene ella y 22 estudiantes m\u00e1s para realizar un posgrado en el extranjero, con el objetivo de tener herramientas que contribuyan\u00a0 al desarrollo cient\u00edfico de la entidad y, en consecuencia, del pa\u00eds.<\/p>\n<p>Al acto tambi\u00e9n acudieron el secretario de Educaci\u00f3n, Gerardo Monroy Serrano; el director general del Consejo Mexiquense de Ciencia y Tecnolog\u00eda (COMECyT), Bernardo Almaraz Calder\u00f3n, as\u00ed como diputados locales y federales, integrantes del gabinete universitario y comunidad estudiantil beneficiada.<\/p>\n","protected":false},"excerpt":{"rendered":"<p>Durante la gesti\u00f3n del rector Carlos Eduardo Barrera D\u00edaz, la Universidad Aut\u00f3noma del Estado de M\u00e9xico (UAEM\u00e9x) consolida su prestigio y posici\u00f3n como la segunda mejor universidad p\u00fablica estatal del pa\u00eds, destac\u00f3 el gobernador Alfredo Del Mazo Maza, al entregar infraestructura y la Beca EDOM\u00c9X Internacional 2022 en Ciudad Universitaria de esta casa de estudios.\u00a0<\/p>\n","protected":false},"author":3,"featured_media":552948,"comment_status":"open","ping_status":"open","sticky":false,"template":"","format":"standard","meta":{"_monsterinsights_skip_tracking":false,"_monsterinsights_sitenote_active":false,"_monsterinsights_sitenote_note":"","_monsterinsights_sitenote_category":0,"footnotes":""},"categories":[5],"tags":[2505,92667,95934,67878],"class_list":["post-552833","post","type-post","status-publish","format-standard","has-post-thumbnail","hentry","category-estado-de-mexico","tag-alfredo-del-mazo-maza","tag-carlos-eduardo-barrera-diaz","tag-encabezan","tag-uaemex"],"_links":{"self":[{"href":"https:\/\/www.diarioimagen.net\/index.php?rest_route=\/wp\/v2\/posts\/552833","targetHints":{"allow":["GET"]}}],"collection":[{"href":"https:\/\/www.diarioimagen.net\/index.php?rest_route=\/wp\/v2\/posts"}],"about":[{"href":"https:\/\/www.diarioimagen.net\/index.php?rest_route=\/wp\/v2\/types\/post"}],"author":[{"embeddable":true,"href":"https:\/\/www.diarioimagen.net\/index.php?rest_route=\/wp\/v2\/users\/3"}],"replies":[{"embeddable":true,"href":"https:\/\/www.diarioimagen.net\/index.php?rest_route=%2Fwp%2Fv2%2Fcomments&post=552833"}],"version-history":[{"count":0,"href":"https:\/\/www.diarioimagen.net\/index.php?rest_route=\/wp\/v2\/posts\/552833\/revisions"}],"wp:featuredmedia":[{"embeddable":true,"href":"https:\/\/www.diarioimagen.net\/index.php?rest_route=\/wp\/v2\/media\/552948"}],"wp:attachment":[{"href":"https:\/\/www.diarioimagen.net\/index.php?rest_route=%2Fwp%2Fv2%2Fmedia&parent=552833"}],"wp:term":[{"taxonomy":"category","embeddable":true,"href":"https:\/\/www.diarioimagen.net\/index.php?rest_route=%2Fwp%2Fv2%2Fcategories&post=552833"},{"taxonomy":"post_tag","embeddable":true,"href":"https:\/\/www.diarioimagen.net\/index.php?rest_route=%2Fwp%2Fv2%2Ftags&post=552833"}],"curies":[{"name":"wp","href":"https:\/\/api.w.org\/{rel}","templated":true}]}}