{"id":552908,"date":"2022-07-11T00:08:24","date_gmt":"2022-07-11T05:08:24","guid":{"rendered":"https:\/\/www.diarioimagen.net\/?p=552908"},"modified":"2022-07-11T06:26:18","modified_gmt":"2022-07-11T11:26:18","slug":"murio-el-ex-presidente-lea","status":"publish","type":"post","link":"https:\/\/www.diarioimagen.net\/?p=552908","title":{"rendered":"Muri\u00f3 el ex presidente LEA"},"content":{"rendered":"<h2>Punto por punto<\/h2>\n<h5>Augusto Corro<\/h5>\n<p>&nbsp;<\/p>\n<p>Falleci\u00f3 el ex presidente Luis Echeverr\u00eda \u00c1lvarez (LEA) a los cien a\u00f1os de edad. El deceso se registr\u00f3 la noche del viernes, en Cuernavaca, Morelos. Con la muerte del ex mandatario, qued\u00f3 sin castigo una serie de delitos que lo convirtieron en el peor represor y genocida en el gobierno de M\u00e9xico.<\/p>\n<p>Ah\u00ed est\u00e1n, por ejemplo, la matanza de estudiantes el 2 de octubre de 1968 y la masacre del <em>halconazo<\/em>, el 10 de junio de 1971, tambi\u00e9n llamada de Corpus Christi, y de las desapariciones forzadas y asesinatos en la llamada \u201cguerra sucia\u201d, etc\u00e9tera.<\/p>\n<p>En la masacre de Tlatelolco, los propios \u201cguaruras\u201d de Echeverr\u00eda \u00c1lvarez se dieron a la tarea de detener a los dirigentes del movimiento estudiantil, en el edificio \u201cChihuahua\u201d de la unidad habitacional Tlatelolco. Fue una represi\u00f3n brutal, incluidos los muertos y desaparecidos.<\/p>\n<p>A la fecha, se desconoce el n\u00famero de personas que perdieron la vida; as\u00ed como la cantidad de hogares que se llenaron de dolor por la p\u00e9rdida de sus seres queridos. Sin embargo, esa tragedia no fue la \u00fanica en la que particip\u00f3 LEA. En la historia est\u00e1n las muertes de los j\u00f3venes, en el llamado <em>halconazo<\/em>.<\/p>\n<p>El ex presidente, de extracci\u00f3n priista, muri\u00f3 de manera \u201cimpune\u201d, pues no se le castig\u00f3 por sus acciones criminales, seg\u00fan declaraciones de sus adversarios, quienes recalcaron que la justicia lo trat\u00f3 muy bien; pues nunca pis\u00f3 la c\u00e1rcel; aunque los parientes de las v\u00edctimas nunca le perdonar\u00e1n sus abusos.<\/p>\n<p>La sociedad mexicana siempre tuvo la certeza de que Echeverr\u00eda \u00c1lvarez fue el responsable de los acontecimientos citados; sin importar la sombra protectora que le tendi\u00f3 el ex presidente Gustavo D\u00edaz Ordaz (GDO) al declarar que todas las decisiones ca\u00edan sobre \u00e9l por ser el presidente; pero nunca reconoci\u00f3 su culpabilidad.<\/p>\n<p>En julio de 2006, se libr\u00f3 orden de aprehensi\u00f3n contra LEA al considerar que se contaba con elementos suficientes para juzgarlo por genocidio. Tambi\u00e9n se le responsabiliz\u00f3 de planear la destrucci\u00f3n del Consejo Nacional de Huelga (CNH). Tres a\u00f1os dur\u00f3 el litigio; mientras tanto, el exmandatario estaba en prisi\u00f3n domiciliaria.<\/p>\n<p>En marzo del 2009, se le otorg\u00f3 la libertad \u201ccon las reservas de la ley, por falta de elementos para procesarlo\u201d. LEA fue un aut\u00e9ntico \u201cfarol de la calle\u201d, debido a que intent\u00f3 liderar a los pa\u00edses del tercer mundo; y dio asilo a izquierdistas latinoamericanos perseguidos por las dictaduras de sus pa\u00edses.<\/p>\n<p>Cabe se\u00f1alar que Echeverr\u00eda Alvarez fue el \u00fanico expresidente mexicano en ser enjuiciado. Sus adversarios lo consideraron fiel representante del priismo, pues practicaba el doble discurso, al mostrar una mano amigable, mientras en la otra tiene el pu\u00f1o cerrado listo para golpear.<\/p>\n<p>A pesar de su conducta delictiva LEA pudo burlar a la justicia; pero no el juicio de la Historia, con may\u00fascula, ya lo calific\u00f3 de genocida; pero como en M\u00e9xico, los pol\u00edticos son intocables era de esperarse que el expresidente nunca ser\u00eda castigado por sus acciones criminales.<\/p>\n<p>Las familias, a las que alcanz\u00f3 el dolor por la p\u00e9rdida de sus hijos, les quedaron los amargos recuerdos de aquel 2 de octubre de 1968, cuando en la Plaza de las Tres Culturas se reprimi\u00f3 a estudiantes por parte del Ej\u00e9rcito y del Batall\u00f3n Olimpia.<\/p>\n<p>Nunca se supo el n\u00famero de personas que perdieron la vida en aquella acci\u00f3n represiva que LEA repiti\u00f3 el 10 de junio de 1971, en la matanza de Corpus Christi. Tampoco se conoci\u00f3 el n\u00famero exacto de v\u00edctimas, en la gran mayor\u00eda j\u00f3venes.<\/p>\n<p>En esa tarde del mencionado d\u00eda, los estudiantes los estudiantes que rechazaban reformas universitarias convocaron a una marcha que iniciar\u00eda en las inmediaciones del Casco de Santo Tom\u00e1s, pero cuando el contingente avanzaba, por la Avenida de los Maestros, el grupo de los \u201chalcones\u201d abri\u00f3 fuego desde las alturas contra los estudiantes.<\/p>\n<p>Con Echeverr\u00eda Alvarez se intensificaron las acciones represivas que jam\u00e1s se castigaron.<\/p>\n<p>\u00bfUsted qu\u00e9 opina amable lector?<\/p>\n<p><a href=\"mailto:aco2742@hotmail.com\" target=\"_blank\" rel=\"noopener noreferrer\"><em>aco2742@hotmail.com<\/em><\/a><\/p>\n","protected":false},"excerpt":{"rendered":"<p><span style=\"color: #005497;\"><strong>Augusto Corro<\/strong><\/span><\/p>\n","protected":false},"author":3,"featured_media":0,"comment_status":"open","ping_status":"open","sticky":false,"template":"","format":"standard","meta":{"_monsterinsights_skip_tracking":false,"_monsterinsights_sitenote_active":false,"_monsterinsights_sitenote_note":"","_monsterinsights_sitenote_category":0,"footnotes":""},"categories":[157],"tags":[43686,43674,11515],"class_list":["post-552908","post","type-post","status-publish","format-standard","hentry","category-augusto-corro","tag-augusto-corro","tag-opinion","tag-punto-por-punto"],"_links":{"self":[{"href":"https:\/\/www.diarioimagen.net\/index.php?rest_route=\/wp\/v2\/posts\/552908","targetHints":{"allow":["GET"]}}],"collection":[{"href":"https:\/\/www.diarioimagen.net\/index.php?rest_route=\/wp\/v2\/posts"}],"about":[{"href":"https:\/\/www.diarioimagen.net\/index.php?rest_route=\/wp\/v2\/types\/post"}],"author":[{"embeddable":true,"href":"https:\/\/www.diarioimagen.net\/index.php?rest_route=\/wp\/v2\/users\/3"}],"replies":[{"embeddable":true,"href":"https:\/\/www.diarioimagen.net\/index.php?rest_route=%2Fwp%2Fv2%2Fcomments&post=552908"}],"version-history":[{"count":0,"href":"https:\/\/www.diarioimagen.net\/index.php?rest_route=\/wp\/v2\/posts\/552908\/revisions"}],"wp:attachment":[{"href":"https:\/\/www.diarioimagen.net\/index.php?rest_route=%2Fwp%2Fv2%2Fmedia&parent=552908"}],"wp:term":[{"taxonomy":"category","embeddable":true,"href":"https:\/\/www.diarioimagen.net\/index.php?rest_route=%2Fwp%2Fv2%2Fcategories&post=552908"},{"taxonomy":"post_tag","embeddable":true,"href":"https:\/\/www.diarioimagen.net\/index.php?rest_route=%2Fwp%2Fv2%2Ftags&post=552908"}],"curies":[{"name":"wp","href":"https:\/\/api.w.org\/{rel}","templated":true}]}}