{"id":552998,"date":"2022-07-11T00:11:27","date_gmt":"2022-07-11T05:11:27","guid":{"rendered":"https:\/\/www.diarioimagen.net\/?p=552998"},"modified":"2022-07-11T07:46:52","modified_gmt":"2022-07-11T12:46:52","slug":"del-arriba-y-adelante-al-abajo-y-hacia-atras","status":"publish","type":"post","link":"https:\/\/www.diarioimagen.net\/?p=552998","title":{"rendered":"Del \u201carriba y adelante\u201d, al abajo y hacia atr\u00e1s"},"content":{"rendered":"<h2>\u00cdndice pol\u00edtico<\/h2>\n<h5>Francisco Rodr\u00edguez<\/h5>\n<p>&nbsp;<\/p>\n<ul>\n<li><strong><em>Ambivalencia echeverrista<\/em><\/strong><\/li>\n<li><strong><em>AMLO perdi\u00f3 la oportunidad<\/em><\/strong><\/li>\n<\/ul>\n<p>&nbsp;<\/p>\n<p>Falleci\u00f3\u00a0<strong>Luis Echeverr\u00eda \u00c1lvarez<\/strong>\u00a0y no puede pasarse por alto su papel como un pol\u00edtico autoritario.<\/p>\n<p>Junto con\u00a0<strong>Gustavo D\u00edaz Ordaz<\/strong>\u00a0reprim\u00edan, al tiempo que tend\u00edan la mano.<\/p>\n<p>Ese gesto del\u00a0<em>gorilato<\/em>\u00a0se hizo emblem\u00e1tico durante el inicio de la masacre de 1968.<\/p>\n<p>Despu\u00e9s de ordenar que se lanzaran granadas a la puerta central de la Prepa\u2014\u2013mi\u00a0<em>Alma Mater<\/em>, por cierto\u2014 en su acceso por las calles de Justo Sierra y causar muertos y heridos, el pat\u00e9tico Presidente D\u00edaz Ordaz, aconsejado por su secretario de Gobernaci\u00f3n, Echeverr\u00eda, sali\u00f3 a escena.<\/p>\n<p>Supuestamente alentado por vocaciones democr\u00e1ticas y desde un acto protocolario celebrado en Guadalajara, D\u00edaz Ordaz dijo que \u00e9l tend\u00eda su mano al movimiento estudiantil, en un pretendido llamado al di\u00e1logo con quienes para ese momento ya eran cientos de dirigentes.<\/p>\n<p>La represi\u00f3n hab\u00eda detonado los resortes de inconformidad de una juventud que no conoc\u00eda la capilaridad pol\u00edtica, ni el respeto al ejercicio de las libertades c\u00edvicas.<\/p>\n<p>Tras todo ello, Echeverr\u00eda \u00c1lvarez jugaba a la sucesi\u00f3n presidencial con la sangre y la libertad de cientos de inocentes.<\/p>\n<p>Los consejos de huelga proliferaron al interior de las facultades de la UNAM y de las escuelas superiores y vocacionales del IPN.<\/p>\n<p>Echeverr\u00eda hab\u00eda querido enfrentar a las dos instituciones, por un conflicto menor acaecido afuera de la Escuela Preparatoria Isaac Ochoterena, en las inmediaciones de la Secretar\u00eda de Gobernaci\u00f3n donde se alojaba ese personaje siniestro.<\/p>\n<p>Y las consecuencias hoy todos las conocemos.<\/p>\n<p>Y las lamentamos, todav\u00eda.<\/p>\n<p style=\"text-align: center;\"><strong>El rencor, una de sus caracter\u00edsticas<\/strong><\/p>\n<p>LEA ten\u00eda en el poder apenas dos semanas.<\/p>\n<p>Con la renuncia en la mano, el secretario de Gobernaci\u00f3n trag\u00f3 saliva. Tendr\u00eda que encararse con el Presidente con una mala nueva que iba a desestabilizar al pa\u00eds, provocar una profunda crisis pol\u00edtica y descomponerle el cuadro de la sucesi\u00f3n, a unos d\u00edas de haber protestado el cargo.<\/p>\n<p>En aquel tiempo no se le pod\u00eda renunciar al todopoderoso Presidente.<\/p>\n<p>Se trataba de un hombre acomplejado y fren\u00e9tico.<\/p>\n<p>Seg\u00fan\u00a0<strong>Gabriel Zaid,\u00a0<\/strong>Luis Echeverr\u00eda \u00c1lvarez\u00a0ten\u00eda el s\u00edndrome de la bicicleta, era \u201chipercin\u00e9tico\u201d, hasta entonces una palabra desconocida.<\/p>\n<p>Era un verbo motor, logorreico.<\/p>\n<p>En las juntas de quince horas con su gabinete no se paraba al ba\u00f1o una sola vez y se quedaba dormido con los ojos abiertos por una t\u00e9cnica de budismo zen aprendida para sorprender a incautos.<\/p>\n<p>Todo en \u00e9l era artificial.<\/p>\n<p>Parec\u00eda que en su loca carrera contra el tiempo, a sus casi 49 a\u00f1os, luchaba desesperadamente contra la imagen de s\u00ed mismo.<\/p>\n<p>Hab\u00eda tenido que aguantar muchas malpasadas, maltratos y rega\u00f1os groseros de\u00a0<strong>Gustavo D\u00edaz Ordaz<\/strong>, apechugados durante doce a\u00f1os para convencerlo de que era un bur\u00f3crata obediente.<\/p>\n<p>Quiz\u00e1 siempre recordaba lo que hab\u00eda escrito\u00a0<strong>Julio C\u00e9sar<\/strong>\u00a0desde Las Galias en una carta: \u201cSoy igual o peor que cualquier ser humano, pero aventaj\u00f3 a todos en obediencia y en la capacidad de eliminar a los dem\u00e1s \u2026\u201d.<\/p>\n<p>Echeverr\u00eda hab\u00eda fingido demasiada lealtad, por demasiado tiempo.<\/p>\n<p>Encararse a Echeverr\u00eda \u00c1lvarez no era algo menor.<\/p>\n<p>Estaba decidido a la explosi\u00f3n neur\u00f3tica en cualquier momento.<\/p>\n<p>Nada pod\u00eda interponerse en su af\u00e1n de dominio absoluto.<\/p>\n<p>Por menos, hab\u00eda decidido borrar del mapa a los contrarios.<\/p>\n<p>El secretario de Gobernaci\u00f3n, trece a\u00f1os m\u00e1s joven que \u00e9l, se decidi\u00f3 a pasar al despacho de lo que fuera la Residencia Alem\u00e1n de Los Pinos y le entreg\u00f3, sin m\u00e1s pre\u00e1mbulos, su renuncia al cargo que le hab\u00eda encomendado 15 d\u00edas antes.<\/p>\n<p><strong>Mario Moya Palencia<\/strong>\u00a0hab\u00eda manejado toda la campa\u00f1a de Echeverr\u00eda.<\/p>\n<p>Desde que lo design\u00f3 Subsecretario A de la dependencia, el 1 de agosto de 1969, se hab\u00eda rodeado de hombres inteligentes para apuntalarlo como digno candidato a la mano de\u00a0<em>Do\u00f1a Leonor<\/em>.<\/p>\n<p>Moya cambi\u00f3 el rostro de la Secretar\u00eda. Si antes se distingu\u00eda por ser el templo de la intriga, la tortura y la ambici\u00f3n, convirti\u00f3 al Palacete de los Covi\u00e1n en una catedral pol\u00edtica de las ideas frescas, de una clase nueva de dirigentes prestigiados.<\/p>\n<p style=\"text-align: center;\"><strong>Actu\u00f3 como due\u00f1o del perro y del mecate<\/strong><\/p>\n<p>La campa\u00f1a de Echeverr\u00eda fue dise\u00f1ada y operada con una cierta retrospectiva. Deb\u00eda significar, desde los discursos y las agendas, el arribo de una nueva generaci\u00f3n, inspirada por el cambio. De la camada de los que estaban inconformes con los dinosaurios de la matanza de Tlatelolco.<\/p>\n<p>Moya Palencia era el hombre indicado para transmitirle ese mensaje a la poblaci\u00f3n. La gente le cre\u00eda. La clase media \u2014hoy en extinci\u00f3n\u2014 se le hab\u00eda entregado. Era el \u00fanico en el gabinete que despertaba simpat\u00edas y esperanzas.<\/p>\n<p>\u2014Pero \u00bfc\u00f3mo, muchacho?, si\u00e9ntese, respire hondo. \u00bfA qu\u00e9 se debe todo esto? \u00bfLo he tratado mal sin darme cuenta? \u00bfAcaso no lo he apoyado en todo lo que me ha propuesto? Le he encargado la cartera m\u00e1s dif\u00edcil de mi gobierno y estoy satisfecho con lo que ha demostrado\u2026<\/p>\n<p>\u201c&#8230; igual por su desempe\u00f1o cauteloso como virtual jefe de mi campa\u00f1a presidencial\u2026 usted sabe que los muchachos aldeanos que tra\u00eda en el autob\u00fas eran de \u201ca mentiritas\u201d, las negociaciones y el manejo electoral siempre lo tuvo usted\u2026\u201d.<\/p>\n<p>Al explicarle las razones, el secretario de Gobernaci\u00f3n no tuvo m\u00e1s remedio que decirle que su esposa y peque\u00f1os hijos necesitaban tiempo y dedicaci\u00f3n. A lo que el investido reaccion\u00f3 jur\u00e1ndole su amistad y comprensi\u00f3n, pregunt\u00e1ndole si la renuncia la hab\u00eda comentado con sus colaboradores.<\/p>\n<p>All\u00ed clav\u00f3 \u201cla pica en Flandes\u201d\u2026<\/p>\n<p>\u201cHizo bien \u2013\u2014dijo con voz grave LEA\u2014, lo hubieran tomado como un acto de deslealtad y de ingratitud\u2026 la gente anda entusiasmada, lo ven como un prospecto muy serio \u2018para despu\u00e9s\u2019\u2026 debe usted pensarlo\u2026 ll\u00e9vese a su familia el tiempo que quiera y cuando lo decida, aqu\u00ed est\u00e1 su amigo\u2026\u201d.<\/p>\n<p>El secretario no tuvo otra que aceptar la orden presidencial \u2014aquellos eran seres de una reverencia institucional de antolog\u00eda\u2014, pero cuando abandon\u00f3 la residencia oficial, Echeverr\u00eda hizo el coraje del inicio de su administraci\u00f3n.<\/p>\n<p>Se desbord\u00f3 su intolerancia.<\/p>\n<p>Se desat\u00f3 su despecho.<\/p>\n<p>Puso bajo lupa al renunciante y a su familia.<\/p>\n<p>Nunca le perdonar\u00eda haber osado enfrentarlo de ese modo.<\/p>\n<p>Todo su aparato de \u201cinteligencia\u201d para buscar los afanes, descubrir los talentos, envidiar su armon\u00eda familiar\u2026 entonces, el Presidente era el due\u00f1o del perro y del mecate.<\/p>\n<p style=\"text-align: center;\"><strong>Moya Palencia, inteligencia y simpat\u00eda<\/strong><\/p>\n<p>La verdad era que el ministro era un hombre m\u00e1s brillante que el Presidente. Su desempe\u00f1o, con el hombre y sus gobernadores en contra, fue de excepci\u00f3n. Cada vez que aparec\u00eda en p\u00fablico era recibido con aprecio, con aplausos constantes a su inteligencia. Todo mundo quer\u00eda saludarlo. Lo conoc\u00edan hasta los perros. En la calle, aunque fuera de lejos, taxistas, materialistas, viejitas con bolsa de mano, guapas transe\u00fantes, j\u00f3venes desmadrosos\u2026 todos quer\u00edan expresarle hasta su admiraci\u00f3n.<\/p>\n<p>Generaba una fiebre espont\u00e1nea, un j\u00fabilo popular. Ten\u00eda una figura chistosa, regordeta, cachetona, cercana al pueblo. Mofletudo, simp\u00e1tico, sangre ligera, sonrisa a flor de labio\u2026 comentarios inteligentes sobre los sucesos, de los cuales siempre se aprend\u00eda algo.<\/p>\n<p>Cuando muri\u00f3\u00a0<strong>Jes\u00fas Yur\u00e9n<\/strong>, jefe de la CTM en el Distrito Federal, las turbas de los 40 l\u00edderes seccionales tomaron las calles, reclamando para s\u00ed el liderazgo.<\/p>\n<p>No hab\u00eda c\u00f3mo solucionarlo.<\/p>\n<p>S\u00f3lo a \u00e9l se le ocurri\u00f3 la genialidad que el momento requer\u00eda.<\/p>\n<p>Sugerirle al Presidente que se abriera la caja fuerte del viejo l\u00edder para sacar el \u201cpliego de mortaja\u201d, donde seguramente estar\u00eda apuntado el nombre de su sucesor.<\/p>\n<p>Igual que lo hubiera hecho un fara\u00f3n o un pr\u00edncipe de la antig\u00fcedad.<\/p>\n<p>Y as\u00ed fue. Cuando el documento \u2014que se\u00f1alaba al yerno del viejo,\u00a0<strong>Joaqu\u00edn Gamboa Pascoe<\/strong>\u00a0como sucesor \u201cleg\u00edtimo\u201d\u2014 fue mostrado a los 40 l\u00edderes, todos guardaron sus ambiciones, disciplinaron a sus huestes y la paz volvi\u00f3 a reinar en la capital nacional.<\/p>\n<p>As\u00ed se hac\u00eda entonces la pol\u00edtica.<\/p>\n<p>Vale recordarlo ahora que ha muerto, con 100 a\u00f1os a cuestas, el sucesor de Gustavo D\u00edaz Ordaz.<\/p>\n<p style=\"text-align: center;\"><strong>Indicios<\/strong><\/p>\n<p>Un simple tweet. S\u00f3lo eso. Quiz\u00e1 alguna menci\u00f3n en la \u201cma\u00f1anera\u201d de este lunes. S\u00f3lo eso le mereci\u00f3 al actual Presidente de la Rep\u00fablica el fallecimiento de su antecesor. Quiz\u00e1 cuando\u00a0<strong>Andr\u00e9s Manuel L\u00f3pez Obrador<\/strong>\u00a0fallezca, ni siquiera merezca una menci\u00f3n en las redes sociales o lo que en ese momento se use para comunicarnos. Perdi\u00f3 la oportunidad de comportarse como estadista. Ni modo. As\u00ed, r\u00fastico, es \u00e9l. * * * Sin aglomeraciones, ni multitudes, as\u00ed fue el funeral del expresidente Luis Echeverr\u00eda. S\u00f3lo con familiares y pol\u00edticos de la llamada vieja guardia se llev\u00f3 a cabo el funeral de LEA, en una agencia ubicada en el poniente de Ciudad de M\u00e9xico. Ning\u00fan representante del gobierno de la Cuarta Transformaci\u00f3n estuvo presente. La ausencia que llam\u00f3 la atenci\u00f3n fue la de\u00a0<strong>Ignacio Ovalle<\/strong>, pues \u00e9ste fue colaborador cercano de Echeverr\u00eda y en esta 4T se desempe\u00f1\u00f3 como titular de la emproblemada Segalmex \u2014por cuestiones de corrupci\u00f3n\u2014. Tampoco hubo representaci\u00f3n oficial del PRI, ni senadores o diputados del partido que lo postul\u00f3 a la Presidencia de la Rep\u00fablica. * * * Gracias por acompa\u00f1arme en la lectura de este texto. Le deseo, como siempre, que tenga \u00a1buenas gracias y muchos, muchos d\u00edas!<\/p>\n<p><em><u><a href=\"http:\/\/www.indicepolitico.com\" target=\"_blank\" rel=\"noopener noreferrer\">www.indicepolitico.com<\/a><\/u><u><br \/>\n<\/u><a href=\"mailto:indicepolitico@gmail.com\" target=\"_blank\" rel=\"noopener noreferrer\">indicepolitico@gmail.com<\/a><\/em><br \/>\n<em><a href=\"https:\/\/twitter.com\/indicepolitico?lang=es\" target=\"_blank\" rel=\"noopener noreferrer\">@IndicePolitico<\/a><\/em><br \/>\n<em><u><a href=\"https:\/\/twitter.com\/pacorodriguez\" target=\"_blank\" rel=\"noopener noreferrer\">@pacorodriguez<\/a><\/u><\/em><\/p>\n","protected":false},"excerpt":{"rendered":"<p><span style=\"color: #005497;\"><strong>Francisco Rodr\u00edguez<\/strong><\/span><\/p>\n","protected":false},"author":3,"featured_media":0,"comment_status":"open","ping_status":"open","sticky":false,"template":"","format":"standard","meta":{"_monsterinsights_skip_tracking":false,"_monsterinsights_sitenote_active":false,"_monsterinsights_sitenote_note":"","_monsterinsights_sitenote_category":0,"footnotes":""},"categories":[549],"tags":[43689,550,43674],"class_list":["post-552998","post","type-post","status-publish","format-standard","hentry","category-francisco-rodriguez","tag-francisco-rodriguez","tag-indice-politico","tag-opinion"],"_links":{"self":[{"href":"https:\/\/www.diarioimagen.net\/index.php?rest_route=\/wp\/v2\/posts\/552998","targetHints":{"allow":["GET"]}}],"collection":[{"href":"https:\/\/www.diarioimagen.net\/index.php?rest_route=\/wp\/v2\/posts"}],"about":[{"href":"https:\/\/www.diarioimagen.net\/index.php?rest_route=\/wp\/v2\/types\/post"}],"author":[{"embeddable":true,"href":"https:\/\/www.diarioimagen.net\/index.php?rest_route=\/wp\/v2\/users\/3"}],"replies":[{"embeddable":true,"href":"https:\/\/www.diarioimagen.net\/index.php?rest_route=%2Fwp%2Fv2%2Fcomments&post=552998"}],"version-history":[{"count":0,"href":"https:\/\/www.diarioimagen.net\/index.php?rest_route=\/wp\/v2\/posts\/552998\/revisions"}],"wp:attachment":[{"href":"https:\/\/www.diarioimagen.net\/index.php?rest_route=%2Fwp%2Fv2%2Fmedia&parent=552998"}],"wp:term":[{"taxonomy":"category","embeddable":true,"href":"https:\/\/www.diarioimagen.net\/index.php?rest_route=%2Fwp%2Fv2%2Fcategories&post=552998"},{"taxonomy":"post_tag","embeddable":true,"href":"https:\/\/www.diarioimagen.net\/index.php?rest_route=%2Fwp%2Fv2%2Ftags&post=552998"}],"curies":[{"name":"wp","href":"https:\/\/api.w.org\/{rel}","templated":true}]}}