{"id":553005,"date":"2022-07-11T00:08:36","date_gmt":"2022-07-11T05:08:36","guid":{"rendered":"https:\/\/www.diarioimagen.net\/?p=553005"},"modified":"2022-07-11T07:54:40","modified_gmt":"2022-07-11T12:54:40","slug":"alito-moreno-y-la-4t","status":"publish","type":"post","link":"https:\/\/www.diarioimagen.net\/?p=553005","title":{"rendered":"\u201cAlito\u201d Moreno y la 4T"},"content":{"rendered":"<h2>Detr\u00e1s del Poder<\/h2>\n<h5>Jos\u00e9 Antonio L\u00f3pez Sosa<\/h5>\n<p>&nbsp;<\/p>\n<p>Como dicen coloquialmente, se han juntado el hambre con las ganas de comer.<\/p>\n<p>El l\u00edder del Partido Revolucionario Institucional (PRI), Alejandro Moreno C\u00e1rdenas, ha estado envuelto en el esc\u00e1ndalo y el escarnio p\u00fablico, luego que se filtraran una serie de conversaciones donde argumenta desde que hay que matar de hambre a los periodistas, hasta el sobornar a empresario y castigarles de uno u otro modo.<\/p>\n<p>Como suele suceder en nuestro pa\u00eds, el victimario se convierte en v\u00edctima, el propio Moreno C\u00e1rdenas asegur\u00f3 en reiteradas ocasiones que esos audios fueron editados, nunca explic\u00f3 el verdadero sentido \u2014de acuerdo a su versi\u00f3n\u2014 que le dio a las frases y tampoco dio explicaci\u00f3n alguna s\u00f3lida, simplemente acus\u00f3 al gobierno federal de montar una persecuci\u00f3n en su contra, al grado que tuvo la desfachatez, de presentar una queja internacional en Ginebra, Suiza.<\/p>\n<p>Por otro lado, la inexperiencia del gobierno en turno, sumado a los \u00e1nimos de venganza que han caracterizado a la gesti\u00f3n del presidente L\u00f3pez Obrador, llev\u00f3 a complementar de forma casi perfecta la imagen de v\u00edctima del se\u00f1or Moreno C\u00e1rdenas. Sin raz\u00f3n alguna, desde la cuenta de twitter del gobierno federal se inform\u00f3 que la fiscal\u00eda tiene una carpeta de investigaci\u00f3n en su contra, luego de entender el yerro, borraron el tuit y esto sirvi\u00f3 a\u00fan m\u00e1s a Moreno C\u00e1rdenas para hacerse la v\u00edctima una vez m\u00e1s.<\/p>\n<p>\u00bfSe debe investigar a Alejandro Moreno por sus dichos?, s\u00ed, \u00bfes v\u00edctima Alejandro Moreno?, no, \u00bfes una torpeza del gobierno federal anunciar una investigaci\u00f3n de la fiscal\u00eda? s\u00ed, \u00bfcontribuyen los yerros del gobierno del presidente L\u00f3pez Obrador a hacerse v\u00edctima a Alejandro Moreno?, s\u00ed.<\/p>\n<p>Y as\u00ed el folclor de la pol\u00edtica mexicana, donde el victimario se convierte en v\u00edctima \u2014insisto\u2014 con la ayuda de quien debe gobernar y no juzgar, donde la sed de venganza se traduce en inestabilidad pol\u00edtica y social.<\/p>\n<p style=\"text-align: center;\"><strong>Despiden a la piloto de Volaris<\/strong><\/p>\n<p>Dio a conocer a trav\u00e9s de su columna <em>Gente Detr\u00e1s del Dinero<\/em>, Mauricio Flores en el diario <em>La Raz\u00f3n<\/em>, que la aerol\u00ednea Volaris decidi\u00f3 cesar a la piloto que document\u00f3 desde tierra a maniobra \u201cal aire\u201d, esa que se viraliz\u00f3 donde otro avi\u00f3n de la misma aerol\u00ednea, abort\u00f3 un aterrizaje por encontrarse un avi\u00f3n en una de las pistas del Aeropuerto Internacional de la Ciudad de M\u00e9xico.<\/p>\n<p>El CEO de Volaris, Enrique Beltranena, prometi\u00f3 una investigaci\u00f3n exhaustiva aquel 7 de mayo y, por lo menos de forma p\u00fablica el resultado fue cesar a Libertad Salom\u00f3n, quien desde la cabina de mando en tierra y en espera de la autorizaci\u00f3n para carretear a pista y despegar, document\u00f3 con su tel\u00e9fono celular el hecho.<\/p>\n<p>Ojal\u00e1 la misma vara usen en las aerol\u00edneas (Volaris incluida), para cesar a quienes dan p\u00e9simo trato a los clientes, porque a ellos ni la atenci\u00f3n les llaman en muchas ocasiones.<\/p>\n<p><em><a href=\"http:\/\/www.lopezsosa.com\" target=\"_blank\" rel=\"noopener\">www.lopezsosa.com<\/a><\/em><br \/>\n<em><a href=\"mailto:joseantonio@lopezsosa.com\" target=\"_blank\" rel=\"noopener\">joseantonio@lopezsosa.com<\/a><\/em><br \/>\n<em><a href=\"http:\/\/twitter.com\/joseantonio1977\" target=\"_blank\" rel=\"noopener\">@joseantonio197<\/a><\/em><\/p>\n","protected":false},"excerpt":{"rendered":"<p><span style=\"color: #005497;\"><strong>Jos\u00e9 Antonio L\u00f3pez Sosa<\/strong><\/span><\/p>\n","protected":false},"author":3,"featured_media":0,"comment_status":"open","ping_status":"open","sticky":false,"template":"","format":"standard","meta":{"_monsterinsights_skip_tracking":false,"_monsterinsights_sitenote_active":false,"_monsterinsights_sitenote_note":"","_monsterinsights_sitenote_category":0,"footnotes":""},"categories":[637],"tags":[638,43690,43674],"class_list":["post-553005","post","type-post","status-publish","format-standard","hentry","category-jose-antonio-lopez-sosa","tag-detras-del-poder","tag-jose-antonio-lopez-sosa","tag-opinion"],"_links":{"self":[{"href":"https:\/\/www.diarioimagen.net\/index.php?rest_route=\/wp\/v2\/posts\/553005","targetHints":{"allow":["GET"]}}],"collection":[{"href":"https:\/\/www.diarioimagen.net\/index.php?rest_route=\/wp\/v2\/posts"}],"about":[{"href":"https:\/\/www.diarioimagen.net\/index.php?rest_route=\/wp\/v2\/types\/post"}],"author":[{"embeddable":true,"href":"https:\/\/www.diarioimagen.net\/index.php?rest_route=\/wp\/v2\/users\/3"}],"replies":[{"embeddable":true,"href":"https:\/\/www.diarioimagen.net\/index.php?rest_route=%2Fwp%2Fv2%2Fcomments&post=553005"}],"version-history":[{"count":0,"href":"https:\/\/www.diarioimagen.net\/index.php?rest_route=\/wp\/v2\/posts\/553005\/revisions"}],"wp:attachment":[{"href":"https:\/\/www.diarioimagen.net\/index.php?rest_route=%2Fwp%2Fv2%2Fmedia&parent=553005"}],"wp:term":[{"taxonomy":"category","embeddable":true,"href":"https:\/\/www.diarioimagen.net\/index.php?rest_route=%2Fwp%2Fv2%2Fcategories&post=553005"},{"taxonomy":"post_tag","embeddable":true,"href":"https:\/\/www.diarioimagen.net\/index.php?rest_route=%2Fwp%2Fv2%2Ftags&post=553005"}],"curies":[{"name":"wp","href":"https:\/\/api.w.org\/{rel}","templated":true}]}}