{"id":553015,"date":"2022-07-11T00:12:27","date_gmt":"2022-07-11T05:12:27","guid":{"rendered":"https:\/\/www.diarioimagen.net\/?p=553015"},"modified":"2022-07-11T08:03:37","modified_gmt":"2022-07-11T13:03:37","slug":"alito-sus-alertas-a-europa-sobre-la-evolucion-golpista-de-amlo-y-su-regreso","status":"publish","type":"post","link":"https:\/\/www.diarioimagen.net\/?p=553015","title":{"rendered":"<em>Alito<\/em>, sus alertas a Europa sobre la evoluci\u00f3n golpista de AMLO, y su regreso"},"content":{"rendered":"<h2>Tras la puerta del poder<\/h2>\n<h5>Roberto Vizca\u00edno<\/h5>\n<p>&nbsp;<\/p>\n<p>Los hechos advierten que\u00a0<strong>Andr\u00e9s Manuel L\u00f3pez Obrador\u00a0<\/strong>se equivoc\u00f3 con\u00a0<strong>Alejandro Moreno<\/strong>.<\/p>\n<p>Lugo de un corto, pero intenso trato de \u00e9l como presidente electo y ya en el poder, y\u00a0<strong><em>Alito<\/em><\/strong>\u00a0como gobernador de Campeche, pens\u00f3 que sab\u00eda cu\u00e1les eran sus debilidades.<\/p>\n<p>La azarosa llegada del campechano a la dirigencia del PRI el 18 de agosto de 2019, contienda que lo dej\u00f3 pol\u00edticamente muy maltrecho y con una denuncia firme ante la entonces PGR presentada en su contra por el ex gobernador de Oaxaca,\u00a0<strong>Ulises Ruiz,<\/strong>\u00a0por enriquecimiento il\u00edcito y corrupci\u00f3n, el ya entonces gobernador con licencia quedaba pr\u00e1cticamente a voluntad del tabasque\u00f1o.<\/p>\n<p>En esas condiciones,\u00a0<strong><em>Alito<\/em><\/strong>\u00a0era para\u00a0<strong>AMLO<\/strong>\u00a0un dulce que pod\u00eda chupar a la hora que quisiera. Y administr\u00f3 su predominio sobre el campechano. As\u00ed lo trajo con amagos judiciales durante 2020, pero en junio de 2021 el campechano fue electo diputado federal. Y obtuvo fuero y control sobre las votaciones constitucionales.<\/p>\n<p>Y lo demostr\u00f3 r\u00e1pido. Sin los 70 votos de la bancada del tricolor no pas\u00f3 la reforma el\u00e9ctrica.<\/p>\n<p><strong>Manuel Velasco<\/strong>\u00a0le advirti\u00f3: dice\u00a0<strong>Ad\u00e1n Augusto L\u00f3pez<\/strong>\u00a0que\u00a0<strong>AMLO<\/strong>\u00a0le orden\u00f3 que si no jalas, se van a ir con todo en tu contra.<\/p>\n<p>Hoy,\u00a0<strong>AMLO<\/strong>\u00a0est\u00e1 sobre de \u00e9l con todo el poder y las triqui\u00f1uelas del poder. Su s\u00fabdita\u00a0<strong>Layda Sansores<\/strong>\u00a0ya hart\u00f3 al respetable con sus revelaciones de audios ilegales, que\u00a0<strong><em>Alito<\/em><\/strong>\u00a0afirman son editados y manipulados. La verdad es que ya no conmueve a nadie con esos audios.<\/p>\n<p><strong>Alejandro Moreno<\/strong>\u00a0ha sorteado todo. En lo interno el oportunismo muy favorable a los golpeteos de\u00a0<strong>AMLO<\/strong>\u00a0por parte de los ex presidentes del PRI y algunos ex gobernadores, y en lo externo una campa\u00f1a medi\u00e1tica de las m\u00e1s duras que se hayan visto en contra de un pol\u00edtico.<\/p>\n<p><strong>Se va a Europa<\/strong><\/p>\n<p>A pesar de todo\u00a0<strong><em>Alito<\/em><\/strong>\u00a0ha logrado mantener de su lado a los dos l\u00edderes a los que m\u00e1s le interesa estar unidos: a\u00a0<strong>Marko Cort\u00e9s<\/strong>\u00a0y a\u00a0<strong>Jes\u00fas Zambrano<\/strong>. Y con ello ha mantenido no s\u00f3lo vigente a la Alianza Va por M\u00e9xico sino como la m\u00e1s viable fuerza pol\u00edtica para derrotar a Morena, Verde y PT en todos los cargos en juego en 2024, incluida por supuesto la de Presidente de M\u00e9xico.<\/p>\n<p>As\u00ed emprendi\u00f3 una visita a Suiza y luego a otros pa\u00edses donde advirti\u00f3, pidi\u00f3 a la Comisionada de Derechos Humanos de la ONU, la expresidenta (socialista) de Chile, Michelle Bachelet, estar atenta a lo que hace Andr\u00e9s Manuel L\u00f3pez Obrador con la democracia en M\u00e9xico.<\/p>\n<p>Este llamado lo hizo luego en una sesi\u00f3n de la Internacional Socialista, de la cual sali\u00f3 con una vicepresidencia, a cuyos miembros entreg\u00f3 un amplio expediente de todo lo que ha ocurrido en el pa\u00eds en lo electoral y pol\u00edtico durante los ya 4 a\u00f1os de L\u00f3pez Obrador en Palacio.<\/p>\n<p>Ausencia de di\u00e1logo con la oposici\u00f3n, campa\u00f1as constantes de desprestigio en contra de partidos y l\u00edderes de oposici\u00f3n, mayoriteos en el Congreso por las fuerzas del oficialismo, asesinato de candidatos de oposici\u00f3n, intervenci\u00f3n del crimen organizado en comicios, et, etc.<\/p>\n<p>En corto,\u00a0<strong>Moreno<\/strong>\u00a0detall\u00f3 a l\u00edderes de la IS las proyecciones que se hacen en las dirigencias de la oposici\u00f3n respeto de los pr\u00f3ximos 2 a\u00f1os:<\/p>\n<p>\u2014Andr\u00e9s Manuel L\u00f3pez Obrador \u2014les dijo\u2014 prepara el escenario del caos y la ruptura institucional. Envi\u00f3 al Congreso una iniciativa de reforma electoral que debilita las instituciones electorales, y casi desaparece al INE, adem\u00e1s de que reduce dr\u00e1sticamente las prerrogativas a las fuerzas pol\u00edticas abriendo la puerta a un financiamiento pol\u00edtico proveniente del \u201cnarco\u201d y el crimen organizado.<\/p>\n<p>\u2014En este escenario \u2014les advirti\u00f3\u00a0<strong>Moreno<\/strong>\u2014, si sus candidatos no ganan, entonces AMLO, Morena y aliados desconocer\u00e1n las elecciones y meter\u00e1n a M\u00e9xico en una vor\u00e1gine no exenta de violencia y a un derrumbe econ\u00f3mico y social no visto desde la Revoluci\u00f3n de 1910.<\/p>\n<p>\u2014Su objetivo ser\u00eda colocar un gobierno interino con un presidente aliado por 2 o 3 a\u00f1os para llamar a nuevas elecciones.<\/p>\n<p>La alarma est\u00e1 prendida en Europa. En Estados Unidos, ni se diga.<\/p>\n<p><strong>Alejandro Moreno<\/strong>\u00a0regres\u00f3 a M\u00e9xico y, a pesar de su fuero, fue retenido en Migraci\u00f3n, durante m\u00e1s de una hora en el Aeropuerto Internacional de la Ciudad de M\u00e9xico.<\/p>\n<p>El campechano est\u00e1 echado para enfrente. Afirma que\u00a0<strong>AMLO<\/strong>\u00a0no lo va a intimidar y que incluso est\u00e1 dispuesto a dar la vida por defender al pa\u00eds.<\/p>\n<p>\u00bfNos lleva\u00a0<strong>L\u00f3pez Obrador<\/strong>\u00a0ya por la ruta de\u00a0<strong>Daniel Ortega<\/strong>\u00a0en Nicaragua?<\/p>\n<p><strong>Inicia en el Senado la revisi\u00f3n de la pol\u00edtica de seguridad<\/strong><\/p>\n<p><strong>Ricardo Monreal\u00a0<\/strong>entra esta semana en terrenos minados. A fines de la anterior insisti\u00f3 en pedirles a sus compa\u00f1eros morenistas mantener la unidad mientras afirmaba que en el Senado \u201cactuaremos con prudencia\u201d en el an\u00e1lisis de la Estrategia Nacional de Seguridad P\u00fablica.<\/p>\n<p>Y es que algunos de sus propios compa\u00f1eros de partido y c\u00e1mara lo han se\u00f1alado como un saboteador del Gobierno de\u00a0<strong>AMLO<\/strong>. Uno que se oculta es el zacatecano\u00a0<strong>Jos\u00e9 Narro<\/strong>, quien aspira a ser el siguiente Presidente del Senado a partir de septiembre.<\/p>\n<p>Frente a estos incipientes embates\u00a0<strong>Monreal<\/strong>\u00a0ha considerado que la coordinaci\u00f3n entre Poderes, \u00f3rganos aut\u00f3nomos y sociedad civil es indispensable para hacer frente al reto de la inseguridad p\u00fablica, recuperar la paz y la tranquilidad de nuestros pueblos y regiones.<\/p>\n<p>De ah\u00ed, dice, su esfuerzo por fortalecer la Estrategia Nacional de Seguridad P\u00fablica, pero tambi\u00e9n en revisar los mecanismos de procuraci\u00f3n de justicia y dar paso hacia una renovaci\u00f3n del Poder Judicial, pues la naci\u00f3n demanda mejores jueces, que no formen parte de la red de impunidad, complicidad y corrupci\u00f3n, as\u00ed como mejores fiscales.<\/p>\n<p>Reconoci\u00f3 que si bien es cierto que el diagn\u00f3stico elaborado por el presidente\u00a0<strong>Andr\u00e9s Manuel L\u00f3pez Obrador<\/strong>\u00a0es correcto, el de atender las causas estructurales, \u201cno debemos perder de vista que ese proceso tomar\u00e1 varios a\u00f1os, dado que tenemos que resolver problemas profundos en materia de educaci\u00f3n, salud, empleo, rescate de los j\u00f3venes y de todo aquello que durante d\u00e9cadas los gobiernos anteriores descuidaron y abandonaron\u201d.<\/p>\n<p>Mientras hay que dar respuestas inmediatas a la ola de ejecuciones e inseguridad que se vierte sobre M\u00e9xico.<\/p>\n<p>El pulso entre\u00a0<strong>Monreal y AMLO<\/strong>\u00a0est\u00e1 abierto.<\/p>\n<p><em><a href=\"mailto:rvizcainoa@gmail.com\" target=\"_blank\" rel=\"noopener noreferrer\">vizcainoa@gmail.com<\/a><a href=\"mailto:rvizcainoa@gmail.com\" target=\"_blank\" rel=\"noopener noreferrer\"><br \/>\n<\/a><a href=\"http:\/\/endirecto.mx\" target=\"_blank\" rel=\"noopener noreferrer\">www.endirecto.mx<\/a><a href=\"mailto:rvizcainoa@gmail.com\" target=\"_blank\" rel=\"noopener noreferrer\"><br \/>\n<\/a><a href=\"https:\/\/twitter.com\/_rvizcaino\" target=\"_blank\" rel=\"noopener noreferrer\">@_RVizcaino<\/a><a href=\"mailto:rvizcainoa@gmail.com\" target=\"_blank\" rel=\"noopener noreferrer\"><br \/>\n<\/a><a href=\"https:\/\/www.facebook.com\/rvizcainoa\" target=\"_blank\" rel=\"noopener noreferrer\">facebook.com\/rvizcainoa<\/a><\/em><\/p>\n","protected":false},"excerpt":{"rendered":"<p><span style=\"color: #005497;\"><strong>Roberto Vizca\u00edno<\/strong><\/span><\/p>\n","protected":false},"author":3,"featured_media":0,"comment_status":"open","ping_status":"open","sticky":false,"template":"","format":"standard","meta":{"_monsterinsights_skip_tracking":false,"_monsterinsights_sitenote_active":false,"_monsterinsights_sitenote_note":"","_monsterinsights_sitenote_category":0,"footnotes":""},"categories":[136],"tags":[43674,93,94],"class_list":["post-553015","post","type-post","status-publish","format-standard","hentry","category-roberto-vizcaino-opinion","tag-opinion","tag-roberto-vizcaino","tag-tras-la-puerta-del-poder"],"_links":{"self":[{"href":"https:\/\/www.diarioimagen.net\/index.php?rest_route=\/wp\/v2\/posts\/553015","targetHints":{"allow":["GET"]}}],"collection":[{"href":"https:\/\/www.diarioimagen.net\/index.php?rest_route=\/wp\/v2\/posts"}],"about":[{"href":"https:\/\/www.diarioimagen.net\/index.php?rest_route=\/wp\/v2\/types\/post"}],"author":[{"embeddable":true,"href":"https:\/\/www.diarioimagen.net\/index.php?rest_route=\/wp\/v2\/users\/3"}],"replies":[{"embeddable":true,"href":"https:\/\/www.diarioimagen.net\/index.php?rest_route=%2Fwp%2Fv2%2Fcomments&post=553015"}],"version-history":[{"count":0,"href":"https:\/\/www.diarioimagen.net\/index.php?rest_route=\/wp\/v2\/posts\/553015\/revisions"}],"wp:attachment":[{"href":"https:\/\/www.diarioimagen.net\/index.php?rest_route=%2Fwp%2Fv2%2Fmedia&parent=553015"}],"wp:term":[{"taxonomy":"category","embeddable":true,"href":"https:\/\/www.diarioimagen.net\/index.php?rest_route=%2Fwp%2Fv2%2Fcategories&post=553015"},{"taxonomy":"post_tag","embeddable":true,"href":"https:\/\/www.diarioimagen.net\/index.php?rest_route=%2Fwp%2Fv2%2Ftags&post=553015"}],"curies":[{"name":"wp","href":"https:\/\/api.w.org\/{rel}","templated":true}]}}