{"id":553034,"date":"2022-07-12T00:05:36","date_gmt":"2022-07-12T05:05:36","guid":{"rendered":"https:\/\/www.diarioimagen.net\/?p=553034"},"modified":"2022-07-13T06:00:46","modified_gmt":"2022-07-13T11:00:46","slug":"violencia-obstetrica-tambien-puede-presentarse-durante-el-proceso-de-lactancia","status":"publish","type":"post","link":"https:\/\/www.diarioimagen.net\/?p=553034","title":{"rendered":"Violencia obst\u00e9trica tambi\u00e9n puede presentarse durante el proceso de lactancia"},"content":{"rendered":"<p><em>\u00a0<\/em><\/p>\n<ul>\n<li><strong><em>La estudiante de Medicina de la UAEM\u00e9x, Sof\u00eda Rivera Alc\u00e1ntara, explic\u00f3 que este tipo de violencia es ejercida principalmente por m\u00e9dicos y personal de enfermer\u00eda<\/em><\/strong><\/li>\n<\/ul>\n<p><strong>\u00a0<\/strong><\/p>\n<div id=\"attachment_553115\" style=\"width: 470px\" class=\"wp-caption aligncenter\"><img loading=\"lazy\" decoding=\"async\" aria-describedby=\"caption-attachment-553115\" class=\"size-full wp-image-553115\" src=\"https:\/\/www.diarioimagen.net\/wp-content\/uploads\/2022\/07\/uaem-1-1.jpg\" alt=\"\" width=\"460\" height=\"270\" \/><p id=\"caption-attachment-553115\" class=\"wp-caption-text\">Sof\u00eda Rivera Alc\u00e1ntara puntualiz\u00f3 que es necesario respetar la decisi\u00f3n de las madres a amamantar por medio del acompa\u00f1amiento<\/p><\/div>\n<p>&nbsp;<\/p>\n<p><strong>Toluca, Estado de M\u00e9xico.\u2014 <\/strong>El primer paso para erradicar la violencia obst\u00e9trica es identificarla, indic\u00f3 la estudiante de Medicina e integrante de la Organizaci\u00f3n Estudiantil en Pro de la Salud (OEPSA) de la Universidad Aut\u00f3noma del Estado de M\u00e9xico (UAEM\u00e9x), Sof\u00eda Rivera Alc\u00e1ntara, quien destac\u00f3 que para ello es necesario conocer la Normas Oficiales de Salud, en las que se abordan los derechos de las mujeres, las embarazadas y las infancias, que todos los profesionales de la salud deben salvaguardar.<\/p>\n<p>Sofia Rivera explic\u00f3 que este tipo de violencia es ejercida principalmente por m\u00e9dicos y personal de enfermer\u00eda; sin embargo, cualquier integrante del personal del \u00e1rea de la salud puede ejercerla contra embarazada, durante el trabajo de parto o el puerperio.<\/p>\n<p>\u201cEsta violencia contra las mujeres y personas gestantes puede consistir en no informar correctamente sobre el cuidado del beb\u00e9, maltratarla de manera psicol\u00f3gica y f\u00edsica o bien, mediante el ejercicio de procedimientos que no son necesarios para el nacimiento del beb\u00e9, que en ocasiones pueden provocar la muerte del producto o de la madre\u201d, abund\u00f3.<\/p>\n<p>Durante los primeros meses de puerperio, se\u00f1al\u00f3, la violencia obst\u00e9trica puede ser ejercida dentro del proceso de lactancia materna y sus expresiones m\u00e1s comunes van desde aconsejar a las madres no amamantar y sustituir la leche materna por f\u00f3rmulas o suplementos, quitando a la lactancia importancia que tiene para el desarrollo inmunol\u00f3gico del menor.<\/p>\n<p>Por otra parte, dijo, la violencia obst\u00e9trica puede consistir en tocar a la mujer sin su autorizaci\u00f3n durante la ense\u00f1anza de c\u00f3mo debe amamantar. Este consentimiento tambi\u00e9n debe solicitarse cuando se examina a las mujeres que tienen mastitis, es decir, cuando se llegan a inflamar o infectar las gl\u00e1ndulas mamarias, ya que el procedimiento requiere de ejercer presi\u00f3n en la mama para desinflamar; sin embargo, en algunos casos la pr\u00e1ctica se realiza de manera agresiva o muy brusca y se llega a lastimar a las mujeres.<\/p>\n<p>Consider\u00f3 que estas pr\u00e1cticas durante el proceso de lactancia pueden influir en el binomio madre e hijo, ya que afectan de manera negativa la salud mental y f\u00edsica de ambos, lo que no permite su correcto desarrollo.<\/p>\n<p>\u201cMentalmente se afecta a la madre porque se le hace creer que alguna de las funciones que ella debe cumplir no se est\u00e1n cubriendo, lo cual puede generar depresi\u00f3n postparto, que la lactancia materna ayuda a prevenir, mientras que en el beb\u00e9 se puede generar desnutrici\u00f3n o susceptibilidad a distintas enfermedades, debido a que no se le est\u00e1n brindando los nutrientes necesarios, ya que la leche materna se va adaptando a las necesidades del beb\u00e9 durante su crecimiento\u201d, enfatiz\u00f3.<\/p>\n<p>Sof\u00eda Rivera Alc\u00e1ntara puntualiz\u00f3 que es necesario respetar la decisi\u00f3n de las madres a amamantar por medio del acompa\u00f1amiento y la difusi\u00f3n de informaci\u00f3n sobre la importancia de la lactancia materna, ya que durante los \u00faltimos a\u00f1os se ha sustituido la leche materna por las f\u00f3rmulas, principalmente porque la mayor\u00eda de las madres trabajan y no pueden ejercer su derecho a lactar dignamente.<\/p>\n","protected":false},"excerpt":{"rendered":"<p>El primer paso para erradicar la violencia obst\u00e9trica es identificarla, indic\u00f3 la estudiante de Medicina e integrante de la Organizaci\u00f3n Estudiantil en Pro de la Salud (OEPSA) de la Universidad Aut\u00f3noma del Estado de M\u00e9xico (UAEM\u00e9x), Sof\u00eda Rivera Alc\u00e1ntara, quien destac\u00f3 que para ello es necesario conocer la Normas Oficiales de Salud, en las que se abordan los derechos de las mujeres, las embarazadas y las infancias, que todos los profesionales de la salud deben salvaguardar.\u00a0<\/p>\n","protected":false},"author":3,"featured_media":553115,"comment_status":"open","ping_status":"open","sticky":false,"template":"","format":"standard","meta":{"_monsterinsights_skip_tracking":false,"_monsterinsights_sitenote_active":false,"_monsterinsights_sitenote_note":"","_monsterinsights_sitenote_category":0,"footnotes":""},"categories":[5],"tags":[2472,24306,95949],"class_list":["post-553034","post","type-post","status-publish","format-standard","has-post-thumbnail","hentry","category-estado-de-mexico","tag-embarazo","tag-lactancia","tag-sofia-rivera-alcantara"],"_links":{"self":[{"href":"https:\/\/www.diarioimagen.net\/index.php?rest_route=\/wp\/v2\/posts\/553034","targetHints":{"allow":["GET"]}}],"collection":[{"href":"https:\/\/www.diarioimagen.net\/index.php?rest_route=\/wp\/v2\/posts"}],"about":[{"href":"https:\/\/www.diarioimagen.net\/index.php?rest_route=\/wp\/v2\/types\/post"}],"author":[{"embeddable":true,"href":"https:\/\/www.diarioimagen.net\/index.php?rest_route=\/wp\/v2\/users\/3"}],"replies":[{"embeddable":true,"href":"https:\/\/www.diarioimagen.net\/index.php?rest_route=%2Fwp%2Fv2%2Fcomments&post=553034"}],"version-history":[{"count":0,"href":"https:\/\/www.diarioimagen.net\/index.php?rest_route=\/wp\/v2\/posts\/553034\/revisions"}],"wp:featuredmedia":[{"embeddable":true,"href":"https:\/\/www.diarioimagen.net\/index.php?rest_route=\/wp\/v2\/media\/553115"}],"wp:attachment":[{"href":"https:\/\/www.diarioimagen.net\/index.php?rest_route=%2Fwp%2Fv2%2Fmedia&parent=553034"}],"wp:term":[{"taxonomy":"category","embeddable":true,"href":"https:\/\/www.diarioimagen.net\/index.php?rest_route=%2Fwp%2Fv2%2Fcategories&post=553034"},{"taxonomy":"post_tag","embeddable":true,"href":"https:\/\/www.diarioimagen.net\/index.php?rest_route=%2Fwp%2Fv2%2Ftags&post=553034"}],"curies":[{"name":"wp","href":"https:\/\/api.w.org\/{rel}","templated":true}]}}