{"id":553048,"date":"2022-07-12T00:04:01","date_gmt":"2022-07-12T05:04:01","guid":{"rendered":"https:\/\/www.diarioimagen.net\/?p=553048"},"modified":"2022-07-12T04:35:28","modified_gmt":"2022-07-12T09:35:28","slug":"unidos-sacaremos-a-naucalpan-de-crisis-politica-y-economica-islas-neri","status":"publish","type":"post","link":"https:\/\/www.diarioimagen.net\/?p=553048","title":{"rendered":"Unidos sacaremos a Naucalpan de crisis pol\u00edtica y econ\u00f3mica: Islas Neri"},"content":{"rendered":"<p><strong>\u00a0<\/strong><\/p>\n<ul>\n<li><strong><em>Se pone orden en la casa, dice el ex regidor<\/em><\/strong><\/li>\n<\/ul>\n<p>&nbsp;<\/p>\n<div id=\"attachment_553141\" style=\"width: 470px\" class=\"wp-caption aligncenter\"><img loading=\"lazy\" decoding=\"async\" aria-describedby=\"caption-attachment-553141\" class=\"size-full wp-image-553141\" src=\"https:\/\/www.diarioimagen.net\/wp-content\/uploads\/2022\/07\/BAENA3-4.jpg\" alt=\"\" width=\"460\" height=\"270\" \/><p id=\"caption-attachment-553141\" class=\"wp-caption-text\">Carlos Islas Neri puntualiz\u00f3 que \u00abtrabajando en unidad y en una sola l\u00ednea le ir\u00e1 bien al gobierno y, por ende, a todas las familias naucalpenses.<\/p><\/div>\n<p>&nbsp;<\/p>\n<p><strong>Naucalpan, Estado de M\u00e9xico.\u2014<\/strong> Propios y extra\u00f1os reconocemos que, desafortunadamente, la administraci\u00f3n municipal que cabeza Ang\u00e9lica Moya recibi\u00f3 un municipio en quiebra en todos los sentidos, sin embargo, apostamos a que saldr\u00e1 adelante, siempre y cuando, sus colaboradores, sigan en una sola l\u00ednea.<\/p>\n<p>Afirm\u00f3 lo anterior el luchador social Carlos Islas Neri, luego de abundar que, \u00abes cierto, se est\u00e1 poniendo en orden la casa, sin embargo, es importante no descuidar temas de seguridad y servicios que tanto demandan y requieren los naucalpenses, quienes le apostaron a la alianza que hoy encabeza Moya Mar\u00edn\u00bb, dijo.<\/p>\n<p>El tambi\u00e9n ex presidente del Comit\u00e9 Municipal del PRI y ex regidor, record\u00f3 que, en la administraci\u00f3n de Patricia Dur\u00e1n, no existi\u00f3 rumbo ni proyecto de gobierno y para evitar esta situaci\u00f3n, \u00abes sumamente necesario checar con lupa el actuar de todos y cada uno de sus colaboradores\u00bb, dijo.<\/p>\n<p>Islas Neri, tambi\u00e9n dirigente de la asociaci\u00f3n civil \u00abCompromiso Integral por Naucalpan (CIN), record\u00f3 que la administraci\u00f3n 2018-2021 de Morena dej\u00f3 en el abandono, sumido en la inseguridad, sin servicios, con m\u00e1s aviadores que el AIFA y m\u00e1s a\u00fan, con las arcas municipales vac\u00edas, dejando moribunda la hacienda municipal a quienes les prometi\u00f3 mucho y no cumpli\u00f3, ello, no lo volveremos a permitir\u00bb, reiter\u00f3.<\/p>\n<p>Islas Neri fue reiterativo en el sentido de qu\u00e9 \u00abesperemos que este animal de muchas cabezas, camine hacia un solo lado, que es el de Naucalpan, en beneficio del municipio, donde vivimos, con un crecimiento estable para la sociedad, con unas calles ordenadas, en buen estado, seguras, con una polic\u00eda al servicio de los ciudadanos, y con servicios b\u00e1sicos de calidad. y sin duda, ello, se lograr\u00e1\u00bb.<\/p>\n","protected":false},"excerpt":{"rendered":"<p>Propios y extra\u00f1os reconocemos que, desafortunadamente, la administraci\u00f3n municipal que cabeza Ang\u00e9lica Moya recibi\u00f3 un municipio en quiebra en todos los sentidos, sin embargo, apostamos a que saldr\u00e1 adelante, siempre y cuando, sus colaboradores, sigan en una sola l\u00ednea.<\/p>\n","protected":false},"author":3,"featured_media":553141,"comment_status":"open","ping_status":"open","sticky":false,"template":"","format":"standard","meta":{"_monsterinsights_skip_tracking":false,"_monsterinsights_sitenote_active":false,"_monsterinsights_sitenote_note":"","_monsterinsights_sitenote_category":0,"footnotes":""},"categories":[5],"tags":[43675,970],"class_list":["post-553048","post","type-post","status-publish","format-standard","has-post-thumbnail","hentry","category-estado-de-mexico","tag-estado-de-mexico","tag-naucalpan"],"_links":{"self":[{"href":"https:\/\/www.diarioimagen.net\/index.php?rest_route=\/wp\/v2\/posts\/553048","targetHints":{"allow":["GET"]}}],"collection":[{"href":"https:\/\/www.diarioimagen.net\/index.php?rest_route=\/wp\/v2\/posts"}],"about":[{"href":"https:\/\/www.diarioimagen.net\/index.php?rest_route=\/wp\/v2\/types\/post"}],"author":[{"embeddable":true,"href":"https:\/\/www.diarioimagen.net\/index.php?rest_route=\/wp\/v2\/users\/3"}],"replies":[{"embeddable":true,"href":"https:\/\/www.diarioimagen.net\/index.php?rest_route=%2Fwp%2Fv2%2Fcomments&post=553048"}],"version-history":[{"count":0,"href":"https:\/\/www.diarioimagen.net\/index.php?rest_route=\/wp\/v2\/posts\/553048\/revisions"}],"wp:featuredmedia":[{"embeddable":true,"href":"https:\/\/www.diarioimagen.net\/index.php?rest_route=\/wp\/v2\/media\/553141"}],"wp:attachment":[{"href":"https:\/\/www.diarioimagen.net\/index.php?rest_route=%2Fwp%2Fv2%2Fmedia&parent=553048"}],"wp:term":[{"taxonomy":"category","embeddable":true,"href":"https:\/\/www.diarioimagen.net\/index.php?rest_route=%2Fwp%2Fv2%2Fcategories&post=553048"},{"taxonomy":"post_tag","embeddable":true,"href":"https:\/\/www.diarioimagen.net\/index.php?rest_route=%2Fwp%2Fv2%2Ftags&post=553048"}],"curies":[{"name":"wp","href":"https:\/\/api.w.org\/{rel}","templated":true}]}}