{"id":553071,"date":"2022-07-12T00:04:51","date_gmt":"2022-07-12T05:04:51","guid":{"rendered":"https:\/\/www.diarioimagen.net\/?p=553071"},"modified":"2022-07-12T03:00:04","modified_gmt":"2022-07-12T08:00:04","slug":"errores-en-la-persecucion-de-alito","status":"publish","type":"post","link":"https:\/\/www.diarioimagen.net\/?p=553071","title":{"rendered":"Errores en la persecuci\u00f3n de \u201cAlito\u201d"},"content":{"rendered":"<h2>Desde el portal<\/h2>\n<h5>\u00c1ngel Soriano<\/h5>\n<p>&nbsp;<\/p>\n<p>Tambi\u00e9n ha sido un error del Instituto Nacional de Migraci\u00f3n aceptar que fue el gobierno de Campeche -o la gobernadora morenista Layda Sansores-, quien dio instrucci\u00f3n de emitir la alerta migratoria en torno al l\u00edder del PRI, Alejandro Moreno C\u00e1rdenas, pues el INM no se manda solo ni obedece instrucci\u00f3n de otras instancias, sino de la secretar\u00eda de Gobernaci\u00f3n.<\/p>\n<p>Adem\u00e1s, si se trata de un connacional que llega a su pa\u00eds, no aplica la alerta migraci\u00f3n, \u00e9sta ser\u00eda l\u00f3gica para evitar su salida, cuando intente abandonar la tierra, no cuando llega. Y si bien se trata de protocolos migratorios vigentes en todos los pa\u00edses, en el caso espec\u00edfico de \u201cAlito\u201d era o es para evitar que huya del pa\u00eds por las investigaciones que es objeto.<\/p>\n<p>Y cuando el gobierno de M\u00e9xico anuncia que la FGR lo investiga por lavado de dinero y tr\u00e1fico de influencias, tambi\u00e9n es otro error reconocido por el mismo presidente L\u00f3pez Obrador, quien indica que la FGR es aut\u00f3noma y no le correspond\u00eda hacerlo y tal error lo cometi\u00f3 una empleada que lo subi\u00f3 a las redes.<\/p>\n<p>Hay desconocimiento en el gobierno federal de las funciones que corresponden a diversos niveles de gobierno e incluso en los mismos secretarios de Estado, como algunos que desconocen el pa\u00eds y no ubican ni municipios ni capitales de los estados; confunden una capital o un municipio con una entidad federativa. Hace falta capacitaci\u00f3n para el ejercicio de la funci\u00f3n p\u00fablica.<\/p>\n<p style=\"text-align: center;\"><strong>Turbulencias<br \/>\nEn Puebla tambi\u00e9n enredan las denuncias<\/strong><\/p>\n<p>\u00a0La UIF de Pablo G\u00f3mez acus\u00f3, en su oportunidad, al fiscal poblano Gilberto Higuera Bernal de filtrar informaci\u00f3n sobre sus investigaciones y ahora el l\u00edder de Morena en San L\u00e1zaro, Ignacio Mier, hace lo propio en contra del gobernador Miguel Barbosa y el mismo fiscal con el objeto de desprestigiarlo y sacarlo del proceso de sucesi\u00f3n gubernamental. Y todo esto es entre los mismos morenistas\u2026 Plaza llena en Arroyo con motivo de una concentraci\u00f3n de apoyo al presidente de la Jucopo del Senado, Ricardo Monreal \u00c1vila, que suma cada vez m\u00e1s partidarios por su actividad pol\u00edtica, contrario al resto de los contendientes cobijados desde Palacio Nacional. El zacatecano puede amalgamar la inconformidad social y el resentimiento de los desplazados de Morena lo que le dar\u00eda m\u00e1s fuerza a sus aspiraciones presidenciales\u2026 La alcaldesa en Iztapalapa, Clara Brugada, no acudi\u00f3 este domingo a La Pasi\u00f3n a la presentaci\u00f3n de la Guelaguetza, ya que se restablece de Covid-19, y dej\u00f3 solo al gobernador Alejandro Murat que departi\u00f3 con los miles de oaxaque\u00f1os asentados en territorio de la demarcaci\u00f3n, colindante con municipios mexiquenses\u2026 Por cierto que en Oaxaca hay inconformidad con las decisiones excluyentes del llamado Comit\u00e9 de Autenticidad que dejaron fuera de la Guelaguetza a grupos \u00e9tnicos representativos como los de la Sierra Ju\u00e1rez, que han sido el alma de las fiestas; todo parece indicar que dicho comit\u00e9 obedece a otros intereses, ajenos totalmente a las tradiciones oaxaque\u00f1as\u2026 Y el alcalde Francisco Mart\u00ednez Neri se alista para viajar a Colombia en comisi\u00f3n oficial, pero con gastos personales por su cuenta, sin recursos municipales, se\u00f1ala\u2026 Luego de su conferencia de prensa ma\u00f1anera, el presidente Andr\u00e9s Manuel L\u00f3pez Obrador viaj\u00f3 a Washington acompa\u00f1ado de su esposa Beatriz Guti\u00e9rrez M\u00fcller para acudir este martes a la Casa Blanca a su entrevista con el presidente Joe Biden y con quien abordar\u00e1, entre otros temas, el migratorio que llega a su punto \u00e1lgido por las medidas adoptadas por el gobernador texano, Greg Abbott, que mand\u00f3 militares, guardia nacional y polic\u00edas estatales a rechazar migrantes ilegales, actividad que no le corresponde, porque son de la instancia federal.<\/p>\n<p><u><a href=\"mailto:asorianocarrasco@yahoo.com\" target=\"_blank\" rel=\"noopener noreferrer\"><em>asorianocarrasco@yahoo.com<\/em><\/a><br \/>\n<em><a href=\"https:\/\/revistabrecha.com\" target=\"_blank\" rel=\"noopener noreferrer\">www.revistabrecha.com<\/a><br \/>\n<\/em><\/u><em>facebook oficial <a href=\"https:\/\/es-la.facebook.com\/RevistaBrecha.Oficial\" target=\"_blank\" rel=\"noopener\">@BrechaRevista<\/a><\/em><\/p>\n","protected":false},"excerpt":{"rendered":"<p><span style=\"color: #005497;\"><strong>\u00c1ngel Soriano<\/strong><\/span><\/p>\n","protected":false},"author":3,"featured_media":0,"comment_status":"open","ping_status":"open","sticky":false,"template":"","format":"standard","meta":{"_monsterinsights_skip_tracking":false,"_monsterinsights_sitenote_active":false,"_monsterinsights_sitenote_note":"","_monsterinsights_sitenote_category":0,"footnotes":""},"categories":[135],"tags":[85,86,43674],"class_list":["post-553071","post","type-post","status-publish","format-standard","hentry","category-angel-soriano-opinion","tag-angel-soriano","tag-desde-el-portal","tag-opinion"],"_links":{"self":[{"href":"https:\/\/www.diarioimagen.net\/index.php?rest_route=\/wp\/v2\/posts\/553071","targetHints":{"allow":["GET"]}}],"collection":[{"href":"https:\/\/www.diarioimagen.net\/index.php?rest_route=\/wp\/v2\/posts"}],"about":[{"href":"https:\/\/www.diarioimagen.net\/index.php?rest_route=\/wp\/v2\/types\/post"}],"author":[{"embeddable":true,"href":"https:\/\/www.diarioimagen.net\/index.php?rest_route=\/wp\/v2\/users\/3"}],"replies":[{"embeddable":true,"href":"https:\/\/www.diarioimagen.net\/index.php?rest_route=%2Fwp%2Fv2%2Fcomments&post=553071"}],"version-history":[{"count":0,"href":"https:\/\/www.diarioimagen.net\/index.php?rest_route=\/wp\/v2\/posts\/553071\/revisions"}],"wp:attachment":[{"href":"https:\/\/www.diarioimagen.net\/index.php?rest_route=%2Fwp%2Fv2%2Fmedia&parent=553071"}],"wp:term":[{"taxonomy":"category","embeddable":true,"href":"https:\/\/www.diarioimagen.net\/index.php?rest_route=%2Fwp%2Fv2%2Fcategories&post=553071"},{"taxonomy":"post_tag","embeddable":true,"href":"https:\/\/www.diarioimagen.net\/index.php?rest_route=%2Fwp%2Fv2%2Ftags&post=553071"}],"curies":[{"name":"wp","href":"https:\/\/api.w.org\/{rel}","templated":true}]}}