{"id":553078,"date":"2022-07-12T00:08:07","date_gmt":"2022-07-12T05:08:07","guid":{"rendered":"https:\/\/www.diarioimagen.net\/?p=553078"},"modified":"2022-07-12T03:03:19","modified_gmt":"2022-07-12T08:03:19","slug":"migracion-mas-de-lo-mismo-2","status":"publish","type":"post","link":"https:\/\/www.diarioimagen.net\/?p=553078","title":{"rendered":"Migraci\u00f3n: \u00bfm\u00e1s de lo mismo?"},"content":{"rendered":"<h2>Punto por punto<\/h2>\n<h5>Augusto Corro<\/h5>\n<p>&nbsp;<\/p>\n<p>Los presidentes de M\u00e9xico y Estados Unidos, Andr\u00e9s Manuel L\u00f3pez Obrador y Joe Biden, respectivamente, se reunir\u00e1n hoy martes, en Washington. Entre los temas que estar\u00e1n en la conversaci\u00f3n se encuentra el de la migraci\u00f3n, un problema que afecta a los pa\u00edses latinoamericanos y a la naci\u00f3n vecina del norte.<\/p>\n<p>En los a\u00f1os recientes se agudiz\u00f3 el flujo migratorio del sur al norte y los gobiernos decidieron, unos con empe\u00f1o y otros sin inter\u00e9s alguno, buscar f\u00f3rmulas para evitar que miles de familias abandonaran sus lugares de origen; pero los intentos no funcionaron.<\/p>\n<p>Lo que tenemos ahora es una ola de caravanas de migrantes que tienen como prop\u00f3sito final llegar a Estados Unidos. Este constante peregrinaje miles de personas se exponen a correr peligros que los colocan en las probabilidades de perder la vida, como ocurri\u00f3 en los \u00faltimos meses.<\/p>\n<p>En los pa\u00edses centroamericanos, la poblaci\u00f3n deja sus pueblos, agobiada por la pobreza y la violencia. Por ejemplo, en Honduras, El Salvador y Guatemala, los gobiernos son incapaces de crear fuentes de empleo. No hay inversiones. En seguridad, la delincuencia organizada se encarga de anularla. O se es v\u00edctima del hambre o se corre el riesgo de sufrir una agresi\u00f3n.<\/p>\n<p>Sin duda, la reuni\u00f3n entre L\u00f3pez Obrador y Biden deber\u00e1 llegar a soluciones en materia migratoria. Ya se sabe el origen de los males que la alimentan, s\u00f3lo es necesario aplicar soluciones. Son constantes los discursos de los pol\u00edticos sobre la ayuda a los pa\u00edses pobres; pero esta no llega. Lo mismo sucede con la aplicaci\u00f3n de los derechos humanos de los migrantes.<\/p>\n<p>Sin ninguna consideraci\u00f3n, el trato a los indocumentados en Estados Unidos es reprobable, pues sometidos a toda clase de vejaciones y malos tratos, las razzias son constantes y los detenidos inmediatamente son echados de ese pa\u00eds a cualquier lugar.\u00a0 El problema no termina con las deportaciones.\u00a0 En fin, vamos a esperar a qu\u00e9 acuerdos llegan los presidentes L\u00f3pez Obrador y Biden en el problema migratorio. Tenemos claro que soluciones simplistas para salir del paso, \u00fanicamente agravar\u00e1n una situaci\u00f3n que no permite discursos demag\u00f3gicos.<\/p>\n<p style=\"text-align: center;\"><strong>Las masacres<\/strong><\/p>\n<p>Seis personas fueron asesinadas y ocho m\u00e1s resultaron heridas cuando fueron atacadas a balazos. La masacre se registr\u00f3 en Le\u00f3n, Guanajuato, luego de que un grupo armado abriera fuego contra los asistentes a una fiesta. La espiral de violencia lleg\u00f3 a la mencionada entidad, como ocurri\u00f3 en varias zonas del territorio nacional.<\/p>\n<p>La delincuencia organizada, amparada en la impunidad, no se detiene y comete toda clase de delitos que van de las extorsiones, los secuestros y los asesinatos. Las autoridades de los tres gobiernos: municipal, estatal y federal no saben qu\u00e9 hacer para frenar las acciones criminales.\u00a0 En d\u00edas recientes, la sociedad mexicana fue impactada por el asesinato de dos jesuitas en la Sierra Tarahumara. El hecho hizo que organizaciones religiosas y de defensoras de derechos humanos participaran en el arranque de la denominada jornada por la paz. Claro que se trata de una manifestaci\u00f3n necesaria contra la violencia; aunque suponemos que es insuficiente.<\/p>\n<p>La espiral de violencia que azota a M\u00e9xico no parece tener fin. Adem\u00e1s, no se ve una estrategia, por parte de las autoridades, que nos permita pensar que estamos en v\u00edas de que nos regresen la seguridad que se perdi\u00f3 desde hace varios sexenios. No se aplican las leyes para castigar a los criminales. No ha funcionado el proyecto de \u201cabrazos, no balazos del gobierno morenista\u201d.\u00a0 Esto se ve en las cifras de muertes violentas en lo que va del sexenio.<\/p>\n<p>Los gobiernos tendr\u00e1n que revisar, si es que la tienen, la estrategia para combatir la delincuencia que en algunas entidades est\u00e1 incontenible.<\/p>\n<p>\u00bfUsted qu\u00e9 opina amable lector?<\/p>\n<p><a href=\"mailto:aco2742@hotmail.com\" target=\"_blank\" rel=\"noopener noreferrer\"><em>aco2742@hotmail.com<\/em><\/a><\/p>\n","protected":false},"excerpt":{"rendered":"<p><span style=\"color: #005497;\"><strong>Augusto Corro<\/strong><\/span><\/p>\n","protected":false},"author":3,"featured_media":0,"comment_status":"open","ping_status":"open","sticky":false,"template":"","format":"standard","meta":{"_monsterinsights_skip_tracking":false,"_monsterinsights_sitenote_active":false,"_monsterinsights_sitenote_note":"","_monsterinsights_sitenote_category":0,"footnotes":""},"categories":[157],"tags":[43686,43674,11515],"class_list":["post-553078","post","type-post","status-publish","format-standard","hentry","category-augusto-corro","tag-augusto-corro","tag-opinion","tag-punto-por-punto"],"_links":{"self":[{"href":"https:\/\/www.diarioimagen.net\/index.php?rest_route=\/wp\/v2\/posts\/553078","targetHints":{"allow":["GET"]}}],"collection":[{"href":"https:\/\/www.diarioimagen.net\/index.php?rest_route=\/wp\/v2\/posts"}],"about":[{"href":"https:\/\/www.diarioimagen.net\/index.php?rest_route=\/wp\/v2\/types\/post"}],"author":[{"embeddable":true,"href":"https:\/\/www.diarioimagen.net\/index.php?rest_route=\/wp\/v2\/users\/3"}],"replies":[{"embeddable":true,"href":"https:\/\/www.diarioimagen.net\/index.php?rest_route=%2Fwp%2Fv2%2Fcomments&post=553078"}],"version-history":[{"count":0,"href":"https:\/\/www.diarioimagen.net\/index.php?rest_route=\/wp\/v2\/posts\/553078\/revisions"}],"wp:attachment":[{"href":"https:\/\/www.diarioimagen.net\/index.php?rest_route=%2Fwp%2Fv2%2Fmedia&parent=553078"}],"wp:term":[{"taxonomy":"category","embeddable":true,"href":"https:\/\/www.diarioimagen.net\/index.php?rest_route=%2Fwp%2Fv2%2Fcategories&post=553078"},{"taxonomy":"post_tag","embeddable":true,"href":"https:\/\/www.diarioimagen.net\/index.php?rest_route=%2Fwp%2Fv2%2Ftags&post=553078"}],"curies":[{"name":"wp","href":"https:\/\/api.w.org\/{rel}","templated":true}]}}