{"id":553081,"date":"2022-07-12T00:03:33","date_gmt":"2022-07-12T05:03:33","guid":{"rendered":"https:\/\/www.diarioimagen.net\/?p=553081"},"modified":"2022-07-12T03:04:39","modified_gmt":"2022-07-12T08:04:39","slug":"no-es-pena-es-el-edomex","status":"publish","type":"post","link":"https:\/\/www.diarioimagen.net\/?p=553081","title":{"rendered":"No es Pe\u00f1a, es el Edomex"},"content":{"rendered":"<h2>Espacio Electoral<\/h2>\n<h5>Eleazar Flores<\/h5>\n<p>&nbsp;<\/p>\n<p><strong>LOS TIEMPOS DE AMLO-.<\/strong> Es demasiada casualidad &#8211; y en pol\u00edtica no la hay- que justo cuando se deshoja el calendario electoral para escoger aspirantes y luego candidatos a la gubernatura objeto del deseo \u201cmoreno\u201d desde hace seis a\u00f1os, la Cuarta Transformaci\u00f3n inicia una guerra medi\u00e1tica contra el ex presidente Enrique Pe\u00f1a Nieto.<\/p>\n<p>Y no es que al hijo de Atlacomulco se le culpe o exima con o sin motivos, seguramente para sus enemigos sobran y para sus amigos no tanto, lo discutible es el momento en el que se hace ruido.<\/p>\n<p>\u00bfPor qu\u00e9 no antes? Preguntan\u00a0 observadores y analistas pol\u00edticos serios.<\/p>\n<p><strong>EDOMEX EN CIFRAS-.<\/strong> El Estado de M\u00e9xico es el m\u00e1s poblado del pa\u00eds -nada de que enorgullecerse\u00a0 con sus casi 18 millones de habitantes y un padr\u00f3n electoral superior a los 12 millones de ciudadanos-as, con derecho a voto el primer domingo de junio de 2023.<\/p>\n<p>Exceptuando a Oaxaca, con sus casi 500 municipios, muchos de los cuales observan los usos y costumbres para elegir a sus autoridades y Veracruz con unas 200 municipalidades aproximadamente, el Estado de M\u00e9xico es la entidad donde se eligen con observaci\u00f3n constitucional a 125 cabildos, muchos de los cuales cuentan hasta con 15 regidur\u00edas y dos sindicaturas, siendo estos cargos los m\u00e1s peleados por partidos y ciudadan\u00eda.<\/p>\n<p><strong>ECONOM\u00cdA-.<\/strong> El Estado de M\u00e9xico aporta el 12.5 por ciento del famoso Producto Interno Bruto, PIB, no obstante que mucha de las empresas instaladas en sus zonas industriales de Tlalnepantla, Naucalpan, Toluca y Lerma, mantienen sus registros fiscales en la capital de la rep\u00fablica, pero el resto es harina de otro costal, para no caer en sinrazones como que muchos mexiquenses van a \u201cchilangolandia\u201d a trabajar, olvidando las autoridades que manejan esta teor\u00eda, que hay muchos capitalinos que laboran en los valles de M\u00e9xico y Toluca.<\/p>\n<p>Primer o segundo productor de flor, granero forrajero en el oriente para alimentar las caballerizas del Ej\u00e9rcito, son entre muchas otras cosas, atractivo para cualquier partido pol\u00edtico en busca del poder.<\/p>\n<p><strong>ASPECTO EDUCATIVO-.<\/strong> Pocas veces analizado, la entidad cuenta con satisfactorias instituciones educativas, su Universidad Aut\u00f3noma con casi 100 mil alumnos y campus de educaci\u00f3n superior como los dos del TEC de Monterrey en Atizap\u00e1n de Zaragoza y Toluca, la Universidad An\u00e1huac, la UVM y muchas m\u00e1s que escapan a la memoria.<\/p>\n<p>Casi cinco millones de estudiantes desde preescolar hasta superior, atendidos por unos\u00a0 150 mil docentes en unos 40 mil planteles no es cosa menor.<\/p>\n<p>Agregue tambi\u00e9n un sindicato magisterial estatal y las secciones 17 y 36 del SNTE, los tres con posiciones pol\u00edticas.<\/p>\n<p>Por estas y muchas otras cosas m\u00e1s, el Edomex es el blanco de ataques, Pe\u00f1a, la vereda.<\/p>\n<p><em><a href=\"mailto:elefa44@gmail.com\" target=\"_blank\" rel=\"noopener noreferrer\">elefa44@gmail.com<\/a><\/em><\/p>\n","protected":false},"excerpt":{"rendered":"<p><span style=\"color: #005497;\"><strong>Eleazar Flores<\/strong><\/span><\/p>\n","protected":false},"author":3,"featured_media":0,"comment_status":"open","ping_status":"open","sticky":false,"template":"","format":"standard","meta":{"_monsterinsights_skip_tracking":false,"_monsterinsights_sitenote_active":false,"_monsterinsights_sitenote_note":"","_monsterinsights_sitenote_category":0,"footnotes":""},"categories":[81743],"tags":[81744,81776,43674],"class_list":["post-553081","post","type-post","status-publish","format-standard","hentry","category-eleazar-flores","tag-eleazar-flores","tag-espacio-electoral","tag-opinion"],"_links":{"self":[{"href":"https:\/\/www.diarioimagen.net\/index.php?rest_route=\/wp\/v2\/posts\/553081","targetHints":{"allow":["GET"]}}],"collection":[{"href":"https:\/\/www.diarioimagen.net\/index.php?rest_route=\/wp\/v2\/posts"}],"about":[{"href":"https:\/\/www.diarioimagen.net\/index.php?rest_route=\/wp\/v2\/types\/post"}],"author":[{"embeddable":true,"href":"https:\/\/www.diarioimagen.net\/index.php?rest_route=\/wp\/v2\/users\/3"}],"replies":[{"embeddable":true,"href":"https:\/\/www.diarioimagen.net\/index.php?rest_route=%2Fwp%2Fv2%2Fcomments&post=553081"}],"version-history":[{"count":0,"href":"https:\/\/www.diarioimagen.net\/index.php?rest_route=\/wp\/v2\/posts\/553081\/revisions"}],"wp:attachment":[{"href":"https:\/\/www.diarioimagen.net\/index.php?rest_route=%2Fwp%2Fv2%2Fmedia&parent=553081"}],"wp:term":[{"taxonomy":"category","embeddable":true,"href":"https:\/\/www.diarioimagen.net\/index.php?rest_route=%2Fwp%2Fv2%2Fcategories&post=553081"},{"taxonomy":"post_tag","embeddable":true,"href":"https:\/\/www.diarioimagen.net\/index.php?rest_route=%2Fwp%2Fv2%2Ftags&post=553081"}],"curies":[{"name":"wp","href":"https:\/\/api.w.org\/{rel}","templated":true}]}}