{"id":553083,"date":"2022-07-12T00:10:21","date_gmt":"2022-07-12T05:10:21","guid":{"rendered":"https:\/\/www.diarioimagen.net\/?p=553083"},"modified":"2022-07-14T03:34:29","modified_gmt":"2022-07-14T08:34:29","slug":"el-tercer-motor-de-la-migracion","status":"publish","type":"post","link":"https:\/\/www.diarioimagen.net\/?p=553083","title":{"rendered":"El tercer motor de la migraci\u00f3n"},"content":{"rendered":"<h2>Triple Erre<\/h2>\n<h5>Francisco Reynoso<\/h5>\n<p>&nbsp;<\/p>\n<p>Lleg\u00f3 a Washington Andr\u00e9s Manuel L\u00f3pez. Un paso atr\u00e1s, como ordenan los c\u00e1nones diplom\u00e1ticos, su esposa Beatriz Guti\u00e9rrez M\u00fcller, quien tiene maravillada a Jill Biden, esposa del mandam\u00e1s de la Casa Blanca.<\/p>\n<p>La pareja presidencial mexicana llega rodeada de las cifras terribles de migrantes muertos, desaparecidos y deportados.<\/p>\n<p>Mucho tendr\u00e1 que reclamar L\u00f3pez Obrador a Joe Biden. Pero m\u00e1s tendr\u00e1n por reclamar los mexicanos al presidente de la Cuarta Transformaci\u00f3n.<\/p>\n<p>Las cifras que nos comparte Jos\u00e9 Juan Estrada, migrante zacatecano residente en Chicago, son escalofriantes.<\/p>\n<p>Y m\u00e1s porque se contrastan con la pol\u00edtica de no veo, no oigo, no hablo, de la 4T para contener la migraci\u00f3n de mexicanos en busca de la <em>pesadilla americana<\/em>.<\/p>\n<p>Dice Estrada que el gobierno de L\u00f3pez Obrador no hace nada para evitar que los j\u00f3venes, hijos de campesinos, abandonen su tierra. Ni hace nada para crear condiciones favorables para retener a quienes no encuentran oportunidades de trabajo, estudio y para mejorar su calidad de vida.<\/p>\n<p style=\"text-align: center;\"><strong>L\u00f3pez defender\u00e1 a sus amigos<\/strong><\/p>\n<p>En la frontera norte ocurren 20 mil secuestros de migrantes por a\u00f1o.<\/p>\n<p>Equivale esta suma a 54.7 diarios.<\/p>\n<p>Los <em>polleros<\/em> -explica Jos\u00e9 Juan Estrada, quien fue secretario del Zacatecano Migrante en el gobierno de Alejandro Tello, llevaron a \u201cla mercanc\u00eda\u201d hasta lugares donde los abandonan. Y a algunos los retienen en guaridas para que avisen a sus familias que deben pagar un rescate por ellos.<\/p>\n<p>El tr\u00e1fico de seres humanos es terrible. De pesadilla. Al crimen organizado le representa utilidades que rondan los 150 mil millones de d\u00f3lares.<\/p>\n<p>Ojal\u00e1 L\u00f3pez Obrador tenga la pel\u00edcula completa para que pueda discutirla con Joe Biden y los dos gobiernos encuentren soluciones.<\/p>\n<p>Porque puede ser que L\u00f3pez lleve su propia agenda y las negociaciones con el presidente estadounidense las centre en su defensa a la soberan\u00eda y la libertad de Cuba, Nicaragua, Venezuela y otros del club del tabasque\u00f1o.<\/p>\n<p style=\"text-align: center;\"><strong>Desaparecidos, 120 mil migrantes<\/strong><\/p>\n<p>De 2007 a la fecha -tiene documentado el diputado migrante Jos\u00e9 Juan Estrada, quien estudia en el Colegio de la Frontera- hay m\u00e1s de 120 mil migrantes desaparecidos.<\/p>\n<p>Y un horror que L\u00f3pez Obrador tendr\u00eda que revisar con Biden, es que alrededor de 40 mil cad\u00e1veres no identificados de migrantes, v\u00edctimas de la delincuencia organizada, permanecen en morgues de ciudades <em>gringas.<\/em><\/p>\n<p>Y otros 24 mil cuerpos de migrantes en las fosas comunes; migrantes que no tuvieron derecho a un examen de ADN para su identificaci\u00f3n. El gobierno de la Casa Blanca y los de los estados no destinan recursos para esos procedimientos.<\/p>\n<p>\u00bfPara qu\u00e9? dir\u00e1n. Lo mismo da sepultar entre cal, tierra y restos humanos a un desconocido que a uno que se haya identificado como Pedro P\u00e9rez Ram\u00edrez.<\/p>\n<p style=\"text-align: center;\"><strong>Abrazos, no balazos a <em>polleros<\/em><\/strong><\/p>\n<p>Hist\u00f3ricamente, la migraci\u00f3n de mexicanos a Estados Unidos ha tenido un motor principal: el hambre.<\/p>\n<p>El padre de familia ve que sus hijos est\u00e1n en los huesos y no tiene para darles de comer. Agarra sus tiliches y emprende el viaje en busca de d\u00f3lares.<\/p>\n<p>La inmensa mayor\u00eda trata de cruzar la frontera ilegalmente, sin papeles.<\/p>\n<p>Antes era echarse al r\u00edo y ganarle a la Patrulla Fronteriza. Ahora, las nuevas tecnolog\u00edas hacen imposible pasar por los lugares de cruce \u201cf\u00e1cil\u201d. Los migrantes deben arriesgarse, azuzados por los <em>polleros<\/em> a internarse en lugares infrahumanos de los que muchas veces no salen vivos.<\/p>\n<p>Pero dicen que el hambre es canija y m\u00e1s el que la aguanta.<\/p>\n<p>Entonces, con la tripa vac\u00eda hay que entrarle a todo.<\/p>\n<p>Pero ahora la migraci\u00f3n tiene otro motor tanto o m\u00e1s poderoso que el hambre. Y es el miedo. Miles de familias completas abandonan sus casas y se van en busca no del <em>sue\u00f1o americano<\/em>, sino de vivir sin el terror de encontrarse en medio de una balacera entre bandas del crimen organizado.<\/p>\n<p>Huyen por el p\u00e1nico a ser secuestrados para pagar un rescate expr\u00e9s; huyen por el terror de que un d\u00eda avisen a la familia de que el hijo est\u00e1 tirado en la banqueta con la cabeza desfigurada, colgado en un puente o descuartizado en un saco de papas.<\/p>\n<p style=\"text-align: center;\"><strong>Calder\u00f3n revirti\u00f3 la migraci\u00f3n<\/strong><\/p>\n<p>Ojal\u00e1 el presidente L\u00f3pez tenga claros estos datos para que los discuta con Joe Biden. Y tambi\u00e9n para que al regresar a M\u00e9xico instrumente pol\u00edticas p\u00fablicas orientadas a crear oportunidades de trabajo y desarrollo en el campo mexicano. Y evitar as\u00ed que la migraci\u00f3n siga aumentando.<\/p>\n<p>De 2005 a 2010 hubo una reversi\u00f3n en la migraci\u00f3n. Es decir, el n\u00famero de mexicanos que regresaban a su pa\u00eds, a su pueblo, era superior al que cruzaba la frontera hacia Estados Unidos.<\/p>\n<p>En M\u00e9xico hab\u00eda m\u00e1s oportunidades de trabajo y de generar riqueza que en Estados Unidos. Con todo y que se ha dicho que era un borrach\u00edn irresponsable, Felipe Calder\u00f3n logr\u00f3 no s\u00f3lo frenar el flujo migratorio, tambi\u00e9n revertirlo.<\/p>\n<p>Pero a finales de 2010 volvieron las cosas a la \u201cnormalidad\u201d. Y el negocio de los <em>polleros<\/em> se multiplic\u00f3. Y las muertes, extorsiones y secuestros de migrantes.<\/p>\n<p>En 2021 -confirma el migrante Estrada, el gobierno de Joe Biden deport\u00f3 a 600 mil mexicanos. Y todo apunta a que esa cantidad en 2022 se superar\u00e1.<\/p>\n<p>Y ahora puede decirse que hay otro motor adicional: el gobierno de la 4T que ha convertido la econom\u00eda de M\u00e9xico en una pesadilla.<\/p>\n<p>Primero era el hambre, luego fueron el hambre y el miedo. Y ahora es el hambre, el miedo y L\u00f3pez Obrador, los tres motores que empujan a los mexicanos pobres a buscar fortuna o la muerte en Estados Unidos.<\/p>\n<p>&nbsp;<\/p>\n<blockquote>\n<p style=\"text-align: right;\"><em><strong>La verdad es la verdad<br \/>\ny no admite otros datos<\/strong><\/em><\/p>\n<\/blockquote>\n<p>&nbsp;<\/p>\n<p><a href=\"mailto:donrunrun@yahoo.es\" target=\"_blank\" rel=\"noopener\"><em>donrunrun@yahoo.es<\/em><\/a><\/p>\n","protected":false},"excerpt":{"rendered":"<p><span style=\"color: #005497;\"><strong>Francisco Reynoso<\/strong><\/span><\/p>\n","protected":false},"author":3,"featured_media":0,"comment_status":"open","ping_status":"open","sticky":false,"template":"","format":"standard","meta":{"_monsterinsights_skip_tracking":false,"_monsterinsights_sitenote_active":false,"_monsterinsights_sitenote_note":"","_monsterinsights_sitenote_category":0,"footnotes":""},"categories":[94855],"tags":[94857,43674,94856],"class_list":["post-553083","post","type-post","status-publish","format-standard","hentry","category-francisco-reynoso","tag-francisco-reynoso","tag-opinion","tag-triple-erre"],"_links":{"self":[{"href":"https:\/\/www.diarioimagen.net\/index.php?rest_route=\/wp\/v2\/posts\/553083","targetHints":{"allow":["GET"]}}],"collection":[{"href":"https:\/\/www.diarioimagen.net\/index.php?rest_route=\/wp\/v2\/posts"}],"about":[{"href":"https:\/\/www.diarioimagen.net\/index.php?rest_route=\/wp\/v2\/types\/post"}],"author":[{"embeddable":true,"href":"https:\/\/www.diarioimagen.net\/index.php?rest_route=\/wp\/v2\/users\/3"}],"replies":[{"embeddable":true,"href":"https:\/\/www.diarioimagen.net\/index.php?rest_route=%2Fwp%2Fv2%2Fcomments&post=553083"}],"version-history":[{"count":0,"href":"https:\/\/www.diarioimagen.net\/index.php?rest_route=\/wp\/v2\/posts\/553083\/revisions"}],"wp:attachment":[{"href":"https:\/\/www.diarioimagen.net\/index.php?rest_route=%2Fwp%2Fv2%2Fmedia&parent=553083"}],"wp:term":[{"taxonomy":"category","embeddable":true,"href":"https:\/\/www.diarioimagen.net\/index.php?rest_route=%2Fwp%2Fv2%2Fcategories&post=553083"},{"taxonomy":"post_tag","embeddable":true,"href":"https:\/\/www.diarioimagen.net\/index.php?rest_route=%2Fwp%2Fv2%2Ftags&post=553083"}],"curies":[{"name":"wp","href":"https:\/\/api.w.org\/{rel}","templated":true}]}}