{"id":553092,"date":"2022-07-12T00:06:32","date_gmt":"2022-07-12T05:06:32","guid":{"rendered":"https:\/\/www.diarioimagen.net\/?p=553092"},"modified":"2022-07-12T03:13:39","modified_gmt":"2022-07-12T08:13:39","slug":"piden-por-la-paz-y-la-necesitamos","status":"publish","type":"post","link":"https:\/\/www.diarioimagen.net\/?p=553092","title":{"rendered":"Piden por la paz y la necesitamos"},"content":{"rendered":"<h2>As\u00ed las cosas&#8230;<\/h2>\n<h5>Humberto Mares N.<\/h5>\n<p>&nbsp;<\/p>\n<p>La jornada por la paz y en contra de la violencia realizada por la Iglesia mexicana el domingo 10 de julio en todos los templos e iglesias del pa\u00eds, que rezaron y clamaron paz porque el pa\u00eds ya lleg\u00f3 a un punto insostenible.<\/p>\n<p>La jornada de la Iglesia cat\u00f3lica, como en pocas ocasiones, fue bien recibida por los feligreses y no cat\u00f3licos, la sociedad en general estuvo de acuerdo.<\/p>\n<p>Religiosos de todos los grados participaron en la jornada de oraci\u00f3n por la paz y puntualizaron\u00a0 que M\u00e9xico est\u00e1 herido por el miedo y la inseguridad. Obispos, arzobispos y curas cat\u00f3licos de pr\u00e1cticamente todo el pa\u00eds lanzaron un \u201c\u00a1ya basta!\u201d por la violencia, pues est\u00e1 llegando a un punto insostenible.<\/p>\n<p>El monse\u00f1or Ram\u00f3n Castro Castro, secretario general de la Conferencia del Episcopado Mexicano (CEM) en d\u00edas pasados respondi\u00f3 al presidente Andr\u00e9s Manuel L\u00f3pez Obrador que llam\u00f3 \u201chip\u00f3crita\u201d a la Iglesia cat\u00f3lica en M\u00e9xico y lo inst\u00f3 a cumplir su misi\u00f3n, algo que s\u00ed hacen los obispos mexicanos.<\/p>\n<p>El monse\u00f1or apunt\u00f3: \u201cUstedes que tienen la fuerza del estado, para eso est\u00e1n, es su obligaci\u00f3n. Es parte esencial de las autoridades proveer de paz y justicia al pa\u00eds\u201d, dijo el tambi\u00e9n obispo de Cuernavaca el 9 de julio, dirigi\u00e9ndose al presidente de M\u00e9xico y en\u00a0entrevista con el compa\u00f1ero Ciro G\u00f3mez Leyva. \u201cYo creo que eso es algo que debe reconsiderar el se\u00f1or Presidente\u201d, destac\u00f3 el prelado, al referirse a las acusaciones del mandatario.<\/p>\n<p>\u201cFuimos acusados de ser hip\u00f3critas y de no haber levantado la voz en sexenios anteriores. Entonces yo promet\u00ed que \u00edbamos a hacer el elenco de los documentos principales en donde se habla de la paz y donde se acusa\u201d, apunt\u00f3 el Episcopado mexicano.<\/p>\n<p>En efecto, desde 1968<strong>,\u00a0<\/strong>la CEM ha publicado 116 documentos en los que ha manifestado su preocupaci\u00f3n por la situaci\u00f3n de M\u00e9xico, entre ellos, hace solo unos d\u00edas, cuando convoc\u00f3 a una jornada nacional de oraci\u00f3n que se realiz\u00f3 este domingo pasado.<\/p>\n<p>\u201cCreo que ha sido un trabajo que es parte de nuestra misi\u00f3n. Un momento muy fuerte fue el asesinato del cardenal Posadas y ah\u00ed se levant\u00f3 la Conferencia Episcopal, el problema de Acteal, y el problema tambi\u00e9n de la corrupci\u00f3n en el 2004, hechos vergonzosos para M\u00e9xico, la corrupci\u00f3n de las autoridades, fue fort\u00edsimo\u201d, se\u00f1al\u00f3 el monse\u00f1or.<\/p>\n<p>El 30 de junio, en su conferencia de prensa matutina, el Presidente de M\u00e9xico arremeti\u00f3 contra los sacerdotes, obispos y cardenales que han criticado su pol\u00edtica de \u201cabrazos, no balazos\u201d contra el crimen organizado. \u201c\u00bfPor qu\u00e9 no actuaron, cuando Calder\u00f3n, de esa manera? \u00bfPor qu\u00e9 callaron cuando se ordenaban las masacres, cuando se puso en pr\u00e1ctica el \u2018m\u00e1talos en caliente\u2019, cuando se dec\u00eda a los altos mandos del Ej\u00e9rcito: \u2018Ustedes hagan su trabajo y nosotros nos encargamos de los derechos humanos\u2019? \u00bfPor qu\u00e9 esa hipocres\u00eda?\u201d, cuestion\u00f3 L\u00f3pez Obrador, refiri\u00e9ndose a mandatos anteriores como el del presidente Felipe Calder\u00f3n.<\/p>\n<p>Entre las distintas comunicaciones del Episcopado est\u00e1n las referidas a la ola de ejecuciones de 2005, la matanza de migrantes en San Fernando en 2010 y la desaparici\u00f3n de 43 estudiantes de Ayotzinapa en 2014, las pruebas est\u00e1n de que nunca hemos sido omisos, de que hemos cumplido nuestro trabajo de pastores, presentando la verdad y suplicando que se tenga conciencia de lo que pasa y se solucione\u201d, resalt\u00f3 el obispo de Cuernavaca.<\/p>\n<p>La Iglesia mexicana entr\u00f3 de lleno a la lucha haciendo desde su p\u00falpito, lo que puede hacer, llamar a cerrar filas para detener la violencia, y la 4T, tal vez no entiende la real fuerza de los cat\u00f3licos o cualquier otra iglesia. Si no lo entiende, va a jugar en su contra.<\/p>\n<p style=\"text-align: center;\"><strong>No a las simulaciones y farsas<\/strong><\/p>\n<p>El senador Ricardo Monreal, l\u00edder de los morenistas en la C\u00e1mara alta, aclara y anuncia que no se prestara a farsas de las encuestas, como lo hizo morena durante las pasadas elecciones y la prueba, reconocido por Morena, no se llevaron a cabo encuesta alguna cuando menos en Oaxaca.<\/p>\n<p>Ricardo Monreal lo sabe y por ello se\u00f1ala que s\u00ed hay encuesta, \u00e9l no se prestar\u00e1 \u201ca ninguna farsa\u201d. Lo digo desde ahora para que no haya duda, si se insiste en una encuesta elaborada, pactada y organizada por el partido (Morena), no tiene sentido participar, porque va a ganar quien quiere que gane, como lo hizo en el proceso pasado. No va a ser democr\u00e1tico y all\u00ed no nos vamos a prestar a ninguna farsa\u201d, advirti\u00f3 el aspirante a la candidatura de Morena a la Presidencia, que por cierto, en principio, no fue considerado por AMLO, desde su p\u00falpito de Palacio Nacional. Al tiempo AMLO lo tom\u00f3 en cuenta, cuando el senador Monreal levant\u00f3 la mano y pidi\u00f3 piso parejo, cosa que no ha sucedido, porque esto se resuelve en Palacio Nacional.<\/p>\n<p style=\"text-align: center;\"><strong>La maestra dice y lo dice bien<\/strong><\/p>\n<p>\u201cLos partidos est\u00e1n en crisis\u201d, dice Elba Esther Gordillo, que anota puntualmente que solo una alianza opositora le ganar\u00eda a Morena en 2024. \u201cNo hay de otra, as\u00ed de simple\u201d apunta la profesora Gordillo a reaparecer en el terreno de la pol\u00edtica<\/p>\n<p>Los partidos est\u00e1n en crisis\u201d y la \u00fanica opci\u00f3n de triunfo de la oposici\u00f3n en el 2024 es mantenerla alianza Va por M\u00e9xico, pero consider\u00f3, que mantener viva la alianza, deben dejar los egos a un lado. As\u00ed las cosas, hasta pronto. Use cubrebocas.<\/p>\n<p><a href=\"mailto:hmares21@gmail.com\" target=\"_blank\" rel=\"noopener noreferrer\"><em>mares21@gmail.com<\/em><\/a><\/p>\n","protected":false},"excerpt":{"rendered":"<p><span style=\"color: #005497;\"><strong>Humberto Mares N.<\/strong><\/span><\/p>\n","protected":false},"author":3,"featured_media":0,"comment_status":"open","ping_status":"open","sticky":false,"template":"","format":"standard","meta":{"_monsterinsights_skip_tracking":false,"_monsterinsights_sitenote_active":false,"_monsterinsights_sitenote_note":"","_monsterinsights_sitenote_category":0,"footnotes":""},"categories":[15043],"tags":[92044,92045,43674],"class_list":["post-553092","post","type-post","status-publish","format-standard","hentry","category-humberto-mares-n","tag-asi-las-cosas","tag-humberto-mares-n","tag-opinion"],"_links":{"self":[{"href":"https:\/\/www.diarioimagen.net\/index.php?rest_route=\/wp\/v2\/posts\/553092","targetHints":{"allow":["GET"]}}],"collection":[{"href":"https:\/\/www.diarioimagen.net\/index.php?rest_route=\/wp\/v2\/posts"}],"about":[{"href":"https:\/\/www.diarioimagen.net\/index.php?rest_route=\/wp\/v2\/types\/post"}],"author":[{"embeddable":true,"href":"https:\/\/www.diarioimagen.net\/index.php?rest_route=\/wp\/v2\/users\/3"}],"replies":[{"embeddable":true,"href":"https:\/\/www.diarioimagen.net\/index.php?rest_route=%2Fwp%2Fv2%2Fcomments&post=553092"}],"version-history":[{"count":0,"href":"https:\/\/www.diarioimagen.net\/index.php?rest_route=\/wp\/v2\/posts\/553092\/revisions"}],"wp:attachment":[{"href":"https:\/\/www.diarioimagen.net\/index.php?rest_route=%2Fwp%2Fv2%2Fmedia&parent=553092"}],"wp:term":[{"taxonomy":"category","embeddable":true,"href":"https:\/\/www.diarioimagen.net\/index.php?rest_route=%2Fwp%2Fv2%2Fcategories&post=553092"},{"taxonomy":"post_tag","embeddable":true,"href":"https:\/\/www.diarioimagen.net\/index.php?rest_route=%2Fwp%2Fv2%2Ftags&post=553092"}],"curies":[{"name":"wp","href":"https:\/\/api.w.org\/{rel}","templated":true}]}}