{"id":553094,"date":"2022-07-12T00:08:24","date_gmt":"2022-07-12T05:08:24","guid":{"rendered":"https:\/\/www.diarioimagen.net\/?p=553094"},"modified":"2022-07-12T03:15:18","modified_gmt":"2022-07-12T08:15:18","slug":"luis-echeverria-alvarez-una-anecdota","status":"publish","type":"post","link":"https:\/\/www.diarioimagen.net\/?p=553094","title":{"rendered":"Luis Echeverr\u00eda \u00c1lvarez, una an\u00e9cdota"},"content":{"rendered":"<h2>Detr\u00e1s del Poder<\/h2>\n<h5>Jos\u00e9 Antonio L\u00f3pez Sosa<\/h5>\n<p>&nbsp;<\/p>\n<p>Arriba y adelante con la revoluci\u00f3n, fueron los postulados de campa\u00f1a con la que gan\u00f3, como sol\u00eda ser en los tiempos del PRI, con absoluta ventaja la elecci\u00f3n presidencial, Luis Echeverr\u00eda \u00c1lvarez.<\/p>\n<p>A\u00fan no nac\u00eda cuando \u00e9l fue Presidente, mi abuelo don Fernando Sosa, cubri\u00f3 como reportero gr\u00e1fico la fuente presidencial para \u201cEl Universal\u201d en aquellos a\u00f1os y me platic\u00f3 muchas an\u00e9cdotas que reflejaron la personalidad de un pol\u00edtico populista, que una mano la tend\u00eda y con la otra por detr\u00e1s golpeaba, de un bur\u00f3crata de la \u00e9lite que por momentos se sent\u00eda hombre del pueblo.<\/p>\n<p>Recuerdo una an\u00e9cdota que refleja parte de su esencia: una Navidad durante su gesti\u00f3n presidencial, invit\u00f3 a los reporteros que cubr\u00edan la fuente presidencial con sus esposas, adem\u00e1s de otros invitados especiales a Canc\u00fan, el naciente desarrollo tur\u00edstico del pa\u00eds. La celebraci\u00f3n de Nochebuena fue en las calles del centro de Canc\u00fan, una ciudad nueva que crec\u00eda desordenadamente a un costado del desarrollo tur\u00edstico de Fonatur. Se trat\u00f3 de una fiesta popular, el pueblo entero estuvo invitado y el men\u00fa fueron tamales y atole. As\u00ed celebraron pues la Navidad el Presidente de la Rep\u00fablica, los funcionarios que le acompa\u00f1aban, los periodistas con sus parejas y los dem\u00e1s invitados especiales. Una verbena popular.<\/p>\n<p>Al d\u00eda siguiente, la noche del 25 de diciembre, el Presidente y su esposa, Mar\u00eda Esther Zuno, informaron a los periodistas e invitados especiales sobre una cena de desagravio, es decir, una celebraci\u00f3n exclusiva para esos invitados especiales que le acompa\u00f1aron a la fiesta popular en la Nochebuena. La cena fue a todo lujo en la naciente zona hotelera de Canc\u00fan, echaron la casa por la ventana y agradecieron sobremanera a los asistentes el haber estado con el Presidente y el pueblo en las calles de Canc\u00fan y se comi\u00f3 y bebi\u00f3 sin l\u00edmites -con la salvedad que el presidente Echeverr\u00eda no acostumbraba beber alcohol- y as\u00ed todos quedaron satisfechos.<\/p>\n<p>Y as\u00ed fue su obra de gobierno, privilegios para unos y tamales con atole, para otros, adem\u00e1s de los abusos que mucho se han documentado.<\/p>\n<p><em><a href=\"http:\/\/www.lopezsosa.com\" target=\"_blank\" rel=\"noopener\">www.lopezsosa.com<\/a><\/em><br \/>\n<em><a href=\"mailto:joseantonio@lopezsosa.com\" target=\"_blank\" rel=\"noopener\">joseantonio@lopezsosa.com<\/a><\/em><br \/>\n<em><a href=\"http:\/\/twitter.com\/joseantonio1977\" target=\"_blank\" rel=\"noopener\">@joseantonio197<\/a><\/em><\/p>\n","protected":false},"excerpt":{"rendered":"<p><span style=\"color: #005497;\"><strong>Jos\u00e9 Antonio L\u00f3pez Sosa<\/strong><\/span><\/p>\n","protected":false},"author":3,"featured_media":0,"comment_status":"open","ping_status":"open","sticky":false,"template":"","format":"standard","meta":{"_monsterinsights_skip_tracking":false,"_monsterinsights_sitenote_active":false,"_monsterinsights_sitenote_note":"","_monsterinsights_sitenote_category":0,"footnotes":""},"categories":[637],"tags":[638,43690,43674],"class_list":["post-553094","post","type-post","status-publish","format-standard","hentry","category-jose-antonio-lopez-sosa","tag-detras-del-poder","tag-jose-antonio-lopez-sosa","tag-opinion"],"_links":{"self":[{"href":"https:\/\/www.diarioimagen.net\/index.php?rest_route=\/wp\/v2\/posts\/553094","targetHints":{"allow":["GET"]}}],"collection":[{"href":"https:\/\/www.diarioimagen.net\/index.php?rest_route=\/wp\/v2\/posts"}],"about":[{"href":"https:\/\/www.diarioimagen.net\/index.php?rest_route=\/wp\/v2\/types\/post"}],"author":[{"embeddable":true,"href":"https:\/\/www.diarioimagen.net\/index.php?rest_route=\/wp\/v2\/users\/3"}],"replies":[{"embeddable":true,"href":"https:\/\/www.diarioimagen.net\/index.php?rest_route=%2Fwp%2Fv2%2Fcomments&post=553094"}],"version-history":[{"count":0,"href":"https:\/\/www.diarioimagen.net\/index.php?rest_route=\/wp\/v2\/posts\/553094\/revisions"}],"wp:attachment":[{"href":"https:\/\/www.diarioimagen.net\/index.php?rest_route=%2Fwp%2Fv2%2Fmedia&parent=553094"}],"wp:term":[{"taxonomy":"category","embeddable":true,"href":"https:\/\/www.diarioimagen.net\/index.php?rest_route=%2Fwp%2Fv2%2Fcategories&post=553094"},{"taxonomy":"post_tag","embeddable":true,"href":"https:\/\/www.diarioimagen.net\/index.php?rest_route=%2Fwp%2Fv2%2Ftags&post=553094"}],"curies":[{"name":"wp","href":"https:\/\/api.w.org\/{rel}","templated":true}]}}