{"id":553103,"date":"2022-07-12T00:10:25","date_gmt":"2022-07-12T05:10:25","guid":{"rendered":"https:\/\/www.diarioimagen.net\/?p=553103"},"modified":"2022-07-12T03:23:57","modified_gmt":"2022-07-12T08:23:57","slug":"morena-cumple-sus-amenazas","status":"publish","type":"post","link":"https:\/\/www.diarioimagen.net\/?p=553103","title":{"rendered":"Morena cumple sus amenazas"},"content":{"rendered":"<h2>De frente y de perfil<\/h2>\n<h5>Ram\u00f3n Zurita Sahag\u00fan<\/h5>\n<p>&nbsp;<\/p>\n<p>Se van a ir con todo contra ti, le advirti\u00f3 el senador Manuel Velasco al dirigente nacional priista, en una conversaci\u00f3n telef\u00f3nica dada a conocer por el propio Alejandro Moreno C\u00e1rdenas.<\/p>\n<p>No pasaron muchas horas para que la advertencia se hiciese realidad y Moreno C\u00e1rdenas, padece, desde entonces, el acoso del gobierno emanado de Morena, mediante una serie de audios difundidos por la gobernadora de Campeche, Layda Sansores, la sombra de un expediente abierto por la Fiscal\u00eda General de la Rep\u00fablica, el cateo a su domicilio y constante asedio que amaga hacerle la vida imposible.\u00a0\u00a0 Se trata de intimidarlo y, poco a poco, ir apretando la soga, hasta llegar a la asfixia, mientras camina el proceso electoral del Estado de M\u00e9xico.<\/p>\n<p>Es este proceso electoral, el principal escollo que encuentra el gobierno federal para completar su limpia de priistas en las administraciones estatales, aunque en Durango gobernar\u00e1, pr\u00f3ximamente, un priista, Esteban Villegas, surgido de la alianza con panistas y perredistas.<\/p>\n<p>Precisamente, evitar la alianza va por el Estado de M\u00e9xico es la firme intenci\u00f3n de la estructura gubernamental y frenarla a costa de lo que sea el prop\u00f3sito.<\/p>\n<p>Es Alejandro Moreno C\u00e1rdenas el principal eslab\u00f3n para resquebrajarla, las grietas se asoman, aunque no han logrado doblar al persistente campechano, quien regres\u00f3 el domingo de una gira por foros europeos donde denunci\u00f3 el acoso de que es objeto por parte del gobierno morenista.<\/p>\n<p>A su regreso se encontr\u00f3 con una sorpresa en el aeropuerto, una alerta migratoria que lo oblig\u00f3 a proporcionar datos, en una especie de vejaci\u00f3n, para hacerle sentir la rigidez del poder p\u00fablico.<\/p>\n<p>Exponer a Moreno C\u00e1rdenas con los audios que semana a semana divulga Layda Sansores, respaldada por el Fiscal de aquella entidad, Renato Sales, es una forma de irlo debilitando. Pedir su remoci\u00f3n de la presidencia de la Comisi\u00f3n de Gobernaci\u00f3n de la C\u00e1mara de Diputados es otra y reventar la alianza con panistas y perredistas el prop\u00f3sito final.<\/p>\n<p>Se trata de mostrar un dirigente priista sumamente expuesto y no conveniente para sumarse a una coalici\u00f3n y parece que esto comienza a germinar en la mente de algunos.<\/p>\n<p>Como si fuese poca la ofensiva contra el dirigente nacional del PRI, se abri\u00f3 otra puerta para amagar al priismo y es la tocante a la carpeta de investigaci\u00f3n en contra del ex presidente Enrique Pe\u00f1a Nieto y otros priistas del pasado reciente.<\/p>\n<p>Por eso, Movimiento Ciudadano que ha sido invitando a sumarse a este gran frente opositor en el Estado de M\u00e9xico se mantiene remilgoso para hacerlo y, por el contrario, busca debilitarlo, tratando de convencer a algunos de los aspirantes que no consigan la candidatura, para sumarse a su propuesta.\u00a0\u00a0 Dos son los objetivos principales, uno panista y otra militante priista, quienes se encuentran convencidos de ser la mejor opci\u00f3n en Edomex.<\/p>\n<p>Un poderoso Enrique Vargas del Villar y una resiliente Ana Lilia Herrera, son tentados por el grupo de Dante, sin respuesta hasta el momento.<\/p>\n<p>Vargas del Villar mantiene viva la llama de que el PAN puede ir solo en la contienda, siendo \u00e9l quien se encuentra mejor calificado o hasta participar en sondeos o encuestas ante otros aspirantes priistas y perredistas. Ana Lilia recuper\u00f3 parte del br\u00edo que tuvo en el pasado y disputa la nominaci\u00f3n con Alejandra del Moral y otros priistas destacados.<\/p>\n<p>La jornada electoral mexiquense ni siquiera inicia y la lucha ya comenz\u00f3 entre los aspirantes a conquistar la joya electoral principal de los estados.<\/p>\n<p style=\"text-align: center;\">*****<\/p>\n<p>Puebla es un hervidero por la decisi\u00f3n del gobernador Luis Miguel Barbosa de abrir con demasiada antelaci\u00f3n la contienda para el gobierno estatal de 2024. El gobernador dio a conocer sus cartas, las que no parecen entusiasmar a nadie en la entidad que gobierna, pero dio margen a que poblanos avecindados en la CDMX alzar\u00e1n su mira. Ignacio Mier, coordinador de los diputados de Morena y uno de los m\u00e1s entusiasmados con la idea de ser candidato fue m\u00e1s all\u00e1, ya que decidi\u00f3 denunciar ante la FGR al gobernador Barbosa, Santiago Nieto y otros funcionarios por delitos varios\u2026 17 mujeres y 50 varones militantes de Morena alzan la mano para contender por la candidatura al gobierno del Estado de M\u00e9xico. L\u00f3gico van anotados Delfina G\u00f3mez, Higinio Mart\u00ednez y C\u00e9sar Horacio Duarte.<\/p>\n<p><a href=\"mailto:ramonzurita44@hotmail.com\" target=\"_blank\" rel=\"noopener noreferrer\"><em>ramonzurita44@hotmail.com<\/em><\/a><\/p>\n","protected":false},"excerpt":{"rendered":"<p><span style=\"color: #005497;\"><strong>Ram\u00f3n Zurita Sahag\u00fan<\/strong><\/span><\/p>\n","protected":false},"author":3,"featured_media":0,"comment_status":"open","ping_status":"open","sticky":false,"template":"","format":"standard","meta":{"_monsterinsights_skip_tracking":false,"_monsterinsights_sitenote_active":false,"_monsterinsights_sitenote_note":"","_monsterinsights_sitenote_category":0,"footnotes":""},"categories":[234],"tags":[304,43674,43687],"class_list":["post-553103","post","type-post","status-publish","format-standard","hentry","category-ramon-zurita-sahagun","tag-de-frente-y-de-perfil","tag-opinion","tag-ramon-zurita-sahagun"],"_links":{"self":[{"href":"https:\/\/www.diarioimagen.net\/index.php?rest_route=\/wp\/v2\/posts\/553103","targetHints":{"allow":["GET"]}}],"collection":[{"href":"https:\/\/www.diarioimagen.net\/index.php?rest_route=\/wp\/v2\/posts"}],"about":[{"href":"https:\/\/www.diarioimagen.net\/index.php?rest_route=\/wp\/v2\/types\/post"}],"author":[{"embeddable":true,"href":"https:\/\/www.diarioimagen.net\/index.php?rest_route=\/wp\/v2\/users\/3"}],"replies":[{"embeddable":true,"href":"https:\/\/www.diarioimagen.net\/index.php?rest_route=%2Fwp%2Fv2%2Fcomments&post=553103"}],"version-history":[{"count":0,"href":"https:\/\/www.diarioimagen.net\/index.php?rest_route=\/wp\/v2\/posts\/553103\/revisions"}],"wp:attachment":[{"href":"https:\/\/www.diarioimagen.net\/index.php?rest_route=%2Fwp%2Fv2%2Fmedia&parent=553103"}],"wp:term":[{"taxonomy":"category","embeddable":true,"href":"https:\/\/www.diarioimagen.net\/index.php?rest_route=%2Fwp%2Fv2%2Fcategories&post=553103"},{"taxonomy":"post_tag","embeddable":true,"href":"https:\/\/www.diarioimagen.net\/index.php?rest_route=%2Fwp%2Fv2%2Ftags&post=553103"}],"curies":[{"name":"wp","href":"https:\/\/api.w.org\/{rel}","templated":true}]}}