{"id":553105,"date":"2022-07-12T00:12:29","date_gmt":"2022-07-12T05:12:29","guid":{"rendered":"https:\/\/www.diarioimagen.net\/?p=553105"},"modified":"2022-07-12T03:27:55","modified_gmt":"2022-07-12T08:27:55","slug":"monreal-se-radicaliza-por-encuesta-no-juego-dice-y-acelera-su-campana","status":"publish","type":"post","link":"https:\/\/www.diarioimagen.net\/?p=553105","title":{"rendered":"Monreal se radicaliza:\u00a0por encuesta, no juego,\u00a0dice, y acelera su campa\u00f1a"},"content":{"rendered":"<h2>Tras la puerta del poder<\/h2>\n<h5>Roberto Vizca\u00edno<\/h5>\n<p>&nbsp;<\/p>\n<p>Dentro de un activismo electoral como si los comicios presidenciales fuesen el pr\u00f3ximo mes,\u00a0<strong>Ricardo Monreal<\/strong>\u00a0no s\u00f3lo lanz\u00f3 este fin de semana un \u201crap\u201d en que \u00e9l mismo canta y narra su vida, sino que encabez\u00f3 un evento con unos 1 mil 600 simpatizantes en el lienzo del restaurante Arroyo en Tlalpan, desde donde le advirti\u00f3 al presidente\u00a0<strong>Andr\u00e9s Manuel L\u00f3pez Obrador<\/strong>\u00a0y a\u00a0<strong>Mario Delgado<\/strong>:<\/p>\n<p>\u201cLo digo desde ahora para que no haya dudas.\u00a0Si se insiste en una encuesta elaborada, cantada y organizada por el partido,\u00a0no tiene sentido participar, porque\u00a0va a ganar quien quieren que gane; no va a ser democr\u00e1tico, y ah\u00ed\u00a0no nos vamos a prestar a ninguna farsa, porque creemos en la democracia\u2026 simplemente no estoy dispuesto a declinar por nadie\u201d, afirm\u00f3.<\/p>\n<p>E insisti\u00f3:<\/p>\n<p>\u201cParticipar\u00e9 dentro de Morena hasta el l\u00edmite de mi dignidad, siempre y cuando haya respeto, piso parejo, reglas equitativas, reglas que permitan el acceso a la competencia en igualdad de circunstancias\u201d, subray\u00f3.<\/p>\n<p>Indic\u00f3 que no reclama nada extraordinario y que no esconde su aspiraci\u00f3n de ser el sucesor de\u00a0<strong>Andr\u00e9s Manuel L\u00f3pez Obrador<\/strong>.<\/p>\n<p>Morena, agreg\u00f3, \u201c<strong>no es propiedad de grupos ni de sectas<\/strong>. Morena es de todos y Morena debe ser un instrumento al servicio de la sociedad\u201d.<\/p>\n<p>Y como entre pol\u00edticos no se leen las cartas, le record\u00f3 indubitablemente a\u00a0<strong>AMLO<\/strong>\u00a0que en 1997 el presidente\u00a0<strong>Ernesto Zedillo<\/strong>\u00a0lo excluy\u00f3 de la contienda del PRI para la gubernatura de Zacatecas y \u201cobviamente no ten\u00eda nada que hacer en ese partido y renunci\u00e9 a ese partido\u201d.<\/p>\n<p>En un mensaje evidente a\u00a0<strong>AMLO<\/strong>\u00a0y a\u00a0<strong>Delgado<\/strong>\u00a0se\u00f1al\u00f3 que:<\/p>\n<p>\u201cLa elecci\u00f3n de consejeros y de dirigentes (de Morena), que se realizar\u00e1 en este mes de julio,\u00a0se abri\u00f3 no s\u00f3lo (al voto de) a la militancia y simpatizantes, sino se abri\u00f3 a quienes, sin ser militantes y simpatizantes, puedan ir a las distritales a votar.\u00a0As\u00ed como estos mecanismos de selecci\u00f3n de dirigentes, deber\u00eda tambi\u00e9n utilizarse este m\u00e9todo para la selecci\u00f3n del candidato a la Presidencia de la Rep\u00fablica.<\/p>\n<p>\u201c\u00bfPor qu\u00e9 no aceptar que as\u00ed de esa manera, tambi\u00e9n se haga la elecci\u00f3n presidencial? \u00bfPor qu\u00e9 no permiten que se haga en distritos la elecci\u00f3n presidencial de todos los que quieran participar? \u00bfNo es m\u00e1s democr\u00e1tico?\u201d, reflexion\u00f3.<\/p>\n<p>Horas despu\u00e9s, el lunes por la ma\u00f1ana, y ante la percepci\u00f3n de que su reclamo esconde su idea de irse a la presidencial por fuera de Morena, reiter\u00f3 que no tiene plan B y que su intenci\u00f3n es luchar dentro de Morena.<\/p>\n<p style=\"text-align: center;\"><strong>\u00bfA qu\u00e9 le tira Mier?<\/strong><\/p>\n<p>El poblano\u00a0<strong>Ignacio Mier<\/strong>\u00a0ya sabe que no va a ser el pr\u00f3ximo gobernador de Puebla.<\/p>\n<p>Y anda buscando qui\u00e9n le pague su frustraci\u00f3n.<\/p>\n<p>En ese intento, trascendi\u00f3 que en mayo pasado denunci\u00f3 ante la Fiscal\u00eda de\u00a0<strong>Alejandro Gertz Manero<\/strong>\u00a0al ex titular de la Unidad de Inteligencia Financiera, la Gestapo de Hacienda y\u00a0<strong>AMLO<\/strong>, a\u00a0<strong>Santiago Nieto<\/strong>; al gobernador de Puebla,\u00a0<strong>Miguel Barbos, a Alejandro Armenta, presidente de la Comisi\u00f3n de Hacienda del Senado<\/strong>, y al fiscal general de Puebla,\u00a0<strong>Gilberto Higuera<\/strong>.<\/p>\n<p>\u00bfPor qu\u00e9 tal cosa?<\/p>\n<p>Bueno porque hace un a\u00f1o alguno de ellos filtr\u00f3 a medios una investigaci\u00f3n de la UIF en contra de\u00a0<strong>Arturo Rueda,<\/strong>\u00a0de quien\u00a0<strong>Mier<\/strong>\u00a0es socio en la empresa editora del diario poblano <em>Cambio<\/em>.<\/p>\n<p>Resulta que\u00a0<strong>Rueda<\/strong>\u00a0fue exhibido en un video durante la campa\u00f1a electoral de 2021 por el entonces candidato pri\u00edsta a diputado local <strong>Jorge Estefan Chdiac<\/strong>\u00a0en un intento de extorsi\u00f3n por 10 millones de pesos.<\/p>\n<p><strong>Rueda<\/strong>\u00a0expone en el video que esos 10 millones de pesos pod\u00edan ser deducidos en la declaraci\u00f3n fiscal si\u00a0<strong>Rueda<\/strong>\u00a0le daba a\u00a0<strong>Estefan Chidiac<\/strong>\u00a0una factura por ese monto de una constructora bajo su control.<\/p>\n<p>La extorsi\u00f3n se convert\u00eda as\u00ed adem\u00e1s en evasi\u00f3n fiscal y lavado de dinero.<\/p>\n<p>La UIF, a cargo de\u00a0<strong>Nieto,<\/strong>\u00a0abri\u00f3 la indagatoria y encontr\u00f3 que la empresa period\u00edstica de\u00a0<strong>Rueda<\/strong>\u00a0tambi\u00e9n es de\u00a0<strong>Mier<\/strong>.<\/p>\n<p><strong>Nieto<\/strong>\u00a0encontr\u00f3 todo un entramado de manipulaci\u00f3n y lavado de recursos operado por\u00a0<strong>Rueda<\/strong>\u00a0en el que adem\u00e1s podr\u00edan estar involucrados no s\u00f3lo\u00a0<strong>Mier<\/strong>\u00a0como socio del periodista, sino\u00a0<strong>Florentino Daniel Tavera Ramos<\/strong>,\u00a0<strong>Francisco Jos\u00e9 Romero Serrano\u00a0<\/strong>y las empresas involucradas son: Multisistema de Noticias Cambio SA de CV, CESA Ingenier\u00eda y Consultor\u00eda Integral SA de CV, Sindicato Jos\u00e9 Vasconcelos de Trabajadores de Empresas de M\u00e9xico y Comercio y Servicios Edubi SA de CV.<\/p>\n<p>Por ah\u00ed se desviaban con facturas de empresas fantasmas y asignaciones directas por publicidad que nunca se publicaba, como 400 millones de pesos de presupuestos de municipios poblanos.<\/p>\n<p>Parte de ese dinero iba a transferencias de cuentas en el exterior y otras nacionales para luego ser repartido entre los c\u00f3mplices.<\/p>\n<p>Hasta hoy,\u00a0<strong>Mier\u00a0<\/strong>s\u00f3lo aparece como un socio sin mayor actividad de\u00a0<strong>Rueda<\/strong>, periodista detenido a mediados de este a\u00f1o en la CDMX por extorsi\u00f3n.<\/p>\n<p>Ahora, el l\u00edder de los diputados de Morena en San L\u00e1zaro y aspirante frustrad\u00edsimo a la gubernatura de Puebla, ya hizo grande el esc\u00e1ndalo que lo va a hundir m\u00e1s por su pleito en contra del gobernador, del ex titular de la UIF y contra el senador\u00a0<strong>Alejandro Armenta <\/strong>(uno de los m\u00e1s cercanos a\u00a0<strong>Ricardo Monreal<\/strong>), quien apunta a ser precisamente el candidato a gobernador de Morena a la gubernatura en Puebla.<\/p>\n<p><strong>Ignacio Mier<\/strong>\u00a0tiene en su haber pol\u00edtico ser un ex priista muy reciente, haber sido colaborador del\u00a0<em>g\u00f3ber precioso,<\/em>\u00a0<strong>Mario Mar\u00edn,<\/strong>\u00a0y a quien la oposici\u00f3n le asest\u00f3 una dura derrota en la votaci\u00f3n de la reforma el\u00e9ctrica que era la m\u00e1s preciada de\u00a0<strong>AMLO<\/strong>.<\/p>\n<p>O sea\u2026<\/p>\n<p><em><a href=\"mailto:rvizcainoa@gmail.com\" target=\"_blank\" rel=\"noopener noreferrer\">vizcainoa@gmail.com<\/a><a href=\"mailto:rvizcainoa@gmail.com\" target=\"_blank\" rel=\"noopener noreferrer\"><br \/>\n<\/a><a href=\"http:\/\/endirecto.mx\" target=\"_blank\" rel=\"noopener noreferrer\">www.endirecto.mx<\/a><a href=\"mailto:rvizcainoa@gmail.com\" target=\"_blank\" rel=\"noopener noreferrer\"><br \/>\n<\/a><a href=\"https:\/\/twitter.com\/_rvizcaino\" target=\"_blank\" rel=\"noopener noreferrer\">@_RVizcaino<\/a><a href=\"mailto:rvizcainoa@gmail.com\" target=\"_blank\" rel=\"noopener noreferrer\"><br \/>\n<\/a><a href=\"https:\/\/www.facebook.com\/rvizcainoa\" target=\"_blank\" rel=\"noopener noreferrer\">facebook.com\/rvizcainoa<\/a><\/em><\/p>\n","protected":false},"excerpt":{"rendered":"<p><span style=\"color: #005497;\"><strong>Roberto Vizca\u00edno<\/strong><\/span><\/p>\n","protected":false},"author":3,"featured_media":0,"comment_status":"open","ping_status":"open","sticky":false,"template":"","format":"standard","meta":{"_monsterinsights_skip_tracking":false,"_monsterinsights_sitenote_active":false,"_monsterinsights_sitenote_note":"","_monsterinsights_sitenote_category":0,"footnotes":""},"categories":[136],"tags":[43674,93,94],"class_list":["post-553105","post","type-post","status-publish","format-standard","hentry","category-roberto-vizcaino-opinion","tag-opinion","tag-roberto-vizcaino","tag-tras-la-puerta-del-poder"],"_links":{"self":[{"href":"https:\/\/www.diarioimagen.net\/index.php?rest_route=\/wp\/v2\/posts\/553105","targetHints":{"allow":["GET"]}}],"collection":[{"href":"https:\/\/www.diarioimagen.net\/index.php?rest_route=\/wp\/v2\/posts"}],"about":[{"href":"https:\/\/www.diarioimagen.net\/index.php?rest_route=\/wp\/v2\/types\/post"}],"author":[{"embeddable":true,"href":"https:\/\/www.diarioimagen.net\/index.php?rest_route=\/wp\/v2\/users\/3"}],"replies":[{"embeddable":true,"href":"https:\/\/www.diarioimagen.net\/index.php?rest_route=%2Fwp%2Fv2%2Fcomments&post=553105"}],"version-history":[{"count":0,"href":"https:\/\/www.diarioimagen.net\/index.php?rest_route=\/wp\/v2\/posts\/553105\/revisions"}],"wp:attachment":[{"href":"https:\/\/www.diarioimagen.net\/index.php?rest_route=%2Fwp%2Fv2%2Fmedia&parent=553105"}],"wp:term":[{"taxonomy":"category","embeddable":true,"href":"https:\/\/www.diarioimagen.net\/index.php?rest_route=%2Fwp%2Fv2%2Fcategories&post=553105"},{"taxonomy":"post_tag","embeddable":true,"href":"https:\/\/www.diarioimagen.net\/index.php?rest_route=%2Fwp%2Fv2%2Ftags&post=553105"}],"curies":[{"name":"wp","href":"https:\/\/api.w.org\/{rel}","templated":true}]}}