{"id":553187,"date":"2022-07-13T00:04:52","date_gmt":"2022-07-13T05:04:52","guid":{"rendered":"https:\/\/www.diarioimagen.net\/?p=553187"},"modified":"2022-07-14T04:08:13","modified_gmt":"2022-07-14T09:08:13","slug":"recibe-plantel-adolfo-lopez-mateos-de-la-uaemex-paneles-solares-tras-jornada-exitosa-de-recoleccion-de-pet","status":"publish","type":"post","link":"https:\/\/www.diarioimagen.net\/?p=553187","title":{"rendered":"Recibe plantel \u201cAdolfo L\u00f3pez Mateos\u201d, de la UAEM\u00e9x, paneles solares tras jornada exitosa de recolecci\u00f3n de PET"},"content":{"rendered":"<p>&nbsp;<\/p>\n<ul>\n<li><strong><em>Se suman a los 6 ya instalados en el plantel con lo que se generar\u00e1 el 25 por ciento de la energ\u00eda el\u00e9ctrica que consume este espacio educativo<\/em><\/strong><\/li>\n<\/ul>\n<p>&nbsp;<\/p>\n<div id=\"attachment_553264\" style=\"width: 470px\" class=\"wp-caption aligncenter\"><a href=\"https:\/\/www.diarioimagen.net\/?attachment_id=553264\" rel=\"attachment wp-att-553264\"><img loading=\"lazy\" decoding=\"async\" aria-describedby=\"caption-attachment-553264\" class=\"size-full wp-image-553264\" src=\"https:\/\/www.diarioimagen.net\/wp-content\/uploads\/2022\/07\/uaem-8.jpg\" alt=\"\" width=\"460\" height=\"270\" \/><\/a><p id=\"caption-attachment-553264\" class=\"wp-caption-text\">La comunidad del plantel \u201cLic. Adolfo L\u00f3pez Mateos\u201d de la UAEM\u00e9x acopi\u00f3 3.1 toneladas de PET y a cambio recibi\u00f3 10 paneles solares para generaci\u00f3n el\u00e9ctrica.<\/p><\/div>\n<p>&nbsp;<\/p>\n<p><strong>Toluca, Estado de M\u00e9xico.\u2014<\/strong> Resultado de la exitosa participaci\u00f3n de la comunidad del Plantel \u201cLic. Adolfo L\u00f3pez Mateos\u201d de la Escuela Preparatoria de la Universidad Aut\u00f3noma del Estado de M\u00e9xico (UAEM\u00e9x) durante la Campa\u00f1a Universitaria de Recolecci\u00f3n de PET, el espacio educativo recibi\u00f3 10 paneles solares para generaci\u00f3n el\u00e9ctrica como intercambio a las 3.13 toneladas de residuos que acopiaron.<\/p>\n<p>Los 10 paneles solares se suman a los 6 que ya estaban instalados en la tambi\u00e9n conocida Prepa 1 con lo que se lograr\u00e1 generar 6.4 kilowatts lo que equivale al consumo de energ\u00eda el\u00e9ctrica de unas seis casas habitaci\u00f3n promedio.<\/p>\n<p>Con los 16 paneles instalados se lograr\u00e1 abastecer el 25 por ciento de la energ\u00eda el\u00e9ctrica que se consume al interior del espacio educativo.<\/p>\n<p>Estudiantes, docentes y administrativos del Plantel \u201cLic. Adolfo L\u00f3pez Mateos\u201d al acopiar 3.13 toneladas de PET se ubicaron en la tercera posici\u00f3n como el espacio universitario m\u00e1s participativo de la UAEM\u00e9x durante la campa\u00f1a por lo que se hicieron acreedores a este equipamiento.<\/p>\n<p>Los 10 paneles solares fueron instalados en la parte superior de la biblioteca \u201cProfesor Adri\u00e1n Ortega Monroy\u201d del plantel.<\/p>\n<p>De manera general, la comunidad de la UAEM\u00e9x recolect\u00f3, durante la Campa\u00f1a Universitaria de Recolecci\u00f3n de PET -de abril a mayo de 2022-, un total de 27.52 toneladas de PET, principalmente botellas de refresco y agua que fueron intercambiadas a la empresa DIBASA, Servicios Ambientales, S.A de C.V dedicada a la recolecci\u00f3n de este tipo de residuos para su adecuado manejo por paneles solares.<\/p>\n<p>Tambi\u00e9n fueron recolectadas 3.64 toneladas de taparroscas que fueron donadas a la Asociaci\u00f3n Mexicana de Ayuda a Ni\u00f1os con C\u00e1ncer del Estado de M\u00e9xico (AMANC, I.A.P.), cuya venta generar\u00e1 recursos econ\u00f3micos para que sigan realizando sus actividades a favor de la salud de las infancias mexiquenses.<\/p>\n","protected":false},"excerpt":{"rendered":"<p>Resultado de la exitosa participaci\u00f3n de la comunidad del Plantel \u201cLic. Adolfo L\u00f3pez Mateos\u201d de la Escuela Preparatoria de la Universidad Aut\u00f3noma del Estado de M\u00e9xico (UAEM\u00e9x) durante la Campa\u00f1a Universitaria de Recolecci\u00f3n de PET, el espacio educativo recibi\u00f3 10 paneles solares para generaci\u00f3n el\u00e9ctrica como intercambio a las 3.13 toneladas de residuos que acopiaron.\u00a0<\/p>\n","protected":false},"author":3,"featured_media":553264,"comment_status":"open","ping_status":"open","sticky":false,"template":"","format":"standard","meta":{"_monsterinsights_skip_tracking":false,"_monsterinsights_sitenote_active":false,"_monsterinsights_sitenote_note":"","_monsterinsights_sitenote_category":0,"footnotes":""},"categories":[5],"tags":[951,2000],"class_list":["post-553187","post","type-post","status-publish","format-standard","has-post-thumbnail","hentry","category-estado-de-mexico","tag-adolfo-lopez-mateos","tag-pet"],"_links":{"self":[{"href":"https:\/\/www.diarioimagen.net\/index.php?rest_route=\/wp\/v2\/posts\/553187","targetHints":{"allow":["GET"]}}],"collection":[{"href":"https:\/\/www.diarioimagen.net\/index.php?rest_route=\/wp\/v2\/posts"}],"about":[{"href":"https:\/\/www.diarioimagen.net\/index.php?rest_route=\/wp\/v2\/types\/post"}],"author":[{"embeddable":true,"href":"https:\/\/www.diarioimagen.net\/index.php?rest_route=\/wp\/v2\/users\/3"}],"replies":[{"embeddable":true,"href":"https:\/\/www.diarioimagen.net\/index.php?rest_route=%2Fwp%2Fv2%2Fcomments&post=553187"}],"version-history":[{"count":0,"href":"https:\/\/www.diarioimagen.net\/index.php?rest_route=\/wp\/v2\/posts\/553187\/revisions"}],"wp:featuredmedia":[{"embeddable":true,"href":"https:\/\/www.diarioimagen.net\/index.php?rest_route=\/wp\/v2\/media\/553264"}],"wp:attachment":[{"href":"https:\/\/www.diarioimagen.net\/index.php?rest_route=%2Fwp%2Fv2%2Fmedia&parent=553187"}],"wp:term":[{"taxonomy":"category","embeddable":true,"href":"https:\/\/www.diarioimagen.net\/index.php?rest_route=%2Fwp%2Fv2%2Fcategories&post=553187"},{"taxonomy":"post_tag","embeddable":true,"href":"https:\/\/www.diarioimagen.net\/index.php?rest_route=%2Fwp%2Fv2%2Ftags&post=553187"}],"curies":[{"name":"wp","href":"https:\/\/api.w.org\/{rel}","templated":true}]}}