{"id":553196,"date":"2022-07-13T00:02:58","date_gmt":"2022-07-13T05:02:58","guid":{"rendered":"https:\/\/www.diarioimagen.net\/?p=553196"},"modified":"2022-07-13T06:20:45","modified_gmt":"2022-07-13T11:20:45","slug":"fracaso-la-unidad-en-el-partido-morena-iran-a-encuesta-para-2023-asegura-analista","status":"publish","type":"post","link":"https:\/\/www.diarioimagen.net\/?p=553196","title":{"rendered":"Fracas\u00f3 la \u201cunidad\u201d en el partido Morena; ir\u00e1n a encuesta para 2023, asegura analista"},"content":{"rendered":"<p>&nbsp;<\/p>\n<ul>\n<li><em><strong>Candidatura al gobierno de Edomex<\/strong><\/em><\/li>\n<\/ul>\n<p><strong>\u00a0<\/strong><\/p>\n<h6>Arturo Baena<\/h6>\n<p>&nbsp;<\/p>\n<div id=\"attachment_553312\" style=\"width: 470px\" class=\"wp-caption aligncenter\"><a href=\"https:\/\/www.diarioimagen.net\/?attachment_id=553312\" rel=\"attachment wp-att-553312\"><img loading=\"lazy\" decoding=\"async\" aria-describedby=\"caption-attachment-553312\" class=\"size-full wp-image-553312\" src=\"https:\/\/www.diarioimagen.net\/wp-content\/uploads\/2022\/07\/BAENA1-7.jpg\" alt=\"\" width=\"460\" height=\"270\" \/><\/a><p id=\"caption-attachment-553312\" class=\"wp-caption-text\">El analista pol\u00edtico Horacio Jim\u00e9nez L\u00f3pez asegur\u00f3 que los aspirantes morenistas para Edomex deber\u00e1n someterse a la consabida encuesta.<\/p><\/div>\n<p>&nbsp;<\/p>\n<p><strong>Valle de M\u00e9xico.\u2014<\/strong> La unidad que tanto pregona Morena es un mito, pues al intentar un candidato \u00fanico, es decir de \u00abunidad\u00bb, fracas\u00f3. Hoy, lo aspirantes a la candidatura al gobierno mexiquense, tendr\u00e1n que someterse a consulta entre militantes y simpatizantes de ese instituto pol\u00edtico.<\/p>\n<p>Afirm\u00f3 en entrevista el analista pol\u00edtico, Horacio Jim\u00e9nez L\u00f3pez, al tiempo de asegurar que \u00ablos aspirantes, sobre todo procedentes de Texcoco, deber\u00e1n someterse a la consabida encuesta morenista para definir a qui\u00e9n abanderar\u00e1 a ese partido para los pr\u00f3ximos procesos electorales en el Edomex\u00bb, dijo.<\/p>\n<p>Jim\u00e9nez L\u00f3pez record\u00f3 qu\u00e9 Mario Delgado, dirigente nacional de Morena, hab8a se\u00f1alado que los propios aspirantes hab\u00edan solicitado un tiempo para \u00abconstruir una candidatura de unidad\u00bb, pero no lograron un acuerdo.<\/p>\n<p>Por otra parte, se inform\u00f3 que esta misma semana, la Comisi\u00f3n de Elecciones de Morena emitir\u00eda la convocatoria para que los aspirantes se puedan registrar en l\u00ednea y posteriormente se sometan a la encuesta de la que surgir\u00e1 el candidato o candidata.<\/p>\n<p>Ya est\u00e1n apuntados: Higinio Mart\u00ednez, Horacio Duarte, Delfina G\u00f3mez, Fernando Vilchis, Mariela Guti\u00e9rrez, Adolfo Cerqueda, Juan Hugo de la Rosa y Pedro Zenteno, entre otros, que firman un total de 67.<\/p>\n<p>La convocatoria define tambi\u00e9n la participaci\u00f3n en alianza, pues podr\u00e1n someterse tambi\u00e9n a la encuesta aquellos aspirantes que lo deseen por el Partido Verde y el Partido del Trabajo.<\/p>\n","protected":false},"excerpt":{"rendered":"<p>La unidad que tanto pregona Morena es un mito, pues al intentar un candidato \u00fanico, es decir de \u00abunidad\u00bb, fracas\u00f3. Hoy, lo aspirantes a la candidatura al gobierno mexiquense, tendr\u00e1n que someterse a consulta entre militantes y simpatizantes de ese instituto pol\u00edtico.\u00a0<\/p>\n","protected":false},"author":3,"featured_media":553312,"comment_status":"open","ping_status":"open","sticky":false,"template":"","format":"standard","meta":{"_monsterinsights_skip_tracking":false,"_monsterinsights_sitenote_active":false,"_monsterinsights_sitenote_note":"","_monsterinsights_sitenote_category":0,"footnotes":""},"categories":[5],"tags":[1639,20663,34],"class_list":["post-553196","post","type-post","status-publish","format-standard","has-post-thumbnail","hentry","category-estado-de-mexico","tag-fracaso","tag-morena","tag-valle-de-mexico"],"_links":{"self":[{"href":"https:\/\/www.diarioimagen.net\/index.php?rest_route=\/wp\/v2\/posts\/553196","targetHints":{"allow":["GET"]}}],"collection":[{"href":"https:\/\/www.diarioimagen.net\/index.php?rest_route=\/wp\/v2\/posts"}],"about":[{"href":"https:\/\/www.diarioimagen.net\/index.php?rest_route=\/wp\/v2\/types\/post"}],"author":[{"embeddable":true,"href":"https:\/\/www.diarioimagen.net\/index.php?rest_route=\/wp\/v2\/users\/3"}],"replies":[{"embeddable":true,"href":"https:\/\/www.diarioimagen.net\/index.php?rest_route=%2Fwp%2Fv2%2Fcomments&post=553196"}],"version-history":[{"count":0,"href":"https:\/\/www.diarioimagen.net\/index.php?rest_route=\/wp\/v2\/posts\/553196\/revisions"}],"wp:featuredmedia":[{"embeddable":true,"href":"https:\/\/www.diarioimagen.net\/index.php?rest_route=\/wp\/v2\/media\/553312"}],"wp:attachment":[{"href":"https:\/\/www.diarioimagen.net\/index.php?rest_route=%2Fwp%2Fv2%2Fmedia&parent=553196"}],"wp:term":[{"taxonomy":"category","embeddable":true,"href":"https:\/\/www.diarioimagen.net\/index.php?rest_route=%2Fwp%2Fv2%2Fcategories&post=553196"},{"taxonomy":"post_tag","embeddable":true,"href":"https:\/\/www.diarioimagen.net\/index.php?rest_route=%2Fwp%2Fv2%2Ftags&post=553196"}],"curies":[{"name":"wp","href":"https:\/\/api.w.org\/{rel}","templated":true}]}}