{"id":553198,"date":"2022-07-13T00:03:04","date_gmt":"2022-07-13T05:03:04","guid":{"rendered":"https:\/\/www.diarioimagen.net\/?p=553198"},"modified":"2022-07-13T06:36:29","modified_gmt":"2022-07-13T11:36:29","slug":"acusa-suteym-naucalpan-de-parcial-al-organo-de-fiscalizacion-de-edomex","status":"publish","type":"post","link":"https:\/\/www.diarioimagen.net\/?p=553198","title":{"rendered":"Acusa SUTEyM-Naucalpan de parcial al \u00d3rgano de Fiscalizaci\u00f3n de Edomex"},"content":{"rendered":"<p>&nbsp;<\/p>\n<ul>\n<li><em><strong>Negativa a auditar al gobierno de Patricia Dur\u00e1n<\/strong><\/em><\/li>\n<\/ul>\n<p>&nbsp;<\/p>\n<div id=\"attachment_553315\" style=\"width: 470px\" class=\"wp-caption aligncenter\"><a href=\"https:\/\/www.diarioimagen.net\/?attachment_id=553315\" rel=\"attachment wp-att-553315\"><img loading=\"lazy\" decoding=\"async\" aria-describedby=\"caption-attachment-553315\" class=\"size-full wp-image-553315\" src=\"https:\/\/www.diarioimagen.net\/wp-content\/uploads\/2022\/07\/BAENA3-5.jpg\" alt=\"\" width=\"460\" height=\"270\" \/><\/a><p id=\"caption-attachment-553315\" class=\"wp-caption-text\">El secretario del SUTEyM, secci\u00f3n Naucalpan, Tom\u00e1s Palomares Parra, objet\u00f3 la parcialidad del \u00f3rgano fiscalizador.<\/p><\/div>\n<p>&nbsp;<\/p>\n<p><strong>Naucalpan, Estado de M\u00e9xico.\u2014<\/strong> Nos parece una total irresponsabilidad que el \u00d3rgano de Fiscalizaci\u00f3n del Estado de M\u00e9xico (OSFEM), en el Congreso local, se niegue a auditar al gobierno morenista de la ex alcaldesa Patricia Dur\u00e1n.<\/p>\n<p>As\u00ed lo expres\u00f3 el secretario del SUTEyM, secci\u00f3n Naucalpan, Tomas Palomares Parra. quien objet\u00f3 de manera categ\u00f3rica la parcialidad del \u00f3rgano fiscalizador, cuando rechaz\u00f3 la revisi\u00f3n solicitada por dos ciudadanos, mientras que a la organizaci\u00f3n presumiblemente por un requerimiento de la misma naturaleza, y sin ninguna facultad de hacerlo, debido a que el m\u00e1ximo \u00f3rgano es la asamblea, \u201cfuimos sujetos a una auditor\u00eda en 2019, y le dimos cumplimiento\u201d.<\/p>\n<p>Por otra parte, afirm\u00f3 que \u201cno justificamos de ninguna manera el tr\u00e1mite del OSFEM, pero s\u00ed tenemos que se\u00f1alar que nos parece injusto que a la organizaci\u00f3n la revisar\u00e1n y que permitimos que pudiera actuar, debido a que nada ten\u00edamos que ocultar, y despu\u00e9s de todo, salimos sin ning\u00fan tipo de observaciones\u201d, destac\u00f3.<\/p>\n<p>Palomares Parra deplor\u00f3 la omisi\u00f3n de quien dej\u00f3 al municipio de Naucalpan en la peor crisis de su historia.<\/p>\n<p>\u201cPorque decimos la peor crisis de su historia, porque incluso la hacienda se qued\u00f3 en bur\u00f3 de cr\u00e9dito, ya que no fueron cubiertos los pr\u00e9stamos de los financiamientos bancarios que se ten\u00edan.\u201cAunado y a que impidi\u00f3 que el actual gobierno municipal arrancar\u00e1 de una buena manera y que fuera muy aletargado su actuar, por tantos pasivos que ten\u00edan y a\u00fan prevalecen\u201d, apunt\u00f3.<\/p>\n<p>Insisti\u00f3 no estar de acuerdo con la postura de ese \u00f3rgano fiscalizador y dej\u00f3 claro que, como organizaci\u00f3n, \u201csi, se\u00f1alamos y solicitamos que (el OSFEM) cumpla con su responsabilidad auditora y que atienda el llamado de la ciudadan\u00eda para que revisen las finanzas p\u00fablicas del periodo de Patricia Duran\u201d, concluy\u00f3.<\/p>\n","protected":false},"excerpt":{"rendered":"<p>Nos parece una total irresponsabilidad que el \u00d3rgano de Fiscalizaci\u00f3n del Estado de M\u00e9xico (OSFEM), en el Congreso local, se niegue a auditar al gobierno morenista de la ex alcaldesa Patricia Dur\u00e1n.<\/p>\n","protected":false},"author":3,"featured_media":553315,"comment_status":"open","ping_status":"open","sticky":false,"template":"","format":"standard","meta":{"_monsterinsights_skip_tracking":false,"_monsterinsights_sitenote_active":false,"_monsterinsights_sitenote_note":"","_monsterinsights_sitenote_category":0,"footnotes":""},"categories":[5],"tags":[43675,970,84891],"class_list":["post-553198","post","type-post","status-publish","format-standard","has-post-thumbnail","hentry","category-estado-de-mexico","tag-estado-de-mexico","tag-naucalpan","tag-osfem"],"_links":{"self":[{"href":"https:\/\/www.diarioimagen.net\/index.php?rest_route=\/wp\/v2\/posts\/553198","targetHints":{"allow":["GET"]}}],"collection":[{"href":"https:\/\/www.diarioimagen.net\/index.php?rest_route=\/wp\/v2\/posts"}],"about":[{"href":"https:\/\/www.diarioimagen.net\/index.php?rest_route=\/wp\/v2\/types\/post"}],"author":[{"embeddable":true,"href":"https:\/\/www.diarioimagen.net\/index.php?rest_route=\/wp\/v2\/users\/3"}],"replies":[{"embeddable":true,"href":"https:\/\/www.diarioimagen.net\/index.php?rest_route=%2Fwp%2Fv2%2Fcomments&post=553198"}],"version-history":[{"count":0,"href":"https:\/\/www.diarioimagen.net\/index.php?rest_route=\/wp\/v2\/posts\/553198\/revisions"}],"wp:featuredmedia":[{"embeddable":true,"href":"https:\/\/www.diarioimagen.net\/index.php?rest_route=\/wp\/v2\/media\/553315"}],"wp:attachment":[{"href":"https:\/\/www.diarioimagen.net\/index.php?rest_route=%2Fwp%2Fv2%2Fmedia&parent=553198"}],"wp:term":[{"taxonomy":"category","embeddable":true,"href":"https:\/\/www.diarioimagen.net\/index.php?rest_route=%2Fwp%2Fv2%2Fcategories&post=553198"},{"taxonomy":"post_tag","embeddable":true,"href":"https:\/\/www.diarioimagen.net\/index.php?rest_route=%2Fwp%2Fv2%2Ftags&post=553198"}],"curies":[{"name":"wp","href":"https:\/\/api.w.org\/{rel}","templated":true}]}}