{"id":553200,"date":"2022-07-13T00:01:14","date_gmt":"2022-07-13T05:01:14","guid":{"rendered":"https:\/\/www.diarioimagen.net\/?p=553200"},"modified":"2022-07-13T06:20:06","modified_gmt":"2022-07-13T11:20:06","slug":"deben-suspenderse-actos-politicos-masivos-ante-rebrote-de-contagios-covid-murguia-soto","status":"publish","type":"post","link":"https:\/\/www.diarioimagen.net\/?p=553200","title":{"rendered":"Deben suspenderse actos pol\u00edticos masivos, ante rebrote de contagios Covid: Murgu\u00eda Soto"},"content":{"rendered":"<p>&nbsp;<\/p>\n<ul>\n<li><em><strong>Llamado a aspirantes a candidaturas<\/strong><\/em><\/li>\n<\/ul>\n<p>&nbsp;<\/p>\n<h6>Arturo Baena<\/h6>\n<p>&nbsp;<\/p>\n<div id=\"attachment_553309\" style=\"width: 470px\" class=\"wp-caption aligncenter\"><a href=\"https:\/\/www.diarioimagen.net\/?attachment_id=553309\" rel=\"attachment wp-att-553309\"><img loading=\"lazy\" decoding=\"async\" aria-describedby=\"caption-attachment-553309\" class=\"size-full wp-image-553309\" src=\"https:\/\/www.diarioimagen.net\/wp-content\/uploads\/2022\/07\/BAENA2-4.jpg\" alt=\"\" width=\"460\" height=\"270\" \/><\/a><p id=\"caption-attachment-553309\" class=\"wp-caption-text\">Ulises Murgu\u00eda Soto llama a no realizar, por el momento, actos proselitistas masivos, ante rebrote de Covid.<\/p><\/div>\n<p>&nbsp;<\/p>\n<p><strong>Tlalnepantla, Estado de M\u00e9xico.\u2014<\/strong> Ante el repunte de casos de covid-19 en estos \u00faltimos d\u00edas, la organizaci\u00f3n \u00abUnidos por M\u00e9xico S\u00ed\u00bb exhort\u00f3 a las autoridades estatales y municipales a restringir eventos masivos, fiestas patronales, bailes, eventos deportivos o actos masivos de precampa\u00f1as que impliquen la reuni\u00f3n de personas de manera masiva, pues en estos momentos representan una fuente de contagios muy importante.<\/p>\n<p>Afirm\u00f3 en entrevista su dirigente nacional, Ulises Murgu\u00eda Soto, luego de destacar que, en el caso de aquellos aspirantes a la candidatura del Estado de M\u00e9xico, \u00abdeben de ser conscientes y abstenerse, por el momento, de realizar actos proselitistas masivos, pues seg\u00fan datos oficiales, los contagios de Covid-19 van en aumento\u00bb. Murgu\u00eda Soto hizo un llamado respetuoso a los aspirantes del PRI, PAN, PRD y Morena a evitar que ese virus siga propag\u00e1ndose en la entidad mexiquense.<\/p>\n<p>\u00abLos diversos actores pol\u00edticos del Estado de M\u00e9xico con el \u00fanico fin de demostrar su m\u00fasculo convocan a sus seguidores a actos multitudinarios, sin importantes que haya contagios. Ello, aqu\u00ed y en China, se llama ser irresponsables\u00bb, dijo. El tambi\u00e9n empresario reiter\u00f3 que\u00a0la vacunaci\u00f3n y el mantenimiento de las medidas de salud p\u00fablica son cruciales en vista del aumento pronunciado del n\u00famero de casos de Covid-19. La agrupaci\u00f3n Unidos por M\u00e9xico S\u00ed\u00bb a constatado que, en las \u00faltimas semanas, municipios mexiquenses han notificado un mayor n\u00famero de casos nuevos a pesar de la alta cobertura de la vacunaci\u00f3n. La relajaci\u00f3n de las medidas de salud p\u00fablica, combinada con grupos de personas que a\u00fan no est\u00e1n vacunadas, han contribuido a crear el ambiente perfecto para que el virus se propague, afirm\u00f3 Ulises Murguia.<\/p>\n","protected":false},"excerpt":{"rendered":"<p>Ante el repunte de casos de covid-19 en estos \u00faltimos d\u00edas, la organizaci\u00f3n \u00abUnidos por M\u00e9xico S\u00ed\u00bb exhort\u00f3 a las autoridades estatales y municipales a restringir eventos masivos, fiestas patronales, bailes, eventos deportivos o actos masivos de precampa\u00f1as que impliquen la reuni\u00f3n de personas de manera masiva, pues en estos momentos representan una fuente de contagios muy importante.<\/p>\n","protected":false},"author":3,"featured_media":553309,"comment_status":"open","ping_status":"open","sticky":false,"template":"","format":"standard","meta":{"_monsterinsights_skip_tracking":false,"_monsterinsights_sitenote_active":false,"_monsterinsights_sitenote_note":"","_monsterinsights_sitenote_category":0,"footnotes":""},"categories":[5],"tags":[43675,94860,95965,169],"class_list":["post-553200","post","type-post","status-publish","format-standard","has-post-thumbnail","hentry","category-estado-de-mexico","tag-estado-de-mexico","tag-masivos","tag-reobrote","tag-tlalnepantla"],"_links":{"self":[{"href":"https:\/\/www.diarioimagen.net\/index.php?rest_route=\/wp\/v2\/posts\/553200","targetHints":{"allow":["GET"]}}],"collection":[{"href":"https:\/\/www.diarioimagen.net\/index.php?rest_route=\/wp\/v2\/posts"}],"about":[{"href":"https:\/\/www.diarioimagen.net\/index.php?rest_route=\/wp\/v2\/types\/post"}],"author":[{"embeddable":true,"href":"https:\/\/www.diarioimagen.net\/index.php?rest_route=\/wp\/v2\/users\/3"}],"replies":[{"embeddable":true,"href":"https:\/\/www.diarioimagen.net\/index.php?rest_route=%2Fwp%2Fv2%2Fcomments&post=553200"}],"version-history":[{"count":0,"href":"https:\/\/www.diarioimagen.net\/index.php?rest_route=\/wp\/v2\/posts\/553200\/revisions"}],"wp:featuredmedia":[{"embeddable":true,"href":"https:\/\/www.diarioimagen.net\/index.php?rest_route=\/wp\/v2\/media\/553309"}],"wp:attachment":[{"href":"https:\/\/www.diarioimagen.net\/index.php?rest_route=%2Fwp%2Fv2%2Fmedia&parent=553200"}],"wp:term":[{"taxonomy":"category","embeddable":true,"href":"https:\/\/www.diarioimagen.net\/index.php?rest_route=%2Fwp%2Fv2%2Fcategories&post=553200"},{"taxonomy":"post_tag","embeddable":true,"href":"https:\/\/www.diarioimagen.net\/index.php?rest_route=%2Fwp%2Fv2%2Ftags&post=553200"}],"curies":[{"name":"wp","href":"https:\/\/api.w.org\/{rel}","templated":true}]}}