{"id":553209,"date":"2022-07-13T00:04:32","date_gmt":"2022-07-13T05:04:32","guid":{"rendered":"https:\/\/www.diarioimagen.net\/?p=553209"},"modified":"2022-07-13T04:00:48","modified_gmt":"2022-07-13T09:00:48","slug":"en-defensa-de-los-migrantes","status":"publish","type":"post","link":"https:\/\/www.diarioimagen.net\/?p=553209","title":{"rendered":"En defensa de los migrantes"},"content":{"rendered":"<h2>Desde el portal<\/h2>\n<h5>\u00c1ngel Soriano<\/h5>\n<p>&nbsp;<\/p>\n<p>El presidente Andr\u00e9s Manuel L\u00f3pez Obrador ofreci\u00f3 a los migrantes de todo el mundo, radicados en la Uni\u00f3n Americana, salir en defensa de sus derechos frente al presidente Joe Biden, con quien se reuni\u00f3 este martes 12 para abordar distintos problemas, pero el eje central gir\u00f3 en torno a la migraci\u00f3n.<\/p>\n<p>Y es que con frecuencia se olvida que las diversas civilizaciones que han existido o existen en todo el mundo son producto de la mezcla de razas, de lenguas, costumbres, tradiciones, m\u00fasica, danzas, sistemas de organizaci\u00f3n, que han enriquecido la convivencia humana y que tienen un origen diverso y profundo.<\/p>\n<p>M\u00e1s, cuando los Estados Unidos han sido formados por migrantes de distintos continentes, que han desarrollado su creatividad y su talento para forjar una gran Naci\u00f3n y que sigue siendo atractivo y fin de millones de familias de la comunidad internacional y que, desde luego, los que est\u00e1n adentro ya no quieren permitir la llegada de otros.<\/p>\n<p>Sin embargo, su inmenso territorio s\u00ed lo permite. Sobre todo cuando parte de ese territorio pertenece a naciones vecinas, como es el caso de M\u00e9xico con Texas, cuyo gobernador Greg Abbott, pretende desconocer y asumir actitudes nacionalistas, racistas o discriminatorias con sus vecinos mexicanos o centroamericanos. Veremos cual es la respuesta de Joe Biden.<\/p>\n<p style=\"text-align: center;\"><strong>Turbulencias<br \/>\nSandra Cuevas avanza con su proyecto<\/strong><\/p>\n<p>Mientras la jefatura de Gobierno de la CDMX arrecia su embestida contra la alcaldesa en la Cuauht\u00e9moc, Sandra Cuevas Nieves, \u00e9sta contin\u00faa adelante con su programa de Gobierno y anuncia que para octubre se habr\u00e1 avanzado en cubrir de asfalto las 33 colonias de la demarcaci\u00f3n para tapar los baches existentes. Y la Fiscal\u00eda del GCDMX anuncia que se le investiga por posible uso de permiso provisional para circular ap\u00f3crifo que le fue encontrado al veh\u00edculo, en el cual se desplazaba en d\u00edas recientes\u2026 Y el l\u00edder del Senado, Ricardo Monreal, que tiene entre sus simpatizantes a la aguerrida alcaldesa, aclara que de ninguna manera est\u00e1 enfrentado con el presidente L\u00f3pez Obrador, simple y sencillamente tienen puntos de vista diferentes sin que esto signifique que es un traidor. Desde luego que la campa\u00f1a de denuestos apenas inicia y crecer\u00e1n en la medida en que el zacatecano avance en busca de la candidatura presidencial para el 2024\u2026 El general retirado Mauricio \u00c1vila Medina la libr\u00f3, por ahora, para no ser juzgado como militar en activo por sus cr\u00edticas al gobierno del Presidente L\u00f3pez Obrador y un amparo impidi\u00f3 que se presentara a un tribunal castrense y ahora se busca evitar que sea llevado por la fuerza. Es un avance en el Poder Judicial. Una de cal por las de arena\u2026 El presidente de la Asociaci\u00f3n Mexicana de Empresas de Seguridad Privada (AMESP), Salvador L\u00f3pez Contreras, inici\u00f3 acercamiento con sus similares en pa\u00edses de la regi\u00f3n, a fin de intercambiar conocimientos y experiencias para la prevenci\u00f3n y combate a la inseguridad que priva en sus naciones, logrando respuesta positiva en Colombia y Argentina, y con quienes habr\u00e1 de reunirse en la celebraci\u00f3n de un nuevo aniversario. La AMESP, agrupa en M\u00e9xico a las 181 empresas nacionales e internacionales, m\u00e1s grandes e importantes que legalmente est\u00e1n establecidas en nuestro pa\u00eds y que cuenta con el 30 por ciento del total nacional de trabajadores de la industria de la seguridad privada, sostuvo que estos encuentros son con el prop\u00f3sito de enriquecer conocimientos y aportar experiencia de otras naciones, a fin de dar soluciones concretas al problema de inseguridad que se vive d\u00eda a d\u00eda\u2026Al aumentar el n\u00famero de casos de Covid-19 en el pa\u00eds y suspender actividades en varios estados, se teme pueda ocurrir lo mismo con la Guelaguetza -en pleno auge ahora-, a realizarse en dos semanas m\u00e1s.<\/p>\n<p><u><a href=\"mailto:asorianocarrasco@yahoo.com\" target=\"_blank\" rel=\"noopener noreferrer\"><em>asorianocarrasco@yahoo.com<\/em><\/a><br \/>\n<em><a href=\"https:\/\/revistabrecha.com\" target=\"_blank\" rel=\"noopener noreferrer\">www.revistabrecha.com<\/a><br \/>\n<\/em><\/u><em>facebook oficial <a href=\"https:\/\/es-la.facebook.com\/RevistaBrecha.Oficial\" target=\"_blank\" rel=\"noopener\">@BrechaRevista<\/a><\/em><\/p>\n","protected":false},"excerpt":{"rendered":"<p><span style=\"color: #005497;\"><strong>\u00c1ngel Soriano<\/strong><\/span><\/p>\n","protected":false},"author":3,"featured_media":0,"comment_status":"open","ping_status":"open","sticky":false,"template":"","format":"standard","meta":{"_monsterinsights_skip_tracking":false,"_monsterinsights_sitenote_active":false,"_monsterinsights_sitenote_note":"","_monsterinsights_sitenote_category":0,"footnotes":""},"categories":[135],"tags":[85,86,43674],"class_list":["post-553209","post","type-post","status-publish","format-standard","hentry","category-angel-soriano-opinion","tag-angel-soriano","tag-desde-el-portal","tag-opinion"],"_links":{"self":[{"href":"https:\/\/www.diarioimagen.net\/index.php?rest_route=\/wp\/v2\/posts\/553209","targetHints":{"allow":["GET"]}}],"collection":[{"href":"https:\/\/www.diarioimagen.net\/index.php?rest_route=\/wp\/v2\/posts"}],"about":[{"href":"https:\/\/www.diarioimagen.net\/index.php?rest_route=\/wp\/v2\/types\/post"}],"author":[{"embeddable":true,"href":"https:\/\/www.diarioimagen.net\/index.php?rest_route=\/wp\/v2\/users\/3"}],"replies":[{"embeddable":true,"href":"https:\/\/www.diarioimagen.net\/index.php?rest_route=%2Fwp%2Fv2%2Fcomments&post=553209"}],"version-history":[{"count":0,"href":"https:\/\/www.diarioimagen.net\/index.php?rest_route=\/wp\/v2\/posts\/553209\/revisions"}],"wp:attachment":[{"href":"https:\/\/www.diarioimagen.net\/index.php?rest_route=%2Fwp%2Fv2%2Fmedia&parent=553209"}],"wp:term":[{"taxonomy":"category","embeddable":true,"href":"https:\/\/www.diarioimagen.net\/index.php?rest_route=%2Fwp%2Fv2%2Fcategories&post=553209"},{"taxonomy":"post_tag","embeddable":true,"href":"https:\/\/www.diarioimagen.net\/index.php?rest_route=%2Fwp%2Fv2%2Ftags&post=553209"}],"curies":[{"name":"wp","href":"https:\/\/api.w.org\/{rel}","templated":true}]}}