{"id":553211,"date":"2022-07-13T00:05:50","date_gmt":"2022-07-13T05:05:50","guid":{"rendered":"https:\/\/www.diarioimagen.net\/?p=553211"},"modified":"2022-07-13T04:02:04","modified_gmt":"2022-07-13T09:02:04","slug":"echeverria-razones-para-preocuparse","status":"publish","type":"post","link":"https:\/\/www.diarioimagen.net\/?p=553211","title":{"rendered":"Echeverr\u00eda, razones para preocuparse"},"content":{"rendered":"<h2>Perfil de M\u00e9xico<\/h2>\n<h5>Armando R\u00edos Ruiz<\/h5>\n<p>&nbsp;<\/p>\n<p>Sin recurrir a la literatura que habla de Luis Echeverr\u00eda, Presidente de M\u00e9xico entre 1970 y 1976, los mexicanos que ya ten\u00edamos edad para razonar, recordamos pasajes de su vida nada agradables y desarrollamos la condici\u00f3n muy humana, de hacer comparaciones con el momento que vivimos ahora. Entre ambos existe una semejanza indiscutible.<\/p>\n<p>Desde el principio de la actual administraci\u00f3n, muchos acuciosos analistas pol\u00edticos notaron de inmediato, una semejanza bastante grande entre el anterior y el actual Presidente. Los medios ya han dado cuenta de lo azarosa que se torn\u00f3 la vida durante el mandato de Echeverr\u00eda, fallecido apenas hace unos d\u00edas, con 100 a\u00f1os, cinco meses y 21 d\u00edas cumplidos. Una vida longeva llena de vicisitudes y de trabajo excesivo, que \u201chasta inventaba\u201d para mantenerse ocupado, dec\u00edan quienes trabajaron a su lado durante muchos a\u00f1os.<\/p>\n<p>Antes de ser Presidente o cuando figuraba como el primero en la lista de aspirantes del PRI y por lo tanto, era obvio que se convertir\u00eda en el futuro Jefe del Ejecutivo, la oposici\u00f3n hizo publicar las calificaciones obtenidas en la universidad, que verdaderamente daban l\u00e1stima. Caso similar al presente. Hoy se sabe que nuestro gobernante abus\u00f3 del tiempo en la escuela y que ni siquiera obtuvo un t\u00edtulo universitario, despu\u00e9s de 14 a\u00f1os, sostienen las malas lenguas.<\/p>\n<p>En tiempos de Echeverr\u00eda, Pr\u00e1cticamente no hab\u00eda d\u00eda que no amaneciera con una novedad desagradable, como ocurre hoy, con la diferencia de que en esta segunda oportunidad, los males son multiplicados a manera de ra\u00edz cuadrada. El despilfarro del dinero p\u00fablico estuvo a la orden del d\u00eda, con inversiones en todas las empresas que llegaban a la mente del entonces mandatario, que no rebasaron su sexenio, porque todas fueron un verdadero fiasco. Un tiradero de dinero irresponsable, sin conseguir fruto alguno.<\/p>\n<p>\u2212Hablamos del pasado, que hoy tanto gusta ser recordado en las altas esferas de la 4T para hacer comparaciones que por nada han sido superadas, sino en lo que significa un p\u00e9simo gobierno\u2212. Existen recuerdos dolorosos, como la matanza de Tlatelolco, el \u201chalconazo\u201d y la guerra\u00a0 sucia, durante la cual, muchos estudiantes fueron desaparecidos, lo mismo que cr\u00edticos del gobierno.<\/p>\n<p>Durante su desempe\u00f1o comenz\u00f3 una ola expansiva de devaluaciones. El peso mexicano se convirti\u00f3 en una moneda inestable e inclusive, el gobierno ech\u00f3 mano de los ahorros que muchos mexicanos ten\u00edan en d\u00f3lares, convertidos en polvo por una orden presidencial que lo depreci\u00f3 hasta el piso, porque el pa\u00eds necesitaba dinero y el que mandaba ten\u00eda en sus manos el arma para apoderarse de \u00e9l, para usarlo como soluci\u00f3n a problemas econ\u00f3micos que \u00e9l mismo cre\u00f3.<\/p>\n<p>En un santiam\u00e9n, el peso redujo su valor adquisitivo y el d\u00f3lar inici\u00f3 un vuelo tan alto, que resultaba imposible alcanzarlo. Termin\u00f3 la paridad de 12.50 pesos por un d\u00f3lar, vigente desde 1954 y lleg\u00f3 hasta a 25 pesos por billete verde. Este fue el primer golpe, porque luego siguieron muchos otros, hasta que la esperanza de que terminaran las devaluaciones se perdi\u00f3.<\/p>\n<p>La historia es demasiado larga. Pero hasta hoy, ha sido \u201cel \u00fanico ex presidente mexicano sujeto a proceso penal, con dos \u00f3rdenes de aprehensi\u00f3n -una el 30 de junio de 2006 y otra el 20 de noviembre de ese mismo a\u00f1o- y con prisi\u00f3n domiciliaria por m\u00e1s de dos a\u00f1os\u201d. En una ocasi\u00f3n, cuando fue acusado de la matanza de Tlatelolco, incontenible, solt\u00f3 las l\u00e1grimas. Sin pensar en \u00e9l, Gustavo D\u00edaz Ordaz lo consol\u00f3 con sus valientes palabras que lo vest\u00edan de toda la culpa, cuando pidi\u00f3 no buscar m\u00e1s culpables. \u201cEl responsable soy yo\u201d, dijo.<\/p>\n<p>Hoy, el peso tambi\u00e9n se encuentra en una tablita. Ojal\u00e1 y yo est\u00e9 equivocado. Pero se avizoran tiempos demasiado dif\u00edciles para nuestra econom\u00eda, que no tardar\u00e1n en estallar estrepitosamente, dado que, para mantenernos estables se inyecta numerario en diversos rubros. Como a la gasolina, que no ha disparado sus precios gracias a esos malabares.<\/p>\n<p><a href=\"mailto:ariosruiz@gmail.com\" target=\"_blank\" rel=\"noopener noreferrer\"><em>ariosruiz@gmail.com<\/em><\/a><\/p>\n","protected":false},"excerpt":{"rendered":"<p><span style=\"color: #005497;\"><strong>Armando R\u00edos Ruiz<\/strong><\/span><\/p>\n","protected":false},"author":3,"featured_media":0,"comment_status":"open","ping_status":"open","sticky":false,"template":"","format":"standard","meta":{"_monsterinsights_skip_tracking":false,"_monsterinsights_sitenote_active":false,"_monsterinsights_sitenote_note":"","_monsterinsights_sitenote_category":0,"footnotes":""},"categories":[88405],"tags":[88407,43674,91193],"class_list":["post-553211","post","type-post","status-publish","format-standard","hentry","category-armando-rios-ruiz","tag-armando-rios-ruiz","tag-opinion","tag-perfil-de-mexico"],"_links":{"self":[{"href":"https:\/\/www.diarioimagen.net\/index.php?rest_route=\/wp\/v2\/posts\/553211","targetHints":{"allow":["GET"]}}],"collection":[{"href":"https:\/\/www.diarioimagen.net\/index.php?rest_route=\/wp\/v2\/posts"}],"about":[{"href":"https:\/\/www.diarioimagen.net\/index.php?rest_route=\/wp\/v2\/types\/post"}],"author":[{"embeddable":true,"href":"https:\/\/www.diarioimagen.net\/index.php?rest_route=\/wp\/v2\/users\/3"}],"replies":[{"embeddable":true,"href":"https:\/\/www.diarioimagen.net\/index.php?rest_route=%2Fwp%2Fv2%2Fcomments&post=553211"}],"version-history":[{"count":0,"href":"https:\/\/www.diarioimagen.net\/index.php?rest_route=\/wp\/v2\/posts\/553211\/revisions"}],"wp:attachment":[{"href":"https:\/\/www.diarioimagen.net\/index.php?rest_route=%2Fwp%2Fv2%2Fmedia&parent=553211"}],"wp:term":[{"taxonomy":"category","embeddable":true,"href":"https:\/\/www.diarioimagen.net\/index.php?rest_route=%2Fwp%2Fv2%2Fcategories&post=553211"},{"taxonomy":"post_tag","embeddable":true,"href":"https:\/\/www.diarioimagen.net\/index.php?rest_route=%2Fwp%2Fv2%2Ftags&post=553211"}],"curies":[{"name":"wp","href":"https:\/\/api.w.org\/{rel}","templated":true}]}}