{"id":553219,"date":"2022-07-13T00:03:58","date_gmt":"2022-07-13T05:03:58","guid":{"rendered":"https:\/\/www.diarioimagen.net\/?p=553219"},"modified":"2022-07-13T04:06:40","modified_gmt":"2022-07-13T09:06:40","slug":"cdmx-rosa-icela-o-batres","status":"publish","type":"post","link":"https:\/\/www.diarioimagen.net\/?p=553219","title":{"rendered":"CDMX: Rosa Icela o Batres"},"content":{"rendered":"<h2>Espacio Electoral<\/h2>\n<h5>Eleazar Flores<\/h5>\n<p>&nbsp;<\/p>\n<p><strong>VECINO DISTANTE-.<\/strong> Dato omitido en la entrega de ayer acerca del Edomex, son los 300 mil millones de pesos de presupuesto que ejerce este a\u00f1o, cifra superior al autorizado para este mismo periodo al de la CDMX, pero por hoy el tema son los candidatos de esta capital.<\/p>\n<p>Pendiente de todas sus \u201ccorcholatas\u201d aun estando en la Uni\u00f3n Americana, el padre de la Cuarta Transformaci\u00f3n ha dado el\u00a0 visto bueno para que un hombre y una mujer busquen suceder a Claudia Sheinbaum, en caso de ganar la elecci\u00f3n local de 2024, pues recuerde que en la federal intermedia de 2021, Morena sufri\u00f3 un rev\u00e9s.<\/p>\n<p>Rosa Icela Rodr\u00edguez Vel\u00e1zquez y Mart\u00ed Batres Guadarrama son de todas las confianzas, tanto del tabasque\u00f1o como de la jefa de Gobierno, pues los dos han venido trabajando con ambos desde hace varias d\u00e9cadas, as\u00ed que eso de la confianza y lealtad, re\u00fanen m\u00e1s del noventa por ciento del par\u00e1metro exigido, el diez por ciento de eficiencia es otra cosa.<\/p>\n<p><strong>ROSA ICELA-.<\/strong> Potosina de origen, Rosa Icela Rodr\u00edguez es periodista de profesi\u00f3n egresada de la Carlo Septi\u00e9n con experiencias en prensa escrita, radio y televisi\u00f3n, pero ligada a Andr\u00e9s Manuel L\u00f3pez Obrador desde que \u00e9ste era jefe de Gobierno, tambi\u00e9n con Claudia Sheinbaum, de cuyo equipo salt\u00f3 para ocupar la Secretar\u00eda de Seguridad Ciudadana, en lugar de Alfonso Durazo.<\/p>\n<p>Si la valora por las cifras que ha dado en algunas ma\u00f1aneras cuando el due\u00f1o del micr\u00f3fono la invita, podr\u00eda no estar tan certero, pues recuerde que en base a los \u201cotros datos\u201d que nadie conoce, \u201cvamos muy bien\u201d, por lo que el lenguaje no es de la funcionaria, sino de su jefe.<\/p>\n<p><strong>BATRES-.<\/strong> Mart\u00ed Batres Guadarrama \u2014en cuyo nombre lleva el izquierdismo familiar\u2014, hasta donde va ha sido casi todo, asamble\u00edsta cuando el entonces Distrito Federal no ten\u00eda diputados, diputado federal en dos ocasiones, senador de la Rep\u00fablica, dirigente capitalino del casi extinto Partido de la Revoluci\u00f3n Democr\u00e1tica y despu\u00e9s fundador y presidente del Movimiento Regeneraci\u00f3n Nacional, Morena.<\/p>\n<p>Colaborador, igual que Rosa Icela, tanto de L\u00f3pez Obrador, jefe de Gobierno como ya siendo Presidente de la Rep\u00fablica, por lo que la afinidad ideol\u00f3gica est\u00e1 fuera de duda. Incluso su cercan\u00eda con la jefa de Gobierno pues desde el 15 de julio de 2021 cuando se incorpor\u00f3 a su gabinete, Claudia Sheinbaum le dio todo el espacio pol\u00edtico para actuar.<\/p>\n<p>Lo de \u201cvecinos distantes\u201d -como la novela de Fuentes-, que son por ahora los gobiernos mexiquense y citadino, por pertenecer a distintos partidos pol\u00edticos,\u00a0 podr\u00eda terminar en 2024 si ambas entidades las gana Morena.<\/p>\n<p>Como la frase del escritor chilango Armando Ram\u00edrez, qu\u00e9 tanto es tantito.<\/p>\n<p><em><a href=\"mailto:elefa44@gmail.com\" target=\"_blank\" rel=\"noopener noreferrer\">elefa44@gmail.com<\/a><\/em><\/p>\n","protected":false},"excerpt":{"rendered":"<p><span style=\"color: #005497;\"><strong>Eleazar Flores<\/strong><\/span><\/p>\n","protected":false},"author":3,"featured_media":0,"comment_status":"open","ping_status":"open","sticky":false,"template":"","format":"standard","meta":{"_monsterinsights_skip_tracking":false,"_monsterinsights_sitenote_active":false,"_monsterinsights_sitenote_note":"","_monsterinsights_sitenote_category":0,"footnotes":""},"categories":[81743],"tags":[81744,81776,43674],"class_list":["post-553219","post","type-post","status-publish","format-standard","hentry","category-eleazar-flores","tag-eleazar-flores","tag-espacio-electoral","tag-opinion"],"_links":{"self":[{"href":"https:\/\/www.diarioimagen.net\/index.php?rest_route=\/wp\/v2\/posts\/553219","targetHints":{"allow":["GET"]}}],"collection":[{"href":"https:\/\/www.diarioimagen.net\/index.php?rest_route=\/wp\/v2\/posts"}],"about":[{"href":"https:\/\/www.diarioimagen.net\/index.php?rest_route=\/wp\/v2\/types\/post"}],"author":[{"embeddable":true,"href":"https:\/\/www.diarioimagen.net\/index.php?rest_route=\/wp\/v2\/users\/3"}],"replies":[{"embeddable":true,"href":"https:\/\/www.diarioimagen.net\/index.php?rest_route=%2Fwp%2Fv2%2Fcomments&post=553219"}],"version-history":[{"count":0,"href":"https:\/\/www.diarioimagen.net\/index.php?rest_route=\/wp\/v2\/posts\/553219\/revisions"}],"wp:attachment":[{"href":"https:\/\/www.diarioimagen.net\/index.php?rest_route=%2Fwp%2Fv2%2Fmedia&parent=553219"}],"wp:term":[{"taxonomy":"category","embeddable":true,"href":"https:\/\/www.diarioimagen.net\/index.php?rest_route=%2Fwp%2Fv2%2Fcategories&post=553219"},{"taxonomy":"post_tag","embeddable":true,"href":"https:\/\/www.diarioimagen.net\/index.php?rest_route=%2Fwp%2Fv2%2Ftags&post=553219"}],"curies":[{"name":"wp","href":"https:\/\/api.w.org\/{rel}","templated":true}]}}