{"id":553221,"date":"2022-07-13T00:11:42","date_gmt":"2022-07-13T05:11:42","guid":{"rendered":"https:\/\/www.diarioimagen.net\/?p=553221"},"modified":"2022-07-18T06:15:33","modified_gmt":"2022-07-18T11:15:33","slug":"el-cash-de-epn-antero-rodarte","status":"publish","type":"post","link":"https:\/\/www.diarioimagen.net\/?p=553221","title":{"rendered":"\u00bfEl cash de EPN? \u00a1Antero Rodarte!"},"content":{"rendered":"<h2>\u00cdndice pol\u00edtico<\/h2>\n<h5>Francisco Rodr\u00edguez<\/h5>\n<p>&nbsp;<\/p>\n<p>&nbsp;<\/p>\n<ul>\n<li><strong><em>Ahora es millonario y s\u00f3lo contaba billetes<\/em><\/strong><\/li>\n<li><strong><em>Perro, perico y\u2026<\/em><\/strong><\/li>\n<\/ul>\n<p>&nbsp;<\/p>\n<p>Por lo menos una vez a la semana, a veces hasta en dos ocasiones, el entonces presidente <strong>Enrique Pe\u00f1a Nieto<\/strong>\u00a0se reun\u00eda en privado, muy en privado, con quien fung\u00eda como jefe de la Unidad de Apoyo a la Presidencia:\u00a0<strong>Jos\u00e9 Antero Rodarte Cordero<\/strong>.<\/p>\n<p>Y es que, a diferencia de\u00a0<strong>Ernesto Zedillo,<\/strong>\u00a0quien dec\u00eda siempre no traer\u00a0<em>cash<\/em>, Pe\u00f1a Nieto y Rodarte Cordero dedicaban esos espacios juntos a contar billetes.<\/p>\n<p>Muchos billetes.<\/p>\n<p>Mucho\u00a0<em>cash<\/em>\u00a0o dinero en efectivo.<\/p>\n<p>Tambi\u00e9n hac\u00edan sumas y restas sobre las cuentas bancarias en el pa\u00eds y en el extranjero.<\/p>\n<p>Y claro, lo mismo ve\u00edan los rendimientos de las inversiones del toluquita.<\/p>\n<p>\u00bfCu\u00e1nto le hab\u00edan dado al abogado\u00a0<strong>Juan Ram\u00f3n Collado<\/strong>\u00a0para que \u201cmoviera\u201d en Panam\u00e1 o en Andorra o en las Islas V\u00edrgenes o en cualquiera de los para\u00edsos fiscales?<\/p>\n<p>Tambi\u00e9n ve\u00edan los avances en la construcci\u00f3n del par de residencias en Ixtapan de la Sal, una de las cuales ser\u00eda para alojar la egoteca del chaparrito personaje que durante m\u00e1s de 18 a\u00f1os se dedic\u00f3 a acumular riquezas en los puestos p\u00fablicos donde la\u00a0<em>grilla<\/em>\u00a0lo colocara. Para esto s\u00ed invitaban a\u00a0<strong>Roberto Padilla Dom\u00ednguez<\/strong>, secretario t\u00e9cnico del gabinete de EPN, pues \u00e9l era el encargado directo de supervisar las obras que, para no variar, ten\u00eda encargadas Grupo Higa, del tristemente c\u00e9lebre\u00a0<strong>Juan Armando Hinojosa Cant\u00fa<\/strong>.<\/p>\n<p>Y Antero Rodarte s\u00f3lo ve\u00eda de lejos esas riquezas.<\/p>\n<p>Porque, de acuerdo con la declaraci\u00f3n testimonial de\u00a0<strong>Emilio Lozoya Austin<\/strong>\u00a0ante la Fiscal\u00eda encabezada por\u00a0<strong>Alejandro Gertz Manero<\/strong>, durante una cena en Los Pinos, \u201cencontr\u00e1ndose Antero Rodarte en estado de ebriedad\u201d, le dijo a Lozoya, seg\u00fan el ex director general de Pemex ahora en prisi\u00f3n, que \u201cestaba hasta la madre de lo poco que le pagaban, en comparaci\u00f3n de las maletas llenas de fajos de billetes que \u00e9l ten\u00eda que resguardar en la bodega\u201d de la casa-museo de Pe\u00f1a Nieto.<\/p>\n<p>\u00a1Fajos de billetes!<\/p>\n<p>\u00a1Mucho\u00a0<em>cash<\/em>!<\/p>\n<p>Del que, aparentemente, no tienen noticia ni la UIF ni\u00a0<strong>Pablo G\u00f3mez<\/strong>\u00a0que dicen investigar la enorme y escandalosa fortuna de Pe\u00f1a Nieto, ahora autoexiliado en Espa\u00f1a.<\/p>\n<p style=\"text-align: center;\"><strong>Al final le hizo justicia la Revoluci\u00f3n\u00a0<\/strong><\/p>\n<p>De acuerdo con una investigaci\u00f3n publicada el 29 de julio de 2021 por el colega\u00a0<strong>Luis Garc\u00eda<\/strong>, reportero en la capital del Estado de M\u00e9xico, la Fiscal\u00eda General de la Rep\u00fablica inici\u00f3 pesquisas en torno a \u201cuno de los operadores m\u00e1s importantes e influyentes de Enrique Pe\u00f1a Nieto: Jos\u00e9 Antero Rodarte Cordero, ex titular de la Unidad de Apoyo a la Presidencia o en otras palabras, quien se dedicaba a que el ex mandatario de M\u00e9xico tuviera todas las comodidades tanto en su vida privada como en negocios ocultos.<\/p>\n<p>Se\u00f1ala que desde hace a\u00f1os Rodarte Cordero tuvo un perfil bajo. Era una sombra con poder y de gran confianza que sab\u00eda hacer su trabajo, donde hasta la fecha contin\u00faa manejando con prestanombres algunas empresas, moviendo millones de pesos, que fueron creadas durante la administraci\u00f3n del mandatario priista.<\/p>\n<p>Se sabe que portaba en efectivo el dinero del Presidente de M\u00e9xico y resguardaba maletas llenas de fajos de billetes que se encontraban en la famosa bodega ubicada en el Estado de M\u00e9xico conocido como \u00abEl Museo del Presidente\u00bb.<\/p>\n<p>\u201cEn nuestras investigaciones la bodega lujosa posiblemente se localice en la capital mexiquense, donde se tiene guardado regalos, reconocimientos, historial pol\u00edtico de Pe\u00f1a Nieto y un Ferrari que perteneci\u00f3 al ex presidente\u00a0<strong>Adolfo L\u00f3pez Mateos<\/strong>\u00a0y que habr\u00eda sido un regalo a EPN por parte del ex gobernador de Veracruz,\u00a0<strong>Javier Duarte<\/strong>\u201d, escribi\u00f3 Garc\u00eda.<\/p>\n<p>El periodista ubic\u00f3 en ese entonces a Antero Rodarte no en las goteras de Madrid, sino en Toluca, concretamente en una oficina localizada en la calle de Felipe Villanueva casi esquina con el Paseo Tollocan.<\/p>\n<p>Al final, pues, parece que a este personaje s\u00ed le hizo justicia la Revoluci\u00f3n a trav\u00e9s de la <em>tolucopachucracia<\/em>, pues ahora es empresario, millonario, que al igual que EPN, tambi\u00e9n se da sus lujos.<\/p>\n<p>Muy caros lujos, adem\u00e1s.<\/p>\n<p style=\"text-align: center;\"><strong>Indicios\u00a0<\/strong><\/p>\n<p><strong>\u00a0<\/strong>A peso est\u00e1n los mandarriazos entre la clase -sin clase- pol\u00edtica poblana de Morena. Asesinatos, corrupci\u00f3n, cientos de millones de pesos, lavado de dinero, filtraciones, acusaciones de unos contra otros\u2026 \u00a1Uf! De lo m\u00e1s divertido para los opositores que, sin dejar de re\u00edr, ven c\u00f3mo se desmorona el Movimiento de AMLO en esa entidad\u2026 como en muchas otras. El coordinador de la bancada mayoritaria en la C\u00e1mara Baja,\u00a0<strong>Ignacio\u00a0<em>Nachito<\/em>\u00a0Mier<\/strong>, con todo y el apoyo de\u00a0<strong>Manuel Bartlett<\/strong>, no tiene posibilidades de ganar frente al gobernador\u00a0<strong>Miguel \u00c1ngel Barbosa<\/strong>\u00a0y de su propio primo, el senador\u00a0<strong>Alejandro Armenta Mier,<\/strong>\u00a0quien le disputa la candidatura a la gubernatura de la entidad. * * * Tambi\u00e9n rijoso el dirigente formal morenista\u00a0<strong>Mario Delgado<\/strong>. Por en\u00e9sima ocasi\u00f3n se lanza en contra del l\u00edder de Morena en el Senado,\u00a0<strong>Ricardo Monreal<\/strong>, por su divergencia y abierta oposici\u00f3n al m\u00e9todo de encuestas para seleccionar al candidato presidencial. Para Delgado, la palabra de AMLO es divina y no se puede ir en contra de ella. Muy democr\u00e1ticos, \u00bfo no? * * * Enorme es la protecci\u00f3n que\u00a0<strong>Claudia Sheinbaum<\/strong>\u00a0brinda a la comadre de AMLO,\u00a0<strong>Florencia Serran\u00eda<\/strong>, quien fingiera -no fungiera- \u00abs\u00f3lo ser directora general del Metro\u201d de CDMX cuando el incendio de un enorme transformador y, m\u00e1s grave a\u00fan, cuando el desplome de los vagones en la L\u00ednea 12 del STC. No la presentar\u00e1n ante el MP \u201cpara no afectar sus derechos humanos\u201d. Otra raz\u00f3n por la cual desconfiar de la \u201cregenta\u201d capitalina, en el cada vez m\u00e1s remoto e improbable caso de que llegara a la Presidencia de la Rep\u00fablica. * * * Aun padeciendo Covid, el embajador de M\u00e9xico en Washington,\u00a0<strong>Esteban Moctezuma,<\/strong>\u00a0hizo bien la chamba de la recepci\u00f3n a AMLO, acarreando migrantes hasta el pie de la ventana de la habitaci\u00f3n que en un hotel cercano a la Casa Blanca ocup\u00f3 por dos noches el mandatario mexicano. Los dem\u00e1s hu\u00e9spedes, felices, felices, felices por el esc\u00e1ndalo callejero -mariachis incluidos- que perturb\u00f3 sus horas de descanso. * * * Gracias por leer hasta aqu\u00ed. Le deseo, como siempre, que tenga usted \u00a1buenas gracias y muchos, muchos d\u00edas!<\/p>\n<p><em><u><a href=\"http:\/\/www.indicepolitico.com\" target=\"_blank\" rel=\"noopener noreferrer\">www.indicepolitico.com<\/a><\/u><u><br \/>\n<\/u><a href=\"mailto:indicepolitico@gmail.com\" target=\"_blank\" rel=\"noopener noreferrer\">indicepolitico@gmail.com<\/a><\/em><br \/>\n<em><a href=\"https:\/\/twitter.com\/indicepolitico?lang=es\" target=\"_blank\" rel=\"noopener noreferrer\">@IndicePolitico<\/a><\/em><br \/>\n<em><u><a href=\"https:\/\/twitter.com\/pacorodriguez\" target=\"_blank\" rel=\"noopener noreferrer\">@pacorodriguez<\/a><\/u><\/em><\/p>\n","protected":false},"excerpt":{"rendered":"<p><span style=\"color: #005497;\"><strong>Francisco Rodr\u00edguez<\/strong><\/span><\/p>\n","protected":false},"author":3,"featured_media":0,"comment_status":"open","ping_status":"open","sticky":false,"template":"","format":"standard","meta":{"_monsterinsights_skip_tracking":false,"_monsterinsights_sitenote_active":false,"_monsterinsights_sitenote_note":"","_monsterinsights_sitenote_category":0,"footnotes":""},"categories":[549],"tags":[550,43674,83974],"class_list":["post-553221","post","type-post","status-publish","format-standard","hentry","category-francisco-rodriguez","tag-indice-politico","tag-opinion","tag-rancisco-rodriguez"],"_links":{"self":[{"href":"https:\/\/www.diarioimagen.net\/index.php?rest_route=\/wp\/v2\/posts\/553221","targetHints":{"allow":["GET"]}}],"collection":[{"href":"https:\/\/www.diarioimagen.net\/index.php?rest_route=\/wp\/v2\/posts"}],"about":[{"href":"https:\/\/www.diarioimagen.net\/index.php?rest_route=\/wp\/v2\/types\/post"}],"author":[{"embeddable":true,"href":"https:\/\/www.diarioimagen.net\/index.php?rest_route=\/wp\/v2\/users\/3"}],"replies":[{"embeddable":true,"href":"https:\/\/www.diarioimagen.net\/index.php?rest_route=%2Fwp%2Fv2%2Fcomments&post=553221"}],"version-history":[{"count":0,"href":"https:\/\/www.diarioimagen.net\/index.php?rest_route=\/wp\/v2\/posts\/553221\/revisions"}],"wp:attachment":[{"href":"https:\/\/www.diarioimagen.net\/index.php?rest_route=%2Fwp%2Fv2%2Fmedia&parent=553221"}],"wp:term":[{"taxonomy":"category","embeddable":true,"href":"https:\/\/www.diarioimagen.net\/index.php?rest_route=%2Fwp%2Fv2%2Fcategories&post=553221"},{"taxonomy":"post_tag","embeddable":true,"href":"https:\/\/www.diarioimagen.net\/index.php?rest_route=%2Fwp%2Fv2%2Ftags&post=553221"}],"curies":[{"name":"wp","href":"https:\/\/api.w.org\/{rel}","templated":true}]}}