{"id":553229,"date":"2022-07-13T00:09:56","date_gmt":"2022-07-13T05:09:56","guid":{"rendered":"https:\/\/www.diarioimagen.net\/?p=553229"},"modified":"2022-07-13T04:15:43","modified_gmt":"2022-07-13T09:15:43","slug":"persecuciones-politicas-por-encargo","status":"publish","type":"post","link":"https:\/\/www.diarioimagen.net\/?p=553229","title":{"rendered":"Persecuciones pol\u00edticas \u201cpor encargo\u201d"},"content":{"rendered":"<h2>Poder y dinero<\/h2>\n<h5>V\u00edctor S\u00e1nchez Ba\u00f1os<\/h5>\n<p>&nbsp;<\/p>\n<ul>\n<li><strong><em>\u201cAlito\u201d, Cuevas, Garc\u00eda Cabeza de Vaca, Anaya<\/em><\/strong><\/li>\n<li><strong><em>S\u00f3lo alegor\u00eda medi\u00e1tica <\/em><em>y nada firme<\/em><\/strong><\/li>\n<li><strong><em>Ahora, Layda amenaza con \u201csexting\u201d<\/em><\/strong><\/li>\n<li><strong><em>Diputadas opositoras, <\/em><em>en la mira<\/em><\/strong><\/li>\n<li><strong><em>Que siempre no van contra EPN<\/em><\/strong><\/li>\n<li><strong><em>Deben aplicar la Ley Olimpia <\/em><em>a Sansores San Rom\u00e1n<\/em><\/strong><\/li>\n<li><strong><em>Gobernadora que no se atiene a la ley\u00a0 <\/em><\/strong><\/li>\n<li><strong><em>Regresa PiSA a vender medicinas al Gobierno<\/em><\/strong><\/li>\n<li><strong><em>Audi, RSC<\/em><\/strong><em><br \/>\n<\/em><\/li>\n<\/ul>\n<p>&nbsp;<\/p>\n<p style=\"text-align: right;\"><em>Nunca he permitido que la escuela <\/em><em>entorpeciese mi educaci\u00f3n<br \/>\n<\/em><strong>Mark Twain<\/strong> (1835-1910), escritor y periodista estadounidense<\/p>\n<p>&nbsp;<\/p>\n<p>No es nuevo. En el priismo se dieron infinidad de casos de pol\u00edticos que eran acorralados por el gobierno en turno. Su pecado es simplemente pasar por la mente de los presidentes en turno y castigar al gobierno anterior.<\/p>\n<p>En otros casos han ca\u00eddo algunos por casos de corrupci\u00f3n durante el sexenio o por haber ca\u00eddo de la gracia del presidente en esos momentos.<\/p>\n<p>Sin embargo, aquellos pol\u00edticos ten\u00edan algo de pudor y ten\u00edan un control total de sus empleados; incluso de los pol\u00edticos de su partido y oposici\u00f3n.<\/p>\n<p>Los tiempos han cambiado y ahora las cosas son de otra forma, en donde los pol\u00edticos violan la ley en forma indiscriminada. No tienen ni el menor escr\u00fapulo para pisotear los derechos, incluso humanos, de sus contrincantes; culpables o no, violan la ley.<\/p>\n<p>En el sexenio de Luis Echeverria desafor\u00f3 a Carlos Armando Biebrich, como gobernador de Sonora y humill\u00f3 pol\u00edticamente. Le invent\u00f3 delitos, lo juzg\u00f3 y luego lo exoner\u00f3. Todo el poder y el perd\u00f3n presidencial.<\/p>\n<p>Con Jos\u00e9 L\u00f3pez Portillo, meti\u00f3 a la c\u00e1rcel al que fue el secretario de la Reforma Agracia, F\u00e9lix Barra Garc\u00eda, quien particip\u00f3 en la expropiaci\u00f3n de cientos de hect\u00e1reas de agostadero en el Valle del Mayo y el Yaqui en Sonora.<\/p>\n<p>Tambi\u00e9n encarcel\u00f3 a Eugenio M\u00e9ndez Docurro, titular de Comunicaciones; a Alfredo R\u00edos Camarena, por un fraude en el Fideicomiso Bah\u00eda de Banderas. A este \u00faltimo lo perdon\u00f3 Jolopo y lo hizo embajador en Roma.<\/p>\n<p>Con Miguel de la Madrid, se fueron encarcelados Arturo Durazo, el jefe de la polic\u00eda de L\u00f3pez Portillo; y el director de Pemex, Jorge D\u00edaz Serrano. Con Carlos Salinas, Joaqu\u00edn Hern\u00e1ndez Galicia, el l\u00edder del Sindicato de Pemex. Zedillo acab\u00f3 con Ra\u00fal Salinas; Pe\u00f1a Nieto contra Elba Esther Gordillo y muchos casos m\u00e1s.<\/p>\n<p>Todos pretend\u00edan hacerlo en base a la ley.<\/p>\n<p style=\"text-align: center;\"><strong>LA HISTORIA DE LAS V\u00cdCTIMAS DE LA 4T<\/strong><\/p>\n<p>Ahora se van contra pol\u00edticos opositores. El caso de Alejandro Moreno es sui g\u00e9neris. Lo ataca indiscriminadamente la gobernadora de Campeche, Layda Sansores. Adem\u00e1s, amenaza a diputadas priistas con divulgar fotograf\u00edas de diputadas desnudas que supuestamente se encontraron en un celular de Alto, el l\u00edder nacional del PRI.<\/p>\n<p>La gobernadora debe saber que hay una Ley Olimpia, que castiga el sexting, la divulgaci\u00f3n de fotograf\u00edas sin el consentimiento de las personas que ah\u00ed se exhiben.<\/p>\n<p>Esto podr\u00eda llevarla a un juicio pol\u00edtico para que responda a la justicia. No puede quedar impune.<\/p>\n<p>Esto es un delito, desde el momento de afirmar p\u00fablicamente que tiene las fotos.<\/p>\n<p>Atacan a abogados como Juan Collado, a un ex director de Pemex, como Emilio Lozoya. Dejan libres a otros que tienen un historial funesto, pero se alinean a la Cuarta Transformaci\u00f3n.<\/p>\n<p>La justicia en manos de quien la usa como un instrumento de castigo pol\u00edtico.<\/p>\n<p>Y que conste, que no defiendo a Alejandro Moreno. Hay mucho por lo cual puede ser juzgado, pero tiene que ser en base a la ley; sin abusos, excesos o manipulaciones.<\/p>\n<p style=\"text-align: center;\"><strong>PODEROSOS CABALLEROS<\/strong><\/p>\n<p><strong>LEVANTAN CASTIGO <\/strong><strong>A PiSA LABORATORIOS: <\/strong>El conglomerado de laboratorios farmac\u00e9uticos PiSA, liderada por Carlos \u00c1lvarez Bermejillo, podr\u00e1 volver a vender medicamentos al gobierno. Una empresa con tecnolog\u00eda de punta y productos de medicinas contra el c\u00e1ncer en ni\u00f1os, que al ser sacada del mercado por el gobierno y Salud, encabezada por Hugo L\u00f3pez, el super subsecretario, podr\u00eda aliviar el desabasto que prevalece en el pa\u00eds. Las sanciones, que nunca fueron justificadas por la secretar\u00eda de Salud, duraron dos a\u00f1os y medio. Nada comprobaron en Salud, s\u00f3lo que quer\u00edan sacarla de la jugada para ellos tomar el control de la producci\u00f3n y distribuci\u00f3n de medicamentos. Se dieron cuenta tarde, luego de la muerte de muchos ni\u00f1os y adultos por falta de medicinas contra el c\u00e1ncer, que el gobierno no es empresario y s\u00f3lo sirve para facilitar la vida de los mexicanos.<\/p>\n<p><strong>RESPONSABILIDAD <\/strong><strong>SOCIAL CORPORATIVA<\/strong><\/p>\n<p><strong>AUDI: <\/strong>Audi M\u00e9xico tiene como objetivo proporcionar tecnolog\u00edas significativas para mantener el mundo en movimiento de forma inteligente. Con el enfoque del programa ambiental global de Audi para una producci\u00f3n sustentable denominado \u201cMission: ZERO\u201d se han reducido en 80% sus emisiones de gases de efecto invernadero. Tarek Mashhour, Presidente Ejecutivo de Audi M\u00e9xico: \u00abComo planta del segmento premium instalada en M\u00e9xico, hemos liderado la transici\u00f3n hacia la electromovilidad, con la construcci\u00f3n del Audi Q5 h\u00edbrido enchufable. La producci\u00f3n de este veh\u00edculo se lleva a cabo con una clara conciencia del impacto ambiental y la mejora continua para reducir \u00e9ste.<\/p>\n<p><em><a href=\"http:\/\/poderydinero.mx\/\" target=\"_blank\" rel=\"noopener\">poderydinero.mx<\/a><br \/>\n<\/em><em><a href=\"mailto:vsb@poderydinero.mx\" target=\"_blank\" rel=\"noopener noreferrer\">vsb@poderydinero.mx<\/a><br \/>\n<\/em><em><a href=\"https:\/\/twitter.com\/vsanchezbanos\" target=\"_blank\" rel=\"noopener noreferrer\">@vsanchezbanos<\/a><\/em><\/p>\n","protected":false},"excerpt":{"rendered":"<p><span style=\"color: #005497;\"><strong>V\u00edctor S\u00e1nchez Ba\u00f1os<\/strong><\/span><\/p>\n","protected":false},"author":3,"featured_media":0,"comment_status":"open","ping_status":"open","sticky":false,"template":"","format":"standard","meta":{"_monsterinsights_skip_tracking":false,"_monsterinsights_sitenote_active":false,"_monsterinsights_sitenote_note":"","_monsterinsights_sitenote_category":0,"footnotes":""},"categories":[38844],"tags":[43674,38847,38848],"class_list":["post-553229","post","type-post","status-publish","format-standard","hentry","category-victor-sanchez-banos","tag-opinion","tag-poder-y-dinero","tag-victor-sanchez-banos"],"_links":{"self":[{"href":"https:\/\/www.diarioimagen.net\/index.php?rest_route=\/wp\/v2\/posts\/553229","targetHints":{"allow":["GET"]}}],"collection":[{"href":"https:\/\/www.diarioimagen.net\/index.php?rest_route=\/wp\/v2\/posts"}],"about":[{"href":"https:\/\/www.diarioimagen.net\/index.php?rest_route=\/wp\/v2\/types\/post"}],"author":[{"embeddable":true,"href":"https:\/\/www.diarioimagen.net\/index.php?rest_route=\/wp\/v2\/users\/3"}],"replies":[{"embeddable":true,"href":"https:\/\/www.diarioimagen.net\/index.php?rest_route=%2Fwp%2Fv2%2Fcomments&post=553229"}],"version-history":[{"count":0,"href":"https:\/\/www.diarioimagen.net\/index.php?rest_route=\/wp\/v2\/posts\/553229\/revisions"}],"wp:attachment":[{"href":"https:\/\/www.diarioimagen.net\/index.php?rest_route=%2Fwp%2Fv2%2Fmedia&parent=553229"}],"wp:term":[{"taxonomy":"category","embeddable":true,"href":"https:\/\/www.diarioimagen.net\/index.php?rest_route=%2Fwp%2Fv2%2Fcategories&post=553229"},{"taxonomy":"post_tag","embeddable":true,"href":"https:\/\/www.diarioimagen.net\/index.php?rest_route=%2Fwp%2Fv2%2Ftags&post=553229"}],"curies":[{"name":"wp","href":"https:\/\/api.w.org\/{rel}","templated":true}]}}