{"id":553248,"date":"2022-07-13T00:02:23","date_gmt":"2022-07-13T05:02:23","guid":{"rendered":"https:\/\/www.diarioimagen.net\/?p=553248"},"modified":"2022-07-13T04:56:44","modified_gmt":"2022-07-13T09:56:44","slug":"a-biden-no-se-le-olvida-lo-que-le-hizo-amlo","status":"publish","type":"post","link":"https:\/\/www.diarioimagen.net\/?p=553248","title":{"rendered":"A Biden no se le olvida lo que le hizo AMLO"},"content":{"rendered":"<h2>La Retaguardia<\/h2>\n<h5>Adriana Moreno Cordero<\/h5>\n<p>&nbsp;<\/p>\n<ul>\n<li><strong><em>El senador morenista Ricardo Monreal, en la cuenta regresiva para irse<\/em><\/strong><\/li>\n<\/ul>\n<p>&nbsp;<\/p>\n<p>Al presidente de Estados Unidos, <strong>Joe Biden<\/strong>, no se le olvida que cuando gan\u00f3 la presidencia de su pa\u00eds, su hom\u00f3logo mexicano, <strong>Andr\u00e9s Manuel L\u00f3pez Obrador<\/strong>, se resisti\u00f3 todo el tiempo que pudo a felicitarlo y con ello a reconocer su triunfo, bajo argumentos como: \u201cVamos a esperar que se terminen de resolver todos los asuntos legales. No queremos ser imprudentes, no queremos actuar a la ligera y queremos ser respetuosos de la autodeterminaci\u00f3n de los pueblos y respetuosos del derecho ajeno\u00bb, una posici\u00f3n que resulta extra\u00f1a en el de Tepetit\u00e1n porque va contra su costumbre de meterse y querer imponer su voluntad en otros pa\u00edses del mundo como por ejemplo Espa\u00f1a y Colombia y por eso, hasta lo mandan callar.<\/p>\n<p>Al inquilino de la Casa Blanca tampoco se le olvida el desaire que le hizo el tabasque\u00f1o al condicionar su asistencia a la Cumbre de las Am\u00e9ricas a la que, como se recordar\u00e1, L\u00f3pez Obrador dijo que si no invitaban a Cuba, Venezuela y Nicaragua, todos pa\u00edses liderados por dictadores como <strong>Miguel D\u00edaz-Canel<\/strong>, <strong>Nicol\u00e1s Maduro<\/strong> y <strong>Daniel Ortega<\/strong>, pues de plano \u00e9l no iba, limit\u00e1ndose a enviar a su canciller, <strong>Marcelo Ebrard<\/strong>. Lo que quer\u00eda el inquilino de Palacio Nacional, era que M\u00e9xico recuperara su status de \u201chermano mayor\u201d de Am\u00e9rica Latina.<\/p>\n<p>No puede soslayarse que el presidente Biden trae un tema pol\u00edtico de cara a las elecciones intermedias de noviembre de este a\u00f1o, donde necesita reducir el n\u00famero de migrantes para poder mantener el control de las C\u00e1maras porque, en caso contrario, corre el riesgo de que los republicanos se lo arrebaten, utilizando precisamente la bandera del tema migratorio, sobre todo en momentos en que la popularidad del inquilino de la Casa Blanca va a la baja. Sus niveles de desaprobaci\u00f3n son cada vez m\u00e1s bajos y gobernar sus dos \u00faltimos a\u00f1os con un Congreso en contra, le resultar\u00e1 sumamente dif\u00edcil, as\u00ed que las solicitudes del tabasque\u00f1o m\u00e1s bien las releg\u00f3 a un segundo lugar al decirle que para tratar el tema migratorio, ampliar el n\u00famero de visas de trabajo temporal y el resto de puntos que le plante\u00f3 L\u00f3pez Obrador, se requiere ser pacientes.<\/p>\n<p>\u00a1L\u00e1stima! Para el inquilino de Palacio Nacional, que ya se sent\u00eda el superh\u00e9roe de los migrantes y las remesas.<\/p>\n<p>Adem\u00e1s, las prioridades de Biden son diferentes a las del tabasque\u00f1o y tienen que ver con la trata de personas: el tr\u00e1fico de armas y drogas as\u00ed como reducir el fentanilo porque eso ha causado una crisis de salud p\u00fablica en Estados Unidos con m\u00e1s de 100 mil casos de sobredosis reportados en el vecino pa\u00eds del norte.<\/p>\n<p>En base a lo anterior, en la reuni\u00f3n que sostendr\u00e1n hoy empresarios norteamericanos con una delegaci\u00f3n de empresarios mexicanos, encabezados por el m\u00e1s austero, <strong>Carlos Slim<\/strong>, pues lo que puede esperarse es que los norteamericanos hagan patente su preocupaci\u00f3n por las pol\u00edticas en reforma energ\u00e9tica que el tabasque\u00f1o ha implementado.<\/p>\n<p>Y \u201csin pena ni gloria\u201d, o m\u00e1s bien m\u00e1s de lo primero y nada de lo segundo, el presidente L\u00f3pez Obrador y su flamante comitiva, regresar\u00e1n hoy por la tarde a la Ciudad de M\u00e9xico. Eso de que la vicepresidenta <strong>Kamala Harris<\/strong> es amiga del tabasque\u00f1o y de que la relaci\u00f3n entre M\u00e9xico y Estados Unidos, es puro protocolo, digamos, \u201cde dientes para afuera\u201d.<\/p>\n<p style=\"text-align: center;\"><strong>Municiones<\/strong><\/p>\n<p>*** Polic\u00edas Auxiliares adscritos a la alcald\u00eda de Miguel Hidalgo, que encabeza <strong>Mauricio Tabe<\/strong>, corrigieron una anomal\u00eda de a\u00f1os en el Hospital Rub\u00e9n Le\u00f1ero, ubicado en el Casco de Santo Tom\u00e1s. En acci\u00f3n rel\u00e1mpago, retiraron de un plumazo a la mafia que se hab\u00eda apoderado de la v\u00eda p\u00fablica en el per\u00edmetro del nosocomio. Franeleros y ambulantes agredieron a los uniformados, pero fueron sometidos y se retiraron puestos semifijos, huacales, llantas, botellas y pl\u00e1sticos que obstaculizaban el arroyo vehicular y las banquetas. Durante mucho tiempo, esta mafia de franeleros, familias enteras, no s\u00f3lo cobraban para asignar un lugar a quienes por necesidad acuden a los servicios m\u00e9dicos, sino que extorsionaban a los propios vecinos, mismos que denunciaron que ten\u00edan que pagar porque los dejaran sacar o meter su veh\u00edculo de la cochera. Si reclamaban porque obstaculizaban el frente de su casa eran agredidos f\u00edsica y verbalmente. Esta plaga se adue\u00f1\u00f3 de banquetas y calles, impidiendo el libre acceso a los servicios de emergencia, a los pacientes que iban a ser hospitalizados, recibir una consulta m\u00e9dica o practicarse an\u00e1lisis cl\u00ednicos. Los vecinos est\u00e1n agradecidos con las autoridades de la alcald\u00eda MH y la Polic\u00eda Auxiliar de la CDMX, por lo que solicitaron este tipo de operativos en otras zonas de la demarcaci\u00f3n.<\/p>\n<p>*** Es cuesti\u00f3n de una simple cuenta regresiva, coinciden los especialistas para que el presidente de la Junta de Coordinaci\u00f3n Pol\u00edtica del Senado de la Rep\u00fablica, <strong>Ricardo Monreal \u00c1vila<\/strong>, termine por irse de Morena y en los corrillos pol\u00edticos, se comenta que Movimiento Ciudadano estar\u00eda esper\u00e1ndolo con los brazos abiertos. Y definitivamente, muy mal ha hecho el ala m\u00e1s recalcitrante y polarizada de Morena en atacar sistem\u00e1ticamente al legislador zacatecano que a lo largo de su vida pol\u00edtica, siempre ha tenido que remar contra corriente. Primero, cuando se fue del PRI y logr\u00f3 la candidatura del PRD al gobierno de Zacatecas y lo consigui\u00f3, luego, ya en el partido oficial, cuando no pudo obtener la candidatura del partido oficial al gobierno de la Ciudad de M\u00e9xico, porque la actual jefa de Gobierno, <strong>Claudia Sheinbaum<\/strong>, estaba de por medio y muy cerca del coraz\u00f3n del presidente L\u00f3pez Obrador. Pero ahora, el escenario pinta muy distinto y hace unos d\u00edas anunci\u00f3: \u00abLo digo desde ahora para que no haya dudas. Si se insiste en una encuesta elaborada, cantada y organizada por el partido, (para seleccionar al candidato presidencial morenista), no tiene sentido participar, porque va a ganar quien quieren que gane; no va a ser democr\u00e1tico, y ah\u00ed no nos vamos a prestar a ninguna farsa, porque creemos en la democracia\u00bb. \u00bfAs\u00ed o m\u00e1s claro? Ante esto, el dirigente nacional de Morena, <strong>Mario Mart\u00edn Delgado<\/strong>, le envi\u00f3 mensaje al presidente de la Jucopo: \u201cYo creo que no deber\u00edamos, nadie, poner condicionantes en la participaci\u00f3n en este movimiento, m\u00e1s que la convicci\u00f3n de seguir impulsando el proyecto de Transformaci\u00f3n nacional de nuestro presidente\u201d.<\/p>\n<p>*** Las Comisiones Unidas de Prerrogativas y Partidos Pol\u00edticos y de Igualdad de G\u00e9nero y No Discriminaci\u00f3n del Instituto Nacional Electoral (INE), aprobaron poner a consideraci\u00f3n del Consejo General un proyecto de acuerdo que ordena a los partidos pol\u00edticos nacionales modificar sus documentos b\u00e1sicos para establecer reglas claras que garanticen la paridad en la postulaci\u00f3n de sus candidaturas a partir de las elecciones de gubernaturas en Coahuila y Estado de M\u00e9xico a celebrarse en 2023. Esto sin duda va a aderezar a\u00fan m\u00e1s el hirviente clima de cara a los comicios en estos dos estados del a\u00f1o entrante.<\/p>\n<p><u><a href=\"mailto:morcora@gmail.com\" target=\"_blank\" rel=\"noopener noreferrer\"><em>morcora@gmail.com<\/em><\/a><\/u><\/p>\n","protected":false},"excerpt":{"rendered":"<p><span style=\"color: #005497;\"><strong>Adriana Moreno Cordero<\/strong><\/span><\/p>\n","protected":false},"author":3,"featured_media":0,"comment_status":"open","ping_status":"open","sticky":false,"template":"","format":"standard","meta":{"_monsterinsights_skip_tracking":false,"_monsterinsights_sitenote_active":false,"_monsterinsights_sitenote_note":"","_monsterinsights_sitenote_category":0,"footnotes":""},"categories":[69370],"tags":[69369,69368,43674],"class_list":["post-553248","post","type-post","status-publish","format-standard","hentry","category-adriana-moreno-cordero","tag-adriana-moreno-cordero","tag-la-retaguardia","tag-opinion"],"_links":{"self":[{"href":"https:\/\/www.diarioimagen.net\/index.php?rest_route=\/wp\/v2\/posts\/553248","targetHints":{"allow":["GET"]}}],"collection":[{"href":"https:\/\/www.diarioimagen.net\/index.php?rest_route=\/wp\/v2\/posts"}],"about":[{"href":"https:\/\/www.diarioimagen.net\/index.php?rest_route=\/wp\/v2\/types\/post"}],"author":[{"embeddable":true,"href":"https:\/\/www.diarioimagen.net\/index.php?rest_route=\/wp\/v2\/users\/3"}],"replies":[{"embeddable":true,"href":"https:\/\/www.diarioimagen.net\/index.php?rest_route=%2Fwp%2Fv2%2Fcomments&post=553248"}],"version-history":[{"count":0,"href":"https:\/\/www.diarioimagen.net\/index.php?rest_route=\/wp\/v2\/posts\/553248\/revisions"}],"wp:attachment":[{"href":"https:\/\/www.diarioimagen.net\/index.php?rest_route=%2Fwp%2Fv2%2Fmedia&parent=553248"}],"wp:term":[{"taxonomy":"category","embeddable":true,"href":"https:\/\/www.diarioimagen.net\/index.php?rest_route=%2Fwp%2Fv2%2Fcategories&post=553248"},{"taxonomy":"post_tag","embeddable":true,"href":"https:\/\/www.diarioimagen.net\/index.php?rest_route=%2Fwp%2Fv2%2Ftags&post=553248"}],"curies":[{"name":"wp","href":"https:\/\/api.w.org\/{rel}","templated":true}]}}