{"id":553363,"date":"2022-07-14T00:08:53","date_gmt":"2022-07-14T05:08:53","guid":{"rendered":"https:\/\/www.diarioimagen.net\/?p=553363"},"modified":"2022-07-14T03:31:11","modified_gmt":"2022-07-14T08:31:11","slug":"seguira-va-por-mexico-opositores","status":"publish","type":"post","link":"https:\/\/www.diarioimagen.net\/?p=553363","title":{"rendered":"Seguir\u00e1 Va por M\u00e9xico: opositores"},"content":{"rendered":"<h2>Punto por punto<\/h2>\n<h5>Augusto Corro<\/h5>\n<p>&nbsp;<\/p>\n<p>En los escenarios pol\u00edticos contin\u00faa como uno de los temas principales el conflicto del ex gobernador de Campeche y l\u00edder nacional del PRI, Alejandro Moreno C\u00e1rdenas (a) \u201cAlito\u201d, y su colecci\u00f3n de audios que muestran su conducta de presuntas irregularidades durante su gobierno, as\u00ed como la manera ilegal de practicar la \u201cgrilla\u201d.<\/p>\n<p>Una cadena de grabaciones ilegales empez\u00f3 a conocerse desde hace varias semanas en un programa pol\u00edtico promovido por el gobierno de Campeche, encabezado por la mandataria Layda Sansores, de extracci\u00f3n morenista. En los audios, algunos con palabras altisonantes, \u201cAlito\u201d no deja t\u00edtere con cabeza.<\/p>\n<p>Las palabras del l\u00edder priista provocaron inquietud entre la jerarqu\u00eda de su partido, que inmediatamente se reuni\u00f3 para exigirle la renuncia al campechano, como una medida inmediata para detener el esc\u00e1ndalo. No funcion\u00f3 la presi\u00f3n y \u201cAlito\u201d se envalenton\u00f3 y en el \u00faltimo audio les advirti\u00f3 a sus adversarios que \u00e9l decidir\u00e1 la lista de candidatos de su partido y que \u00e9l se quedar\u00e1 hasta 2024.<\/p>\n<p>Ahora, habr\u00e1 que esperar la reacci\u00f3n interna en el partido, pues para el pr\u00f3ximo a\u00f1o se efectuar\u00e1n elecciones para gobernador o gobernadora en Coahuila y Estado de M\u00e9xico (Edomex). En esta \u00faltima entidad la lucha ser\u00e1 intensa por diferentes razones, entre otras porque representa el \u00faltimo basti\u00f3n en manos del Revolucionario Institucional; tambi\u00e9n tiene una gran importancia por el n\u00famero de votos.<\/p>\n<p>De seguir el pleito en el interior del PRI, los tricolores perder\u00e1n fuerza pol\u00edtica ante Morena que pretende alzarse con el triunfo en el Edomex, con la vista fija en las elecciones presidenciales. As\u00ed pues, al dirigente \u201cAlito\u201d le falta transitar un camino lleno de obst\u00e1culos.<\/p>\n<p>Hacia el exterior, Moreno C\u00e1rdenas tiene un futuro con pron\u00f3stico reservado. Sus conflictos, tarde o temprano, ser\u00e1n analizados, seriamente, por los l\u00edderes de los partidos opositores PAN y PRD que junto con el PRI, dirigidos y orientados por el empresario Claudio X Gonz\u00e1lez, quienes tendr\u00e1n la \u00faltima palabra sobre el futuro de la alianza Va por M\u00e9xico.<\/p>\n<p>Como adelanto, los dirigentes del PAN y PRD, Marko Cort\u00e9s y Jes\u00fas Zambrano, respectivamente, advirtieron, en entrevistas, que independientemente de lo que ocurra jur\u00eddicamente con el l\u00edder nacional del PRI, Alejandro Moreno C\u00e1rdenas, el futuro de la alianza Va por M\u00e9xico sigue s\u00f3lido, pues se trata de un acuerdo institucional que trasciende a las dirigencias de los tres partidos.<\/p>\n<p>El l\u00edder panista declar\u00f3 que las investigaciones contra Moreno C\u00e1rdenas son persecuci\u00f3n pol\u00edtica; \u201ces m\u00e1s que evidente\u201d. Dijo tambi\u00e9n que desconoce el futuro pol\u00edtico del priista, pero asever\u00f3 que pase lo que pase no se pone en riesgo la alianza Va por M\u00e9xico de cara a las elecciones presidenciales.<\/p>\n<p>Por su parte, el perredista Jes\u00fas Zambrano recalc\u00f3 que la multicitada alianza no es de los dirigentes, sino de los partidos.\u00a0 Quiz\u00e1s el \u201cChucho\u201d tenga raz\u00f3n, aunque su voz apenas si se escucha por venir de un partido que se encuentra en v\u00edas de desaparecer.<\/p>\n<p>La coalici\u00f3n Va por M\u00e9xico se encuentra en una situaci\u00f3n compleja en su lucha contra las pol\u00edticas del gobierno obradorista. Sin embargo, su esfuerzo no rinde frutos. Los partidos opositores no encuentran la f\u00f3rmula efectiva para vencer al partido guinda en las elecciones estatales.<\/p>\n<p>Los candidatos de la oposici\u00f3n no triunfan; de ah\u00ed la necesidad urgente de ganar las elecciones en el Edomex el pr\u00f3ximo a\u00f1o. El candidato a la gubernatura tendr\u00e1 que salir del PRI y deber\u00e1 ser apoyado por las dem\u00e1s organizaciones pol\u00edticas opositoras; pues si llega a la contienda electoral con aspirantes por cada partido, la derrota los alcanzar\u00e1 inevitablemente.<\/p>\n<p>En fin, la lucha pol\u00edtica se concentra en dimes y diretes de sus protagonistas, cuyas acusaciones se\u00a0 interpretan como chismes de lavadero, muy lejos, por cierto, de las discusiones sobre ideolog\u00edas y principios.<\/p>\n<p>\u00bfUsted qu\u00e9 opina amable lector?<\/p>\n<p><a href=\"mailto:aco2742@hotmail.com\" target=\"_blank\" rel=\"noopener noreferrer\"><em>aco2742@hotmail.com<\/em><\/a><\/p>\n","protected":false},"excerpt":{"rendered":"<p><span style=\"color: #005497;\"><strong>Augusto Corro<\/strong><\/span><\/p>\n","protected":false},"author":3,"featured_media":0,"comment_status":"open","ping_status":"open","sticky":false,"template":"","format":"standard","meta":{"_monsterinsights_skip_tracking":false,"_monsterinsights_sitenote_active":false,"_monsterinsights_sitenote_note":"","_monsterinsights_sitenote_category":0,"footnotes":""},"categories":[157],"tags":[43686,43674,11515],"class_list":["post-553363","post","type-post","status-publish","format-standard","hentry","category-augusto-corro","tag-augusto-corro","tag-opinion","tag-punto-por-punto"],"_links":{"self":[{"href":"https:\/\/www.diarioimagen.net\/index.php?rest_route=\/wp\/v2\/posts\/553363","targetHints":{"allow":["GET"]}}],"collection":[{"href":"https:\/\/www.diarioimagen.net\/index.php?rest_route=\/wp\/v2\/posts"}],"about":[{"href":"https:\/\/www.diarioimagen.net\/index.php?rest_route=\/wp\/v2\/types\/post"}],"author":[{"embeddable":true,"href":"https:\/\/www.diarioimagen.net\/index.php?rest_route=\/wp\/v2\/users\/3"}],"replies":[{"embeddable":true,"href":"https:\/\/www.diarioimagen.net\/index.php?rest_route=%2Fwp%2Fv2%2Fcomments&post=553363"}],"version-history":[{"count":0,"href":"https:\/\/www.diarioimagen.net\/index.php?rest_route=\/wp\/v2\/posts\/553363\/revisions"}],"wp:attachment":[{"href":"https:\/\/www.diarioimagen.net\/index.php?rest_route=%2Fwp%2Fv2%2Fmedia&parent=553363"}],"wp:term":[{"taxonomy":"category","embeddable":true,"href":"https:\/\/www.diarioimagen.net\/index.php?rest_route=%2Fwp%2Fv2%2Fcategories&post=553363"},{"taxonomy":"post_tag","embeddable":true,"href":"https:\/\/www.diarioimagen.net\/index.php?rest_route=%2Fwp%2Fv2%2Ftags&post=553363"}],"curies":[{"name":"wp","href":"https:\/\/api.w.org\/{rel}","templated":true}]}}