{"id":553366,"date":"2022-07-14T00:03:50","date_gmt":"2022-07-14T05:03:50","guid":{"rendered":"https:\/\/www.diarioimagen.net\/?p=553366"},"modified":"2022-07-14T03:32:12","modified_gmt":"2022-07-14T08:32:12","slug":"senadores-democratas-pro-periodistas-mexicanos","status":"publish","type":"post","link":"https:\/\/www.diarioimagen.net\/?p=553366","title":{"rendered":"Senadores dem\u00f3cratas, pro periodistas mexicanos"},"content":{"rendered":"<h2>Espacio Electoral<\/h2>\n<h5>Eleazar Flores<\/h5>\n<p>&nbsp;<\/p>\n<p><strong>MEJOR ALL\u00c1-.<\/strong> En la vi\u00f1a del Se\u00f1or hay de todo -y qu\u00e9 bueno que as\u00ed sea-, por lo que en la visita del presidente Andr\u00e9s Manuel L\u00f3pez Obrador a su hom\u00f3logo estadounidense, Joe Biden, los medios destacaron \u00e1ngulos diferentes, algunos hasta las porras a Sheinbaum,\u00a0 pero\u2026<\/p>\n<p>Para este espacio resalta la petici\u00f3n de una decena de senadores dem\u00f3cratas al padre de la Cuarta Transformaci\u00f3n, para garantizar la libertad de expresi\u00f3n, proteger a los periodistas y apoyar las organizaciones sociales.<\/p>\n<p>Y es que \u201cfuera de zona de guerra, M\u00e9xico es el pa\u00eds donde hay m\u00e1s periodistas que han perdido la vida por escribir la verdad\u201d, afirm\u00f3 ante L\u00f3pez Obrador el senador Tim Kaine, quien junto con otros cuatro colegas, estuvieron en la reuni\u00f3n bilateral de ambos mandatarios, ante un rostro desencajado del tabasque\u00f1o que no esperaba este pronunciamiento.<\/p>\n<p>M\u00e1s a\u00fan, cuando el legislador dem\u00f3crata apoy\u00f3 su petici\u00f3n con cifras, recordando que s\u00f3lo en los primeros seis meses de 2022 han perdido la vida doce periodistas, dos por mes.<\/p>\n<p>En el mismo marco de la reuni\u00f3n, solicitaron al mandatario apoyar m\u00e1s a las entidades federativas y tambi\u00e9n a las autoridades municipales.<\/p>\n<p>Los otros senadores fueron Bob M\u00e9ndez, Dick Burbon, Michael Bennet, Ron Wyden, Ben Cardin, Jeff Merkley, Alex Padilla, John Hickenlooper y Amy Klobuchar.<\/p>\n<p>Seguramente pensar\u00e1 usted que s\u00f3lo se subrayan las denuncias contra el gobierno mexicano, pero lo que aqu\u00ed puede faltar es un pronunciamiento semejante del Senado mexicano, justamente para exigir al Ejecutivo federal m\u00e1s protecci\u00f3n a la vida y familiares de los comunicadores, pues apenas la semana pasada falleci\u00f3 la hija de un periodista que acompa\u00f1aba a su padre a bordo de su veh\u00edculo.<\/p>\n<p>Por desgracia, los altos niveles de violencia y la frecuencia en la p\u00e9rdida de vidas de las y los periodistas,\u00a0 se viene haciendo consuetudinario y hasta la capacidad de asombro disminuye, lo que no deber\u00eda ser pues acostumbrarnos a la violencia, jam\u00e1s.<\/p>\n<p>Ser\u00e1 interesante conocer el punto de vista no s\u00f3lo de senadores, tambi\u00e9n de diputados federales de nuestro pa\u00eds, no vayan a salir con el hecho de que sus colegas norteamericanos adoptan actitudes injerencistas, pues son capaces de eso y m\u00e1s.<\/p>\n<p>Decir que fuera de zona de guerra M\u00e9xico es el pa\u00eds m\u00e1s violento para los periodistas es cierto, pedir m\u00e1s apoyo a las organizaciones sociales en lugar de hostilizarlas, como sucede, tambi\u00e9n es verdad y en cuanto a brindar m\u00e1s apoyo a estados y municipios es evidente, tanto que hay comunidades rurales abandonadas, -Zacatecas una de ellas-, pero hay muchas m\u00e1s.<\/p>\n<p>Ojal\u00e1 y no nos salgan con el final de que hay \u201cotros datos\u201d y \u201cvamos bien\u201d.<\/p>\n<p>Por prescripci\u00f3n m\u00e9dica, hasta la semana pr\u00f3xima.<\/p>\n<p><em><a href=\"mailto:elefa44@gmail.com\" target=\"_blank\" rel=\"noopener noreferrer\">elefa44@gmail.com<\/a><\/em><\/p>\n","protected":false},"excerpt":{"rendered":"<p><span style=\"color: #005497;\"><strong>Eleazar Flores<\/strong><\/span><\/p>\n","protected":false},"author":3,"featured_media":0,"comment_status":"open","ping_status":"open","sticky":false,"template":"","format":"standard","meta":{"_monsterinsights_skip_tracking":false,"_monsterinsights_sitenote_active":false,"_monsterinsights_sitenote_note":"","_monsterinsights_sitenote_category":0,"footnotes":""},"categories":[81743],"tags":[81744,81776,43674],"class_list":["post-553366","post","type-post","status-publish","format-standard","hentry","category-eleazar-flores","tag-eleazar-flores","tag-espacio-electoral","tag-opinion"],"_links":{"self":[{"href":"https:\/\/www.diarioimagen.net\/index.php?rest_route=\/wp\/v2\/posts\/553366","targetHints":{"allow":["GET"]}}],"collection":[{"href":"https:\/\/www.diarioimagen.net\/index.php?rest_route=\/wp\/v2\/posts"}],"about":[{"href":"https:\/\/www.diarioimagen.net\/index.php?rest_route=\/wp\/v2\/types\/post"}],"author":[{"embeddable":true,"href":"https:\/\/www.diarioimagen.net\/index.php?rest_route=\/wp\/v2\/users\/3"}],"replies":[{"embeddable":true,"href":"https:\/\/www.diarioimagen.net\/index.php?rest_route=%2Fwp%2Fv2%2Fcomments&post=553366"}],"version-history":[{"count":0,"href":"https:\/\/www.diarioimagen.net\/index.php?rest_route=\/wp\/v2\/posts\/553366\/revisions"}],"wp:attachment":[{"href":"https:\/\/www.diarioimagen.net\/index.php?rest_route=%2Fwp%2Fv2%2Fmedia&parent=553366"}],"wp:term":[{"taxonomy":"category","embeddable":true,"href":"https:\/\/www.diarioimagen.net\/index.php?rest_route=%2Fwp%2Fv2%2Fcategories&post=553366"},{"taxonomy":"post_tag","embeddable":true,"href":"https:\/\/www.diarioimagen.net\/index.php?rest_route=%2Fwp%2Fv2%2Ftags&post=553366"}],"curies":[{"name":"wp","href":"https:\/\/api.w.org\/{rel}","templated":true}]}}