{"id":553385,"date":"2022-07-14T00:12:57","date_gmt":"2022-07-14T05:12:57","guid":{"rendered":"https:\/\/www.diarioimagen.net\/?p=553385"},"modified":"2022-07-14T03:43:49","modified_gmt":"2022-07-14T08:43:49","slug":"la-visita-que-no-debio-ser","status":"publish","type":"post","link":"https:\/\/www.diarioimagen.net\/?p=553385","title":{"rendered":"La visita que no debi\u00f3 ser"},"content":{"rendered":"<h2>Tras la puerta del poder<\/h2>\n<h5>Roberto Vizca\u00edno<\/h5>\n<p>&nbsp;<\/p>\n<p>\u00bfEn verdad ten\u00edan que verse personalmente\u00a0<strong>Joe Biden<\/strong>\u00a0y\u00a0<strong>Andr\u00e9s Manuel L\u00f3pez Obrador<\/strong>?<\/p>\n<p>\u00bfPara qu\u00e9, si ninguno de los dos tiene la menor empat\u00eda con el otro?<\/p>\n<p>Ambos tienen una visi\u00f3n de la vida, de la pol\u00edtica, de su momento, de uno y otro, no opuesta, sino absolutamente distinta.<\/p>\n<p>Adem\u00e1s, hablan idiomas diferentes. Simplemente no se comunican. Ni tienen inter\u00e9s en hacerlo. Uno y otro necesitan de int\u00e9rpretes.<\/p>\n<p>As\u00ed el encuentro en Washington el martes fue no un fracaso. Simplemente no ten\u00eda nada qu\u00e9 decirse.<\/p>\n<p><strong>AMLO y do\u00f1a Beatriz<\/strong>\u00a0fueron dejados fuera de la Casa Blair, a donde se hospeda a presidentes amigos; no fueron recibidos por\u00a0<strong>Biden <\/strong>y su esposa a las puertas de la Casa Blanca, sino por el Jefe del Protocolo. Luego de una in\u00fatil conversaci\u00f3n en el Sal\u00f3n Oval, no fueron invitados a un\u00a0<em>brunch<\/em>\u00a0en los jardines de la Casa Blanca, como suele ocurrir en este tipo de visitas y con eso se dio por concluido el encuentro con\u00a0<strong>AMLO,<\/strong>\u00a0ya que luego\u00a0<strong>Biden<\/strong>\u00a0sali\u00f3 a un viaje por Medio Oriente y dej\u00f3 al mexicano en segundas manos.<\/p>\n<p>Hay que decirlo. Para\u00a0<strong>Joe Biden,<\/strong>\u00a0<strong>AMLO<\/strong>\u00a0fue un enfado. Para\u00a0<strong>AMLO,<\/strong>\u00a0<strong>Biden<\/strong>\u00a0fue apenas una nueva oportunidad para enviarle un mensaje a sus\u00a0<em>chairos<\/em>\u00a0y simpatizantes nacionales.<\/p>\n<p>La profunda problem\u00e1tica bilateral \u2014la inseguridad que plantea M\u00e9xico a inversiones de EU, al T-MEC, a turistas y ciudadanos norteamericanos, a su frontera sur; el amplio y profundo tema migratorio que viven ambos pa\u00edses; la amenaza a la democracia que plantea una crisis de gobernabilidad en M\u00e9xico por los embates del Presidente mexicano que ataca y debilita todos los d\u00edas a medios informativos, periodistas, partidos pol\u00edticos, instituciones electorales, empresarios, empresas, etc, etc\u2014 no fue siquiera planteada en ese encuentro.<\/p>\n<p>La rala visita del tabasque\u00f1o y su esposa no dio m\u00e1s que para un r\u00e1pido desayuno \u2014<em>ham and eggs<\/em>\u2014 con la vicepresidenta\u00a0<strong>Kamala Harris <\/strong>y un encuentro de una hora en el despacho oval de\u00a0<strong>Biden<\/strong>, quien se burl\u00f3 abiertamente de las lentitudes de\u00a0<strong>L\u00f3pez Obrador,<\/strong>\u00a0al comentar su sorpresa de ver que una reportera grab\u00f3 sin parpadear ni mover su celular los 40 minutos del muy pausado discurso del mandatario mexicano.<\/p>\n<p>Al bromear con la reportera el dem\u00f3crata estaba burl\u00e1ndose de las lentitudes de\u00a0<strong>AMLO<\/strong>.<\/p>\n<p>Al final de la visita, la nada. Cero resultados y alcances.<\/p>\n<p>\u00bfVerse? \u00bfC\u00f3mo para qu\u00e9\u2026? Ni para buscar responsables de eso.<\/p>\n<p style=\"text-align: center;\"><strong>Con o sin\u00a0A<em>lito,<\/em>\u00a0la alianza va: Marko Cort\u00e9s<\/strong><\/p>\n<p>Luego de que\u00a0<strong>Ricardo Monreal<\/strong>\u00a0revel\u00f3 que alguien de la alianza Va por M\u00e9xico integrada por PAN, PRI y PRD lo busc\u00f3, frente a la posibilidad de que se salga de Morena,\u00a0<strong>Marko Cort\u00e9s,<\/strong>\u00a0presidente del PAN, aclar\u00f3 que para el zacatecano no hay puertas abiertas en esa alianza.<\/p>\n<p>Frente a la creciente campa\u00f1a de Estado que vive\u00a0<strong>Alejandro Moreno<\/strong>, l\u00edder nacional del PRI, indic\u00f3 que con \u00e9l o sin \u00e9l la alianza Va por M\u00e9xico continuar\u00e1 unida y adelante.<\/p>\n<p>El futuro de la alianza, explic\u00f3 el l\u00edder panista, no s\u00f3lo tiene que ver con los comicios del 2023 y 2024, sino con otras muchas batallas por dar, como es la defensa del INE y en contra de la militarizaci\u00f3n del pa\u00eds.<\/p>\n<p>Respecto del caso de \u201c<strong><em>Alito<\/em>\u201d<\/strong>, sintetiz\u00f3: en este asunto \u201cel respeto al partido ajeno es la paz\u201d.<\/p>\n<p>En cuanto a\u00a0<strong>Monreal,<\/strong>\u00a0explic\u00f3 que el PAN y la coalici\u00f3n Va por M\u00e9xico aceptar\u00edan a quienes busquen corregir el rumbo del pa\u00eds, pero no a quienes buscan acomodo por intereses pol\u00edticos personales como ser\u00eda evidentemente lo de\u00a0<strong>Ricardo Monreal<\/strong>.<\/p>\n<p>Al igual que\u00a0<strong>Alejandro Moreno<\/strong>\u00a0en el PRI,\u00a0<strong>Marko Cort\u00e9s<\/strong>\u00a0enfrenta reclamos internos en su partido de renuncia para renovar dirigencias. El michoacano afirma, como \u201c<strong><em>Alito<\/em><\/strong>\u201d, que s\u00ed, que c\u00f3mo no, que \u00e9l est\u00e1 abierto a escuchar a todos, pero que para irse se requiere de cumplir mandatos legales, tiempos, y un ampl\u00edsimo consenso interno y de una mayor\u00eda calificada.<\/p>\n<p>\u201cEstamos escuchando a la militancia en este momento, estamos en ese proceso y como he dicho, estamos en la apertura de dialogar este y los dem\u00e1s temas que sean buenos para el partido o que haya que sean buenos y con esa apertura estaremos abiertos a dialogar todos\u201d, concluy\u00f3.<\/p>\n<p>O sea, como \u201c<strong><em>Alito<\/em><\/strong>\u201d,\u00a0<strong>Marko<\/strong>\u00a0les dice a los suyos: \u201c<em>tome chango su banana<\/em>\u201d.<\/p>\n<p style=\"text-align: center;\"><strong>Barbosa y Armenta le reviran a Mier<\/strong><\/p>\n<p>Hace unos d\u00edas \u2014lo consignamos aqu\u00ed\u2014, el l\u00edder de los diputados federales de Morena, el ex priista\u00a0<strong>Ignacio Mier,<\/strong>\u00a0present\u00f3 denuncia ante la FGR contra\u00a0<strong>Miguel Barbosa<\/strong>, gobernador de Puebla;\u00a0<strong>Santiago Nieto<\/strong>, ex titular de la UIF; y contra su primo\u00a0<strong>Alejandro Armenta Mier<\/strong>, presidente de la Comisi\u00f3n de Hacienda en el Senado.<\/p>\n<p>Los acusar de filtrar una indagatoria de la UIF que lo involucra en una red de fraude y lavado de dinero por su asociaci\u00f3n con\u00a0<strong>Arturo Rueda<\/strong>\u00a0en el <em>Diario Cambio<\/em> de Puebla.\u00a0<strong>Rueda<\/strong>\u00a0est\u00e1 preso por intentar extorsionar al priista\u00a0<strong>Jorge Estefan Chidiac<\/strong>.<\/p>\n<p><strong>Barbosa\u00a0<\/strong>sali\u00f3 pronto a responderle\u00a0a <strong>Mier<\/strong>. De entrada, dijo que el coordinador de diputados de Morena busca ser gobernador de Puebla a pesar de que carga toda una serie de juicios por corruptelas que debiera aclarar.<\/p>\n<p><strong>Armenta\u00a0<\/strong>dijo, por su parte, que analiza contrademandar a Mier por violencia pol\u00edtica.<\/p>\n<p>Y al igual que el gobernador de Puebla, exhort\u00f3 a\u00a0<strong>Mier<\/strong>\u00a0acudir primero a los tribunales donde se ventilan los juicios en su contra para aclarar lo que tenga que aclarar de lo que se le imputa.<\/p>\n<p>Para nadie en Puebla, y en Morena, es un secreto que la querella de\u00a0<strong>Ignacio Mier<\/strong>\u00a0\u2014un protegido de\u00a0<strong>Mario Delgado,<\/strong>\u00a0l\u00edder formal de Morena\u2014 contra el gobernador\u00a0<strong>Barbosa\u00a0<\/strong>y contra el senador\u00a0<strong>Armenta\u00a0<\/strong>tiene que ver con el hecho de que el senador es el que presenta mayores apoyos para ser el pr\u00f3ximo gobernador en ese estado.<\/p>\n<p>As\u00ed de simple.<\/p>\n<p><em><a href=\"mailto:rvizcainoa@gmail.com\" target=\"_blank\" rel=\"noopener noreferrer\">vizcainoa@gmail.com<\/a><a href=\"mailto:rvizcainoa@gmail.com\" target=\"_blank\" rel=\"noopener noreferrer\"><br \/>\n<\/a><a href=\"http:\/\/endirecto.mx\" target=\"_blank\" rel=\"noopener noreferrer\">www.endirecto.mx<\/a><a href=\"mailto:rvizcainoa@gmail.com\" target=\"_blank\" rel=\"noopener noreferrer\"><br \/>\n<\/a><a href=\"https:\/\/twitter.com\/_rvizcaino\" target=\"_blank\" rel=\"noopener noreferrer\">@_RVizcaino<\/a><a href=\"mailto:rvizcainoa@gmail.com\" target=\"_blank\" rel=\"noopener noreferrer\"><br \/>\n<\/a><a href=\"https:\/\/www.facebook.com\/rvizcainoa\" target=\"_blank\" rel=\"noopener noreferrer\">facebook.com\/rvizcainoa<\/a><\/em><\/p>\n","protected":false},"excerpt":{"rendered":"<p><span style=\"color: #005497;\"><strong>Roberto Vizca\u00edno<\/strong><\/span><\/p>\n","protected":false},"author":3,"featured_media":0,"comment_status":"open","ping_status":"open","sticky":false,"template":"","format":"standard","meta":{"_monsterinsights_skip_tracking":false,"_monsterinsights_sitenote_active":false,"_monsterinsights_sitenote_note":"","_monsterinsights_sitenote_category":0,"footnotes":""},"categories":[136],"tags":[43674,93,94],"class_list":["post-553385","post","type-post","status-publish","format-standard","hentry","category-roberto-vizcaino-opinion","tag-opinion","tag-roberto-vizcaino","tag-tras-la-puerta-del-poder"],"_links":{"self":[{"href":"https:\/\/www.diarioimagen.net\/index.php?rest_route=\/wp\/v2\/posts\/553385","targetHints":{"allow":["GET"]}}],"collection":[{"href":"https:\/\/www.diarioimagen.net\/index.php?rest_route=\/wp\/v2\/posts"}],"about":[{"href":"https:\/\/www.diarioimagen.net\/index.php?rest_route=\/wp\/v2\/types\/post"}],"author":[{"embeddable":true,"href":"https:\/\/www.diarioimagen.net\/index.php?rest_route=\/wp\/v2\/users\/3"}],"replies":[{"embeddable":true,"href":"https:\/\/www.diarioimagen.net\/index.php?rest_route=%2Fwp%2Fv2%2Fcomments&post=553385"}],"version-history":[{"count":0,"href":"https:\/\/www.diarioimagen.net\/index.php?rest_route=\/wp\/v2\/posts\/553385\/revisions"}],"wp:attachment":[{"href":"https:\/\/www.diarioimagen.net\/index.php?rest_route=%2Fwp%2Fv2%2Fmedia&parent=553385"}],"wp:term":[{"taxonomy":"category","embeddable":true,"href":"https:\/\/www.diarioimagen.net\/index.php?rest_route=%2Fwp%2Fv2%2Fcategories&post=553385"},{"taxonomy":"post_tag","embeddable":true,"href":"https:\/\/www.diarioimagen.net\/index.php?rest_route=%2Fwp%2Fv2%2Ftags&post=553385"}],"curies":[{"name":"wp","href":"https:\/\/api.w.org\/{rel}","templated":true}]}}