{"id":553386,"date":"2022-07-14T00:09:59","date_gmt":"2022-07-14T05:09:59","guid":{"rendered":"https:\/\/www.diarioimagen.net\/?p=553386"},"modified":"2022-07-14T03:46:08","modified_gmt":"2022-07-14T08:46:08","slug":"amlo-regreso-con-las-manos-vacias","status":"publish","type":"post","link":"https:\/\/www.diarioimagen.net\/?p=553386","title":{"rendered":"AMLO regres\u00f3 con las manos vac\u00edas"},"content":{"rendered":"<h2>Poder y dinero<\/h2>\n<h5>V\u00edctor S\u00e1nchez Ba\u00f1os<\/h5>\n<p>&nbsp;<\/p>\n<ul>\n<li><em><strong>1,500 millones de d\u00f3lares, \u00bfa qui\u00e9n beneficia?<\/strong><\/em><\/li>\n<li><em><strong>Discursos reciclados y su fondo<\/strong><\/em><\/li>\n<li><em><strong>Para mexicanos, nada<\/strong><\/em><\/li>\n<li><em><strong>Le llevaron porra para su ego <\/strong><\/em><\/li>\n<li><em><strong>Discurso contra conservadurismo, mal<\/strong><\/em><\/li>\n<li><em><strong>Repudian cr\u00edtica a su pensamiento<\/strong><\/em><\/li>\n<li><em><strong>Insignificante la visita, para medios de EU<\/strong><\/em><\/li>\n<li><em><strong>Pemex y CFE no convencen a Moody\u2019s<\/strong><\/em><\/li>\n<li><em><strong>Siguen las finanzas del gobierno federal<\/strong><\/em><\/li>\n<li><em><strong>El problema, falta de Estado de Derecho<\/strong><\/em><\/li>\n<li><em><strong>Finanzas del pa\u00eds est\u00e1n \u201cbien\u201d a secas<\/strong><\/em><\/li>\n<li><em><strong>Schneider Electric University<\/strong><\/em><\/li>\n<\/ul>\n<p>&nbsp;<\/p>\n<p style=\"text-align: right;\"><em>Los trabajadores seguimos siendo el pariente pobre de la democracia<br \/>\n<\/em><strong>Marcelino Camacho<\/strong> (1918-2010), sindicalista y pol\u00edtico espa\u00f1ol<\/p>\n<p>&nbsp;<\/p>\n<p>Sin pena ni gloria termin\u00f3 la gira de Andr\u00e9s Manuel L\u00f3pez Obrador a Washington. En especial, la reuni\u00f3n de AMLO con el presidente de Estados Unidos Joe Biden qued\u00f3 \u201cen tablas\u201d; no hubo un acuerdo que beneficie a M\u00e9xico, pero en especial a los mexicanos.<\/p>\n<p>La ret\u00f3rica y los lugares comunes imperaron. Los temas de migraci\u00f3n y seguridad fronteriza son privativos de la administraci\u00f3n Biden. Para L\u00f3pez Obrador es \u00fanicamente la oportunidad de lanzar arengas populistas de apoyo a los migrantes, que al final de cuentas con palabras no se arregla nada.<\/p>\n<p>Sobre las visas de trabajo, as\u00ed como el aceptar m\u00e1s migrantes a la Uni\u00f3n Americana, ni hablar. Sobre la seguridad fronteriza y la seguridad nacional del vecino del norte, hubo algunos acuerdos raqu\u00edticos.<\/p>\n<p>Adem\u00e1s, la pol\u00edtica de austeridad de AMLO, lleva a que no se construyan puentes diplom\u00e1ticos serios y especializados para entenderse con nuestro principal socio comercial.<\/p>\n<p>Incluso, se le ocurri\u00f3 al Presidente mexicano que ante la crisis econ\u00f3mica derivada de la guerra en Ucrania, lo mejor que pod\u00eda hacer M\u00e9xico es mantener los precios bajos de la gasolina en las zonas fronterizas. Esto significa que con el subsidio emanado de nuestros impuestos, por razones humanitarias vamos a ayudar a los ciudadanos de la naci\u00f3n m\u00e1s poderosa, econ\u00f3micamente hablando, del mundo.<\/p>\n<p>Por si fuera poco, en la lista de actos que en nada beneficiar\u00e1n a los mexicanos, especialmente los m\u00e1s pobres, es la aportaci\u00f3n de ambas naciones de un fondo de 1,500 millones de d\u00f3lares (algo as\u00ed como 30 mil millones de pesos) para crear infraestructura para evitar que los centroamericanos y mexicanos viajen ilegalmente a Estados Unidos. Aqu\u00ed, se olvida de la promesa de Biden de abrir las fronteras a los migrantes.<\/p>\n<p>Pero la peor puntada fue cuando trat\u00f3 de darles clases de \u201csacrificio\u201d a los estadounidenses al mencionar que \u201cla salida no est\u00e1 en el conservadurismo, sino en la transformaci\u00f3n\u201d, dijo. \u201cTransformar, no mantener el status quo\u201d.<\/p>\n<p>Si hay un pa\u00eds donde la ideolog\u00eda imperante es el conservadurismo, motivo por el cual el ex presidente Donald Trump lleva una ventaja en las encuestas sobre los comicios de las elecciones del 8 de noviembre pr\u00f3ximo, es una forma de vida que definitivamente es clave para el desarrollo de muchas naciones de aquel pa\u00eds.<\/p>\n<p>Claro que sobresalen los \u201crevires\u201d de Biden a lo que dijo L\u00f3pez Obrador. Al abogar el presidente mexicano por \u201cordenar el flujo migratorio y permitir la llegada a Estados Unidos de obreros, t\u00e9cnicos y profesionales de distintas disciplinas\u201d, a lo que Biden respondi\u00f3 que en su administraci\u00f3n est\u00e1n liderando en el camino para crear oportunidades laborales a trav\u00e9s de las v\u00edas legales.<\/p>\n<p>Hubo de todo. Hasta AMLO llev\u00f3 porra para que lo vitorearan al pie de su ventana. Es un hombre que sigue haciendo pol\u00edtica electoral, incluso sin buscar otro puesto p\u00fablico.<\/p>\n<p>Bueno, eso es lo que creemos. Y, de beneficios para los mexicanos, ni hablamos. Ah, y de las cr\u00edticas de empresarios estadounidenses, mejor guardar silencio, por aquello que saquen los trapos sucios a la luz.<\/p>\n<p style=\"text-align: left;\"><strong>PODEROSOS CABALLEROS<\/strong><\/p>\n<p style=\"text-align: center;\"><strong>MOODY\u2019S TRAE ENTRE CEJA Y OREJA A CFE Y A PEMEX<\/strong><\/p>\n<p>Moody\u2019s redujo este martes la calificaci\u00f3n de la estatal Comisi\u00f3n Federal de Electricidad, la famosa CFE que dirige Manuel Bartlett, a \u201cBaa2\u201d desde \u201cBaa1\u201d y cambi\u00f3 su perspectiva a \u201cestable\u201d desde \u201cnegativa\u201d, luego de su decisi\u00f3n de rebajar la nota soberana del Pa\u00eds y la de Pemex. Estos datos hablan de que no todos ven con optimismo lo que ocurre en las finanzas p\u00fablicas mexicanas, que si bien no hay se\u00f1ales de una crisis grave, si observamos que hay temas que no dan confianza a los analistas de riesgo de la deuda mexicana. Uno de ellos es el respeto al Estado de Derecho.<\/p>\n<p style=\"text-align: center;\"><strong>TABE CONTRA LA MAFIA DE FRANELEROS Y AMBULANTES<\/strong><\/p>\n<p>La alcald\u00eda Miguel Hidalgo, encabezada por Mauricio Tabe, en la que ha incrementado la presencia de patrullas y polic\u00edas, luego del hartazgo de los colonos cercanos al Hospital Rub\u00e9n Le\u00f1ero por los abusos de comerciantes y franeleros en los alrededores del nosocomio. Esta mafia ha secuestrado y violentado la tranquilidad de los habitantes, adue\u00f1\u00e1ndose de las calles, obstaculizando las entradas de sus domicilios, e incluso ponen cuotas para poder estacionarnos. La lacra de franeleros y vendedores ambulantes llega al extremo de amenazar e incluso golpear a quienes los cuestionan.<\/p>\n<p style=\"text-align: center;\"><strong>BROTAN PRIISTAS QUE BUSCAN LA PRESIDENCIA<\/strong><\/p>\n<p>Despu\u00e9s de Alejandro Moreno, \u201cAlito\u201d, l\u00edder nacional del PRI, de acuerdo con Miguel \u00c1ngel Osorio Chong, el l\u00edder priista en el Senado, una opci\u00f3n para la Presidencia en 2024 ser\u00eda Claudia Ruiz Massieu, otra ex titular de sector, como Enrique De la Madrid, quien tambi\u00e9n ha manifestado su inter\u00e9s por la candidatura presidencial, seg\u00fan entrevista para <em>El Financiero<\/em>. Tarde, pero empiezan a sacar sus cartas los tricolores, que estaban muy ocultas.<\/p>\n<p style=\"text-align: left;\"><strong>RESPONSABILIDAD SOCIAL CORPORATIVA<\/strong><\/p>\n<p style=\"text-align: center;\"><strong>SCHNEIDER ELECTRIC<\/strong><\/p>\n<p>A trav\u00e9s de Schneider Electric University, Schneider Electric, que en M\u00e9xico lidera Jes\u00fas Carmona, ofrece una educaci\u00f3n f\u00e1cilmente accesible, independiente del proveedor, a los pa\u00edses donde m\u00e1s se necesita, abordando el desaf\u00edo de las habilidades de la industria. Ha impartido m\u00e1s de un mill\u00f3n de cursos a m\u00e1s de 650 mil usuarios de centros de datos, en m\u00e1s de 180 pa\u00edses.<\/p>\n<p><em><a href=\"http:\/\/poderydinero.mx\/\" target=\"_blank\" rel=\"noopener\">poderydinero.mx<\/a><br \/>\n<\/em><em><a href=\"mailto:vsb@poderydinero.mx\" target=\"_blank\" rel=\"noopener noreferrer\">vsb@poderydinero.mx<\/a><br \/>\n<\/em><em><a href=\"https:\/\/twitter.com\/vsanchezbanos\" target=\"_blank\" rel=\"noopener noreferrer\">@vsanchezbanos<\/a><\/em><\/p>\n","protected":false},"excerpt":{"rendered":"<p><span style=\"color: #005497;\"><strong>V\u00edctor S\u00e1nchez Ba\u00f1os<\/strong><\/span><\/p>\n","protected":false},"author":3,"featured_media":0,"comment_status":"open","ping_status":"open","sticky":false,"template":"","format":"standard","meta":{"_monsterinsights_skip_tracking":false,"_monsterinsights_sitenote_active":false,"_monsterinsights_sitenote_note":"","_monsterinsights_sitenote_category":0,"footnotes":""},"categories":[38844],"tags":[43674,38847,38848],"class_list":["post-553386","post","type-post","status-publish","format-standard","hentry","category-victor-sanchez-banos","tag-opinion","tag-poder-y-dinero","tag-victor-sanchez-banos"],"_links":{"self":[{"href":"https:\/\/www.diarioimagen.net\/index.php?rest_route=\/wp\/v2\/posts\/553386","targetHints":{"allow":["GET"]}}],"collection":[{"href":"https:\/\/www.diarioimagen.net\/index.php?rest_route=\/wp\/v2\/posts"}],"about":[{"href":"https:\/\/www.diarioimagen.net\/index.php?rest_route=\/wp\/v2\/types\/post"}],"author":[{"embeddable":true,"href":"https:\/\/www.diarioimagen.net\/index.php?rest_route=\/wp\/v2\/users\/3"}],"replies":[{"embeddable":true,"href":"https:\/\/www.diarioimagen.net\/index.php?rest_route=%2Fwp%2Fv2%2Fcomments&post=553386"}],"version-history":[{"count":0,"href":"https:\/\/www.diarioimagen.net\/index.php?rest_route=\/wp\/v2\/posts\/553386\/revisions"}],"wp:attachment":[{"href":"https:\/\/www.diarioimagen.net\/index.php?rest_route=%2Fwp%2Fv2%2Fmedia&parent=553386"}],"wp:term":[{"taxonomy":"category","embeddable":true,"href":"https:\/\/www.diarioimagen.net\/index.php?rest_route=%2Fwp%2Fv2%2Fcategories&post=553386"},{"taxonomy":"post_tag","embeddable":true,"href":"https:\/\/www.diarioimagen.net\/index.php?rest_route=%2Fwp%2Fv2%2Ftags&post=553386"}],"curies":[{"name":"wp","href":"https:\/\/api.w.org\/{rel}","templated":true}]}}