{"id":553442,"date":"2022-07-15T00:05:06","date_gmt":"2022-07-15T05:05:06","guid":{"rendered":"https:\/\/www.diarioimagen.net\/?p=553442"},"modified":"2022-07-19T03:47:29","modified_gmt":"2022-07-19T08:47:29","slug":"uaemex-ampliara-infraestructura-en-beneficio-de-la-comunidad-estudiantil-de-medicina-y-odontologia","status":"publish","type":"post","link":"https:\/\/www.diarioimagen.net\/?p=553442","title":{"rendered":"UAEM\u00e9x ampliar\u00e1 infraestructura en beneficio de la comunidad estudiantil de Medicina y Odontolog\u00eda"},"content":{"rendered":"<p><em>\u00a0<\/em><\/p>\n<ul>\n<li><strong><em>El rector Carlos Eduardo Barrera D\u00edaz, coloc\u00f3 la primera piedra de dos obras que beneficiar\u00e1n a las comunidades de las facultades de Medicina y Odontolog\u00eda. Tendr\u00e1n una inversi\u00f3n superior a los 41 millones de pesos<\/em><\/strong><\/li>\n<\/ul>\n<p>&nbsp;<\/p>\n<div id=\"attachment_553551\" style=\"width: 470px\" class=\"wp-caption aligncenter\"><a href=\"https:\/\/www.diarioimagen.net\/?attachment_id=553551\" rel=\"attachment wp-att-553551\"><img loading=\"lazy\" decoding=\"async\" aria-describedby=\"caption-attachment-553551\" class=\"size-full wp-image-553551\" src=\"https:\/\/www.diarioimagen.net\/wp-content\/uploads\/2022\/07\/uaem2-4.jpg\" alt=\"\" width=\"460\" height=\"270\" \/><\/a><p id=\"caption-attachment-553551\" class=\"wp-caption-text\">La obra, que tiene una superficie de construcci\u00f3n de 411 metros cuadrados, tiene una inversi\u00f3n cercana a los siete millones de pesos.<\/p><\/div>\n<p>&nbsp;<\/p>\n<p><strong>Toluca, Estado de M\u00e9xico.\u2014<\/strong> Con el prop\u00f3sito de ampliar los espacios para que la comunidad estudiantil y docente de la Universidad Aut\u00f3noma del Estado de M\u00e9xico (UAEM\u00e9x) desarrolle sus capacidades con calidad acad\u00e9mica, el rector Carlos Eduardo Barrera D\u00edaz coloc\u00f3 la primera piedra de obras que se edificar\u00e1n en las facultades de Medicina y Odontolog\u00eda, que en conjunto tendr\u00e1n una inversi\u00f3n superior a los 41 millones de pesos.<\/p>\n<p>En la Facultad de Medicina, el rector explic\u00f3 que los recursos para las obras son de car\u00e1cter federal, a trav\u00e9s del Fondo de Aportaciones M\u00faltiples (FAM) 2022. Refiri\u00f3 que en apego a la legalidad y transparencia del ejercicio de los recursos, las obras fueron licitadas p\u00fablicamente y tienen como fecha de entrega el pr\u00f3ximo mes de diciembre.<\/p>\n<p>\u201cHicimos un proyecto que se ven\u00eda gestando desde la administraci\u00f3n pasada, porque sabemos de las necesidades de la Facultad de Medicina, que ha venido creciendo muy bien en cuesti\u00f3n de matr\u00edcula, docencia e investigaci\u00f3n y se meti\u00f3 a concurso a nivel SEP federal para que nos dieran recursos y de los proyectos solicitados fueron tres beneficiados: Ingenier\u00eda, Odontolog\u00eda y Medicina y, afortunadamente, Medicina es el que tiene m\u00e1s recursos\u201d, comparti\u00f3 el rector con la comunidad universitaria.<\/p>\n<p>En la Facultad de Medicina se iniciaron los trabajos de construcci\u00f3n del Edificio \u201cF\u201d para la Licenciatura en Nutrici\u00f3n, en beneficio de cinco mil 303 integrantes de la comunidad universitaria, de los cuales, cuatro mil 660 son estudiantes y 643 docentes.<\/p>\n<p>La obra, que suma dos mil 67 metros cuadrados de construcci\u00f3n, tiene una inversi\u00f3n superior a los 34 millones de pesos y contar\u00e1 con espacio para seis laboratorios, seis cub\u00edculos de evaluaci\u00f3n, un cub\u00edculo de revisi\u00f3n m\u00e9dica, sala de juntas, 10 aulas, sanitarios para hombres y mujeres, estacionamiento, \u00e1rea de bodega, cuarto de m\u00e1quinas y site.<\/p>\n<p>En la Facultad de Odontolog\u00eda se inici\u00f3 la ampliaci\u00f3n de la Cl\u00ednica de Endodoncia, en beneficio de 881 docentes y 709 estudiantes; contar\u00e1 con \u00e1reas de recepci\u00f3n, rayos X, esterilizado, lockers, almac\u00e9n y 12 cub\u00edculos.<\/p>\n<p>La obra, que tiene una superficie de construcci\u00f3n de 411 metros cuadrados, tiene una inversi\u00f3n cercana a los siete millones de pesos.<\/p>\n<p>A los distintos actos de colocaci\u00f3n de la primera piedra acudieron la secretaria de Administraci\u00f3n de la UAEM\u00e9x, Er\u00e9ndira Fierro Moreno, el secretario de Rector\u00eda, Marco Aurelio Cienfuegos Terr\u00f3n, autoridades de los espacios acad\u00e9micos beneficiados y comunidad universitaria en general.<\/p>\n","protected":false},"excerpt":{"rendered":"<p>Con el prop\u00f3sito de ampliar los espacios para que la comunidad estudiantil y docente de la Universidad Aut\u00f3noma del Estado de M\u00e9xico (UAEM\u00e9x) desarrolle sus capacidades con calidad acad\u00e9mica, el rector Carlos Eduardo Barrera D\u00edaz coloc\u00f3 la primera piedra de obras que se edificar\u00e1n en las facultades de Medicina y Odontolog\u00eda, que en conjunto tendr\u00e1n una inversi\u00f3n superior a los 41 millones de pesos.<\/p>\n","protected":false},"author":3,"featured_media":553551,"comment_status":"open","ping_status":"open","sticky":false,"template":"","format":"standard","meta":{"_monsterinsights_skip_tracking":false,"_monsterinsights_sitenote_active":false,"_monsterinsights_sitenote_note":"","_monsterinsights_sitenote_category":0,"footnotes":""},"categories":[5],"tags":[34028,92667,54813,67878],"class_list":["post-553442","post","type-post","status-publish","format-standard","has-post-thumbnail","hentry","category-estado-de-mexico","tag-beneficio","tag-carlos-eduardo-barrera-diaz","tag-comunidad","tag-uaemex"],"_links":{"self":[{"href":"https:\/\/www.diarioimagen.net\/index.php?rest_route=\/wp\/v2\/posts\/553442","targetHints":{"allow":["GET"]}}],"collection":[{"href":"https:\/\/www.diarioimagen.net\/index.php?rest_route=\/wp\/v2\/posts"}],"about":[{"href":"https:\/\/www.diarioimagen.net\/index.php?rest_route=\/wp\/v2\/types\/post"}],"author":[{"embeddable":true,"href":"https:\/\/www.diarioimagen.net\/index.php?rest_route=\/wp\/v2\/users\/3"}],"replies":[{"embeddable":true,"href":"https:\/\/www.diarioimagen.net\/index.php?rest_route=%2Fwp%2Fv2%2Fcomments&post=553442"}],"version-history":[{"count":0,"href":"https:\/\/www.diarioimagen.net\/index.php?rest_route=\/wp\/v2\/posts\/553442\/revisions"}],"wp:featuredmedia":[{"embeddable":true,"href":"https:\/\/www.diarioimagen.net\/index.php?rest_route=\/wp\/v2\/media\/553551"}],"wp:attachment":[{"href":"https:\/\/www.diarioimagen.net\/index.php?rest_route=%2Fwp%2Fv2%2Fmedia&parent=553442"}],"wp:term":[{"taxonomy":"category","embeddable":true,"href":"https:\/\/www.diarioimagen.net\/index.php?rest_route=%2Fwp%2Fv2%2Fcategories&post=553442"},{"taxonomy":"post_tag","embeddable":true,"href":"https:\/\/www.diarioimagen.net\/index.php?rest_route=%2Fwp%2Fv2%2Ftags&post=553442"}],"curies":[{"name":"wp","href":"https:\/\/api.w.org\/{rel}","templated":true}]}}