{"id":553446,"date":"2022-07-15T00:02:44","date_gmt":"2022-07-15T05:02:44","guid":{"rendered":"https:\/\/www.diarioimagen.net\/?p=553446"},"modified":"2022-07-15T05:58:08","modified_gmt":"2022-07-15T10:58:08","slug":"empresarios-de-mexico-y-eu-invertiran-40-mil-mdd-en-los-proximos-2-anos-amlo","status":"publish","type":"post","link":"https:\/\/www.diarioimagen.net\/?p=553446","title":{"rendered":"Empresarios de M\u00e9xico y EU invertir\u00e1n 40 mil mdd en los pr\u00f3ximos 2 a\u00f1os: AMLO"},"content":{"rendered":"<p>&nbsp;<\/p>\n<ul>\n<li><strong><em>Principalmente en el sector energ\u00e9tico<\/em><\/strong><\/li>\n<\/ul>\n<p>&nbsp;<\/p>\n<div id=\"attachment_553545\" style=\"width: 470px\" class=\"wp-caption aligncenter\"><a href=\"https:\/\/www.diarioimagen.net\/?attachment_id=553545\" rel=\"attachment wp-att-553545\"><img loading=\"lazy\" decoding=\"async\" aria-describedby=\"caption-attachment-553545\" class=\"size-full wp-image-553545\" src=\"https:\/\/www.diarioimagen.net\/wp-content\/uploads\/2022\/07\/amlo-4.jpg\" alt=\"\" width=\"460\" height=\"270\" \/><\/a><p id=\"caption-attachment-553545\" class=\"wp-caption-text\">El presidente Andr\u00e9s L\u00f3pez Obrador dijo que la inversi\u00f3n se concentrar\u00e1 en plantas de fertilizantes, gasoductos y proyectos de extracci\u00f3n de petr\u00f3leo crudo en asociaci\u00f3n con Pemex.<\/p><\/div>\n<p>&nbsp;<\/p>\n<p>Tras hacer un breve balance de su gira por Washington, el presidente Andr\u00e9s Manuel L\u00f3pez Obrador asegur\u00f3 en su conferencia ma\u00f1anera que empresarios mexicanos y estadounidenses se comprometieron a invertir -principalmente en el sector energ\u00e9tico- 40 mil millones de d\u00f3lares hasta que termine su gobierno en 2024.<\/p>\n<p>\u201cSe lleg\u00f3 a un acuerdo con empresarios estadounidenses que van a invertir de ahora hasta el 2024 alrededor de 40 mil millones de d\u00f3lares fundamentalmente en el sector energ\u00e9tico son ductos, plantas de licuefacci\u00f3n, van a invertir en plantas de fertilizantes y tambi\u00e9n en extracci\u00f3n de crudo en sociedad con Pemex de acuerdo a las concesiones que se otorgaron cuando la reforma energ\u00e9tica\u201d, expuso.<\/p>\n<p>\u201cSe entregaron entonces 110 contratos y la mayor\u00eda no tiene inversi\u00f3n porque se argumentaba que no ten\u00eda precio el crudo, que no era negocio. Ahora que el crudo ha subido de precio es m\u00e1s atractivo invertir y hay campos y yacimientos petroleros que tienen mucho potencial\u201d, a\u00f1adi\u00f3.<\/p>\n<p>\u201cHay un campo, Zama, que est\u00e1 compartido con Pemex, que tiene capacidad para producir hasta 150 mil barriles diarios y los que tiene la concesi\u00f3n no se animaban y ahora parece que van a invertir, bajo las condiciones legales, como la evaluaci\u00f3n que se hizo report\u00f3 que Pemex tiene m\u00e1s crudo, la operaci\u00f3n del campo va a corresponder a Pemex, esto no significa que ellos puedan participar en la administraci\u00f3n, que se trabaje de manera asociada\u201d, detall\u00f3.<\/p>\n<p style=\"text-align: center;\"><strong>No hay que tenerle mucho apego ni al poder ni al dinero: AMLO<\/strong><\/p>\n<p>En otro tema, el mandatario federal dijo que el tiempo de su retiro tras acabar su mandato lo dedicar\u00e1 a escribir sobre el pensamiento conservador desde la \u00e9poca de la invasi\u00f3n espa\u00f1ola, la Colonia y hasta los tiempos actuales y que se desvincular\u00e1 totalmente de la pol\u00edtica porque no hay que tenerle apego al poder.<\/p>\n<p>El tabasque\u00f1o se\u00f1al\u00f3 que su nuevo libro lo publicar\u00e1 a los tres a\u00f1os de haber dejado la Presidencia de la Rep\u00fablica.<\/p>\n<p>\u201cVoy a escribir, ni siquiera voy a publicar con frecuencia, el primer libro, despu\u00e9s de que termine, pienso publicarlo a los 3 a\u00f1os y no van a ser cosas de lo contempor\u00e1neo. Voy a escribir un libro sobre el pensamiento conservador, desde la Conquista.<\/p>\n<p>\u201cImag\u00ednense c\u00f3mo era la vida p\u00fablica-pol\u00edtica en la \u00e9poca prehisp\u00e1nica y luego, cu\u00e1l fue el pensamiento dominante a partir de la llegada de los invasores europeos y de c\u00f3mo se fue formando el pensamiento conservador en todo el proceso\u201d, detall\u00f3.<\/p>\n<p>Al ser cuestionado sobre su futuro y posible incorporaci\u00f3n a la pol\u00edtica desde el Senado de la Rep\u00fablica, el mandatario federal fue tajante en su deseo por desvincularse de la vida p\u00fablica y reiter\u00f3 que no atender\u00e1 sus redes sociales ni actos de ninguna \u00edndole.<\/p>\n<p>\u201cMe voy a despedir de las redes sociales, no por groser\u00eda, porque si no lo hago as\u00ed, costar\u00eda m\u00e1s trabajo. No voy a recibir a pol\u00edticos, a dirigentes ni simpatizantes del movimiento, ni a mis hijos si llevan algo que tiene que ver con la pol\u00edtica, no. Y termino, porque tambi\u00e9n no hay que tenerle mucho apego al poder ni al dinero. Ya, termin\u00f3 uno su ciclo, vienen nuevas generaciones\u201d, afirm\u00f3.<\/p>\n<p>El jefe del Ejecutivo federal enfatiz\u00f3 que en el pa\u00eds hay un relevo generacional en la pol\u00edtica por lo que hay mujeres y hombres con capacidades para detonar el renacimiento de la pol\u00edtica.<\/p>\n<p>\u201cHay relevo generacional, estoy contento porque hay muchas mujeres y hombres y porque los m\u00e1s j\u00f3venes vienen pero muy entusiasmados, convencidos, son muy inteligentes, los veo, los disfruto, los gozo en las redes sociales, tienen mucha capacidad para argumentar, es un renacimiento de la pol\u00edtica y tambi\u00e9n del periodismo, es una revoluci\u00f3n de las conciencias\u201d, consider\u00f3.<\/p>\n","protected":false},"excerpt":{"rendered":"<p>Tras hacer un breve balance de su gira por Washington, el presidente Andr\u00e9s Manuel L\u00f3pez Obrador asegur\u00f3 en su conferencia ma\u00f1anera que empresarios mexicanos y estadounidenses se comprometieron a invertir -principalmente en el sector energ\u00e9tico- 40 mil millones de d\u00f3lares hasta que termine su gobierno en 2024.<\/p>\n","protected":false},"author":3,"featured_media":553545,"comment_status":"open","ping_status":"open","sticky":false,"template":"","format":"standard","meta":{"_monsterinsights_skip_tracking":false,"_monsterinsights_sitenote_active":false,"_monsterinsights_sitenote_note":"","_monsterinsights_sitenote_category":0,"footnotes":""},"categories":[8],"tags":[1352,43678,5247,336],"class_list":["post-553446","post","type-post","status-publish","format-standard","has-post-thumbnail","hentry","category-finanzas","tag-andres-manuel-lopez-obrador","tag-finanzas","tag-inversion","tag-washington"],"_links":{"self":[{"href":"https:\/\/www.diarioimagen.net\/index.php?rest_route=\/wp\/v2\/posts\/553446","targetHints":{"allow":["GET"]}}],"collection":[{"href":"https:\/\/www.diarioimagen.net\/index.php?rest_route=\/wp\/v2\/posts"}],"about":[{"href":"https:\/\/www.diarioimagen.net\/index.php?rest_route=\/wp\/v2\/types\/post"}],"author":[{"embeddable":true,"href":"https:\/\/www.diarioimagen.net\/index.php?rest_route=\/wp\/v2\/users\/3"}],"replies":[{"embeddable":true,"href":"https:\/\/www.diarioimagen.net\/index.php?rest_route=%2Fwp%2Fv2%2Fcomments&post=553446"}],"version-history":[{"count":0,"href":"https:\/\/www.diarioimagen.net\/index.php?rest_route=\/wp\/v2\/posts\/553446\/revisions"}],"wp:featuredmedia":[{"embeddable":true,"href":"https:\/\/www.diarioimagen.net\/index.php?rest_route=\/wp\/v2\/media\/553545"}],"wp:attachment":[{"href":"https:\/\/www.diarioimagen.net\/index.php?rest_route=%2Fwp%2Fv2%2Fmedia&parent=553446"}],"wp:term":[{"taxonomy":"category","embeddable":true,"href":"https:\/\/www.diarioimagen.net\/index.php?rest_route=%2Fwp%2Fv2%2Fcategories&post=553446"},{"taxonomy":"post_tag","embeddable":true,"href":"https:\/\/www.diarioimagen.net\/index.php?rest_route=%2Fwp%2Fv2%2Ftags&post=553446"}],"curies":[{"name":"wp","href":"https:\/\/api.w.org\/{rel}","templated":true}]}}