{"id":553467,"date":"2022-07-15T00:04:27","date_gmt":"2022-07-15T05:04:27","guid":{"rendered":"https:\/\/www.diarioimagen.net\/?p=553467"},"modified":"2022-07-15T06:35:11","modified_gmt":"2022-07-15T11:35:11","slug":"hay-mano-negra-del-ine-acusa-el-senador-higinio-martinez","status":"publish","type":"post","link":"https:\/\/www.diarioimagen.net\/?p=553467","title":{"rendered":"Hay \u201cmano negra\u201d\u00a0del INE, acusa el senador Higinio Mart\u00ednez"},"content":{"rendered":"<p>&nbsp;<\/p>\n<div id=\"attachment_553560\" style=\"width: 470px\" class=\"wp-caption aligncenter\"><a href=\"https:\/\/www.diarioimagen.net\/?attachment_id=553560\" rel=\"attachment wp-att-553560\"><img loading=\"lazy\" decoding=\"async\" aria-describedby=\"caption-attachment-553560\" class=\"size-full wp-image-553560\" src=\"https:\/\/www.diarioimagen.net\/wp-content\/uploads\/2022\/07\/BAENA4-6.jpg\" alt=\"\" width=\"460\" height=\"270\" \/><\/a><p id=\"caption-attachment-553560\" class=\"wp-caption-text\">El presidente del Comit\u00e9 Directivo Estatal del PRI Edomex, Eric Sevilla, encabez\u00f3 los \u201cDi\u00e1logos para Celebrar la Unidad Priista\u201d, en Tultepec.<\/p><\/div>\n<p>&nbsp;<\/p>\n<p><strong>Texcoco, Estado de M\u00e9xico.\u2014<\/strong> El senador Higinio Mart\u00ednez consider\u00f3 que hubo \u201cmano negra\u201d en la determinaci\u00f3n del Instituto Nacional Electoral (INE), que busca que todos los partidos pol\u00edticos nacionales postulen al menos, a una mujer como candidata al ejecutivo local en las entidades del Estado de M\u00e9xico y Coahuila, lo que violenta los derechos pol\u00edticos de la ciudadan\u00eda de votar y ser votado.<\/p>\n<p>Precis\u00f3 que hay \u201cmano negra en este ordenamiento, pero del Consejo General, y no del presidente del INE, Lorenzo C\u00f3rdova, al tratar de imponer por la fuerza un candidato, lo que refleja un abuso contra la soberan\u00eda de las entidades federativas e incidir sin justificaci\u00f3n alguna en la vida de los todos los partidos pol\u00edticos y violentar los derechos pol\u00edticos de los ciudadanos que decidan libremente por qui\u00e9n votar\u201d.<\/p>\n","protected":false},"excerpt":{"rendered":"<p>El senador Higinio Mart\u00ednez consider\u00f3 que hubo \u201cmano negra\u201d en la determinaci\u00f3n del Instituto Nacional Electoral (INE), que busca que todos los partidos pol\u00edticos nacionales postulen al menos, a una mujer como candidata al ejecutivo local en las entidades del Estado de M\u00e9xico y Coahuila, lo que violenta los derechos pol\u00edticos de la ciudadan\u00eda de votar y ser votado.<\/p>\n","protected":false},"author":3,"featured_media":553560,"comment_status":"open","ping_status":"open","sticky":false,"template":"","format":"standard","meta":{"_monsterinsights_skip_tracking":false,"_monsterinsights_sitenote_active":false,"_monsterinsights_sitenote_note":"","_monsterinsights_sitenote_category":0,"footnotes":""},"categories":[5],"tags":[29347,16200],"class_list":["post-553467","post","type-post","status-publish","format-standard","has-post-thumbnail","hentry","category-estado-de-mexico","tag-ine","tag-lorenzo-cordova-vianello"],"_links":{"self":[{"href":"https:\/\/www.diarioimagen.net\/index.php?rest_route=\/wp\/v2\/posts\/553467","targetHints":{"allow":["GET"]}}],"collection":[{"href":"https:\/\/www.diarioimagen.net\/index.php?rest_route=\/wp\/v2\/posts"}],"about":[{"href":"https:\/\/www.diarioimagen.net\/index.php?rest_route=\/wp\/v2\/types\/post"}],"author":[{"embeddable":true,"href":"https:\/\/www.diarioimagen.net\/index.php?rest_route=\/wp\/v2\/users\/3"}],"replies":[{"embeddable":true,"href":"https:\/\/www.diarioimagen.net\/index.php?rest_route=%2Fwp%2Fv2%2Fcomments&post=553467"}],"version-history":[{"count":0,"href":"https:\/\/www.diarioimagen.net\/index.php?rest_route=\/wp\/v2\/posts\/553467\/revisions"}],"wp:featuredmedia":[{"embeddable":true,"href":"https:\/\/www.diarioimagen.net\/index.php?rest_route=\/wp\/v2\/media\/553560"}],"wp:attachment":[{"href":"https:\/\/www.diarioimagen.net\/index.php?rest_route=%2Fwp%2Fv2%2Fmedia&parent=553467"}],"wp:term":[{"taxonomy":"category","embeddable":true,"href":"https:\/\/www.diarioimagen.net\/index.php?rest_route=%2Fwp%2Fv2%2Fcategories&post=553467"},{"taxonomy":"post_tag","embeddable":true,"href":"https:\/\/www.diarioimagen.net\/index.php?rest_route=%2Fwp%2Fv2%2Ftags&post=553467"}],"curies":[{"name":"wp","href":"https:\/\/api.w.org\/{rel}","templated":true}]}}