{"id":553479,"date":"2022-07-15T00:01:31","date_gmt":"2022-07-15T05:01:31","guid":{"rendered":"https:\/\/www.diarioimagen.net\/?p=553479"},"modified":"2022-07-15T05:15:49","modified_gmt":"2022-07-15T10:15:49","slug":"en-los-cinco-distritos-de-nueva-york-se-llevara-a-cabo-la-30-version-del-restaurant-week","status":"publish","type":"post","link":"https:\/\/www.diarioimagen.net\/?p=553479","title":{"rendered":"En los cinco distritos de Nueva York se llevar\u00e1 a cabo la 30 versi\u00f3n del <em>Restaurant Week<\/em>"},"content":{"rendered":"<h2>De cinco estrellas<\/h2>\n<h5>Victoria Gonz\u00e1lez Prado<\/h5>\n<p>&nbsp;<\/p>\n<ul>\n<li><strong><em>Cliff Brutus, nuevo director de Ventas y Mercadeo del <\/em>Dorado Beach<em>, a <\/em>Ritz-Carlton Reserve<em> en Puerto Rico<\/em><\/strong><\/li>\n<li><strong>Viva Aerobus<em> inform\u00f3 que pospone el inicio de operaciones de determinadas rutas desde\/hacia el AIFA y el AIT<\/em><\/strong><\/li>\n<li><strong>American Express<em>, invita a la reflexi\u00f3n sobre la importancia de disfrutar experiencias de viajes, restaurantes y m\u00e1s<\/em><\/strong><\/li>\n<\/ul>\n<p>&nbsp;<\/p>\n<div id=\"attachment_553533\" style=\"width: 470px\" class=\"wp-caption aligncenter\"><a href=\"https:\/\/www.diarioimagen.net\/?attachment_id=553533\" rel=\"attachment wp-att-553533\"><img loading=\"lazy\" decoding=\"async\" aria-describedby=\"caption-attachment-553533\" class=\"size-full wp-image-553533\" src=\"https:\/\/www.diarioimagen.net\/wp-content\/uploads\/2022\/07\/turismo-6.jpg\" alt=\"\" width=\"460\" height=\"270\" \/><\/a><p id=\"caption-attachment-553533\" class=\"wp-caption-text\">Regresa Restaurant Week.<\/p><\/div>\n<p>&nbsp;<\/p>\n<p>Este a\u00f1o en verano, en los cinco distritos de Nueva York \u2013Manhattan, Brooklyn, Qeens, Staten Island y Bronx\u2014 se llevar\u00e1 a cabo la 30 versi\u00f3n del <em>Restaurant Week<\/em> \u2013del 18 de julio al 21 de agosto\u2014 y, donde quiera que te encuentres podr\u00e1s disfrutar comidas de dos tiempos o cenas de tres tiempos.<\/p>\n<p>Alrededor de 300 restaurantes ofrecer\u00e1n a los comensales gastronom\u00eda china, platillos ex\u00f3ticos, cocina italiana y mucho m\u00e1s. En cada restaurante habr\u00e1 men\u00fa con plato fuerte y postre y hay lugares para todos los gustos.<\/p>\n<p>Es muy importante reservar de lo contrario no podr\u00e1n asegurarse de tener lugar en el restaurante elegido.<\/p>\n<p>\u2730\u2730\u2730\u2730\u2730 <strong>Cliff Brutus<\/strong> es el nuevo director de Ventas y Mercadeo, cargo en el que liderar\u00e1 el equipo de ventas y marketing del <em>Dorado Beach, a Ritz-Carlton Reserve. <\/em>El directivo desarrollar\u00e1 estrategias multifac\u00e9ticas en todos los segmentos comerciales y mantendr\u00e1 el desempe\u00f1o del hotel y su posici\u00f3n como el principal resort de lujo en Puerto Rico.<\/p>\n<p>Con m\u00e1s de veinticinco a\u00f1os de experiencia en el sector de lujo en la gesti\u00f3n de marketing y ventas hoteleras, <strong>Cliff<\/strong> es fundamental para encabezar la direcci\u00f3n comercial de la propiedad.<\/p>\n<p>Se une al hotel despu\u00e9s de nueve a\u00f1os de servicio en <em>The Ritz-Carlton<\/em> <em>St. Thomas,<\/em> como director de Ventas y Marketing, donde su equipo demostr\u00f3 resultados de ventas excepcionales. Antes <strong>Cliff <\/strong>trabaj\u00f3 en prestigiosos resorts de lujo y hoteles boutique galardonados que sentaron las bases de su carrera en ventas y mercadeo. A lo largo de su carrera, ocup\u00f3 cargos tanto a nivel de propiedad como a nivel de regional, incluido el de director regional de ventas del sector de ocio y director de \u00e1rea de ventas transitorias.<\/p>\n<p>En su nuevo cargo, <strong>Cliff<\/strong> se centrar\u00e1 en hacer crecer las oportunidades comerciales del resort, aumentar los ingresos, respaldar el segmento de grupos y bodas, continuar los lazos existentes con socios clave y ser\u00e1 responsable de promover la filosof\u00eda legendaria de la compa\u00f1\u00eda y el legado vivo de este hotel de ultra lujo.<\/p>\n<p><strong>Cliff<\/strong> recibi\u00f3 su t\u00edtulo en Administraci\u00f3n Hotelera de la Universidad Internacional de Florida, Miami. Es miembro activo de la junta de la Asociaci\u00f3n de Hoteles y Turismo de las Islas V\u00edrgenes de EU desde 2015. Enhorabuena.<\/p>\n<p>\u2730\u2730\u2730\u2730\u2730 Viva Aerobus inform\u00f3 que, debido al retraso en la entrega de nueves aeronaves del fabricante <em>Airbus <\/em>derivado de problemas en su cadena de suministro, as\u00ed como de componentes de aviones por proveedores clave como <em>Pratt &amp; Whitney<\/em>, la aerol\u00ednea pospone el inicio de operaciones de determinadas rutas desde\/hacia distintos aeropuertos que integran el Sistema Aeroportuario Metropolitano.<\/p>\n<p>Estos cambios contemplan las nuevas rutas del Aeropuerto Internacional Felipe \u00c1ngeles (AIFA) hacia Acapulco, Puerto Escondido, Oaxaca y La Habana; el reinicio de operaciones en el Aeropuerto de Toluca (AIT) con los servicios a Monterrey y Canc\u00fan; y la inauguraci\u00f3n de las nuevas rutas desde el AIT a Puerto Vallarta y M\u00e9rida.<\/p>\n<p>Los vuelos ya en operaci\u00f3n desde el AIFA a Guadalajara, Monterrey y Canc\u00fan, reci\u00e9n inaugurada, se mantienen sin cambios.<\/p>\n<p>\u2730\u2730\u2730\u2730\u2730 La campa\u00f1a m\u00e1s reciente de <em>American Express,<\/em> invita a la reflexi\u00f3n sobre la importancia de disfrutar cada momento al m\u00e1ximo; esas experiencias, viajes o nuevos platillos y lugares que quedan marcados en la memoria.<\/p>\n<p>La intenci\u00f3n no es qu\u00e9 podr\u00eda pasar sino cu\u00e1ndo&#8230; Momentos que valen m\u00e1s que el tiempo mismo, en los que las horas no cuentan, sino las sensaciones, las emociones, la compa\u00f1\u00eda de otros y la vivencia por s\u00ed misma&#8230; es parte esencial de \u201cCuando est\u00e1s con Amex\u201d.<\/p>\n<p>Estar #ConAmex significa tener la posibilidad de decidir que tu pr\u00f3xima semana laboral ser\u00e1 desde la playa, tener boleto 2&#215;1 para volar a ese destino que te encanta, esperar tu vuelo en <em>The<\/em> <em>Centurion Lounge<\/em> y disfrutar descuentos o beneficios especiales en el hotel, s\u00f3lo por ser Tarjetahabiente <em>American Express<\/em>. Es Tambi\u00e9n sumar puntos <em>Memberships Rewards<\/em> por tus compras, tener bonificaciones en efectivo por ir a tus restaurantes favoritos y promociones exclusivas constantes en tu <em>Amex App.<\/em><\/p>\n<p>Andreia Morelli, vicepresidente de Mercadotecnia de <em>American Express M\u00e9xico <\/em>dijo: \u201ces un estilo de vida, el de personas a quienes les apasiona viajar, conocer nuevos lugares, probar platillos memorables y conquistar sus objetivos de vida dejando una huella positiva en el mundo. <em>American Express<\/em> est\u00e1 ah\u00ed para respaldarlas\u201d.<\/p>\n<p>El verdadero lujo son las historias compartidas.<\/p>\n<p>De acuerdo con informaci\u00f3n interna de la compa\u00f1\u00eda en M\u00e9xico, de enero a mayo de 2022, los Tarjetahabientes incrementaron m\u00e1s del 11 por ciento sus compras en entretenimiento: restaurantes m\u00e1s \u00a0de 20 por ciento y viajes m\u00e1s de 4 por ciento, con respecto al mismo periodo de 2019. Por ello, Morelli agreg\u00f3 \u201ces claro el inter\u00e9s por retomar las experiencias que m\u00e1s disfrutamos con la gente que queremos\u201d.<\/p>\n<p>Hoy el verdadero lujo son las historias compartidas con las personas m\u00e1s importantes para ti; estudio global de <em>Forester Analytics Tecnographics se\u00f1ala que<\/em> 74 por ciento de los consumidores manifiestan que pasar tiempo con sus amigos y familia es su prioridad n\u00famero uno. En estas personas est\u00e1 inspirada \u201cCuando est\u00e1s con Amex&#8230;\u201d<\/p>\n<p>La campa\u00f1a integral buscar\u00e1 vivir momentos epicos #ConAmex de julio a diciembre.<\/p>\n<p>&nbsp;<\/p>\n<blockquote>\n<p style=\"text-align: right;\">\u201c<strong>El<\/strong> <strong>\u00e1ngel de la fama tiene sus alas hechas de papel&#8230; peri\u00f3dico\u201d.<br \/>\n<\/strong><\/p>\n<\/blockquote>\n<p>&nbsp;<\/p>\n<p><em><span class=\"Apple-converted-space\"><a href=\"mailto:victoriagprado@gmail.com\" target=\"_blank\" rel=\"noopener noreferrer\">victoriagprado@gmail.com<\/a><br \/>\nTwitter: <a href=\"https:\/\/twitter.com\/victoriagprado\" target=\"_blank\" rel=\"noopener noreferrer\">@victoriagprado<\/a><\/span><\/em><\/p>\n<p>&nbsp;<\/p>\n","protected":false},"excerpt":{"rendered":"<p>Este a\u00f1o en verano, en los cinco distritos de Nueva York \u2013Manhattan, Brooklyn, Qeens, Staten Island y Bronx\u2014 se llevar\u00e1 a cabo la 30 versi\u00f3n del <em>Restaurant Week<\/em> \u2013del 18 de julio al 21 de agosto\u2014 y, donde quiera que te encuentres podr\u00e1s disfrutar comidas de dos tiempos o cenas de tres tiempos.<\/p>\n","protected":false},"author":3,"featured_media":553533,"comment_status":"open","ping_status":"open","sticky":false,"template":"","format":"standard","meta":{"_monsterinsights_skip_tracking":false,"_monsterinsights_sitenote_active":false,"_monsterinsights_sitenote_note":"","_monsterinsights_sitenote_category":0,"footnotes":""},"categories":[11],"tags":[107,43674,106],"class_list":["post-553479","post","type-post","status-publish","format-standard","has-post-thumbnail","hentry","category-turismo","tag-de-cinco-estrellas","tag-opinion","tag-victoria-gonzalez-prado"],"_links":{"self":[{"href":"https:\/\/www.diarioimagen.net\/index.php?rest_route=\/wp\/v2\/posts\/553479","targetHints":{"allow":["GET"]}}],"collection":[{"href":"https:\/\/www.diarioimagen.net\/index.php?rest_route=\/wp\/v2\/posts"}],"about":[{"href":"https:\/\/www.diarioimagen.net\/index.php?rest_route=\/wp\/v2\/types\/post"}],"author":[{"embeddable":true,"href":"https:\/\/www.diarioimagen.net\/index.php?rest_route=\/wp\/v2\/users\/3"}],"replies":[{"embeddable":true,"href":"https:\/\/www.diarioimagen.net\/index.php?rest_route=%2Fwp%2Fv2%2Fcomments&post=553479"}],"version-history":[{"count":0,"href":"https:\/\/www.diarioimagen.net\/index.php?rest_route=\/wp\/v2\/posts\/553479\/revisions"}],"wp:featuredmedia":[{"embeddable":true,"href":"https:\/\/www.diarioimagen.net\/index.php?rest_route=\/wp\/v2\/media\/553533"}],"wp:attachment":[{"href":"https:\/\/www.diarioimagen.net\/index.php?rest_route=%2Fwp%2Fv2%2Fmedia&parent=553479"}],"wp:term":[{"taxonomy":"category","embeddable":true,"href":"https:\/\/www.diarioimagen.net\/index.php?rest_route=%2Fwp%2Fv2%2Fcategories&post=553479"},{"taxonomy":"post_tag","embeddable":true,"href":"https:\/\/www.diarioimagen.net\/index.php?rest_route=%2Fwp%2Fv2%2Ftags&post=553479"}],"curies":[{"name":"wp","href":"https:\/\/api.w.org\/{rel}","templated":true}]}}