{"id":553486,"date":"2022-07-15T00:15:38","date_gmt":"2022-07-15T05:15:38","guid":{"rendered":"https:\/\/www.diarioimagen.net\/?p=553486"},"modified":"2022-07-18T05:54:29","modified_gmt":"2022-07-18T10:54:29","slug":"la-policia-en-estado-de-indefension","status":"publish","type":"post","link":"https:\/\/www.diarioimagen.net\/?p=553486","title":{"rendered":"La polic\u00eda, en estado de indefensi\u00f3n"},"content":{"rendered":"<h2>Por la Derecha..!<\/h2>\n<h5>Luis \u00c1ngel Garc\u00eda<\/h5>\n<p>&nbsp;<\/p>\n<p>Los medios de comunicaci\u00f3n dan testimonio reiterado de las agresiones que sufren las fuerzas del orden en diversas entidades del pa\u00eds; lo mismo son atacados militares, guardias nacionales, polic\u00edas estatales o municipales; de los insultos pasan a los golpes, las pedradas, la destrucci\u00f3n de veh\u00edculos, el robo de armas, chalecos y fornituras. Los responsables son autodefensas o colonos. Se rompe el orden constitucional, se quebranta el principio de autoridad y los gobiernos se niegan a ejercer el uso leg\u00edtimo y proporcional de la fuerza.<\/p>\n<p>A ello se atienen los agresores, pareciera que cuentan con \u201cpatente de corso\u201d para atacar a los uniformados, saben que tienen las manos amarradas para responder a las actitudes delictivas de gente del crimen organizado, sicarios, autodefensas o \u201cpolic\u00edas\u201d comunitarios, colonos, comerciantes informales, locatarios, ciudadanos de la calle, padres de familia, quien sea. Hace poco, una madre de familia cerr\u00f3 el perif\u00e9rico a la altura de Naucalpan, en el Estado de M\u00e9xico, con el objetivo de que se esclareciera el homicidio de su hijo; en 48 horas tuvo respuesta y se entreg\u00f3 el presunto responsable. A partir de ese evento, colonos de diversos municipios o alcald\u00edas cierran las vialidades en demanda de soluci\u00f3n a sus problemas, y si la fuerza p\u00fablica quiere retirarlos, son agredidos y oponen resistencia ante la impotencia de los elementos policiales.<\/p>\n<p>Lo mismo sucede en las casetas de cobro, donde maestros, estudiantes o defensores de derechos humanos provocan trastornos a miles de paseantes y vecinos, adem\u00e1s de extorsionar a los automovilistas, choferes de autobuses o camiones de carga y dejar p\u00e9rdidas millonarias a Capufe, imposible moverlos. Solo hay una dirigente social en la c\u00e1rcel y diversos colectivos se mueven para que se revise la sentencia.<\/p>\n<p>La CDMX no es la excepci\u00f3n. La administraci\u00f3n de la 4T decidi\u00f3 desaparecer al agrupamiento de granaderos, m\u00e1s como medida ret\u00f3rica para satanizar el uso leg\u00edtimo de la fuerza y a los gobiernos \u201crepresores\u201d del pasado y presumir que los actuales no son como antes. Mero distractor, ya que los mismos granaderos son los que sin armas, \u201cdan acompa\u00f1amiento\u201d a los manifestantes. Pero ahora los uniformados, en estado de indefensi\u00f3n, reciben las agresiones, las lesiones, la destrucci\u00f3n de escudos, el robo de equipo; se han convertido en escudos humanos para proteger monumentos hist\u00f3ricos, oficinas de gobierno o comercios. Pero no pueden responder los ataques, solo aguantar los embates.<\/p>\n<p>Cada d\u00eda son m\u00e1s violentos los manifestantes, sobre todo los grupos ultras de todas las corrientes, especialmente las feministas, que reclaman la desatenci\u00f3n de un gobierno antifeminista. En m\u00e1s de una ocasi\u00f3n, valientes mujeres polic\u00edas han resguardado la integridad de Palacio Nacional, sin m\u00e1s protecci\u00f3n que un escudo y su cuerpo mismo.<\/p>\n<p>Pero no s\u00f3lo violentan las ultras, son colonos, vecinos o familiares que se oponen a desalojos o la detenci\u00f3n de alguien requerido por la justicia. Especial menci\u00f3n merecen los ambulantes y franeleros, quienes se enfrentan sistem\u00e1ticamente a las fuerzas del orden para evitar el retiro de puestos semifijos u objetos para apartar los lugares de estacionamiento en la v\u00eda p\u00fablica. Prohijados al amparo de venales autoridades reclaman hoy impunidad. No se les puede tocar, porque por a\u00f1os compraron voluntades pol\u00edticas para no ser tocados, a cambio de aportar dinero o apoyar a ciertos grupos de poder. As\u00ed sucedi\u00f3 cuando la polic\u00eda auxiliar retir\u00f3 a comerciantes informales y franeleros que se hab\u00edan apoderado de las inmediaciones del hospital Rub\u00e9n Le\u00f1ero, donde extorsionaban a los propios vecinos para que pudieran usar sus cocheras y dificultaban los servicios de emergencia del nosocomio. Retirados, fueron a presionar a las autoridades para que sancionaran a los elementos por abuso de autoridad, cuando s\u00f3lo cumplieron con su deber, ya que el ambulantaje contraviene ordenamientos de cultura c\u00edvica y buen gobierno; adem\u00e1s, agredir a la autoridad es una conducta il\u00edcita que amerita remisi\u00f3n al MP. La polic\u00eda en estado de indefensi\u00f3n.<\/p>\n","protected":false},"excerpt":{"rendered":"<p><span style=\"color: #005497;\"><strong>Luis \u00c1ngel Garc\u00eda<\/strong><\/span><\/p>\n","protected":false},"author":3,"featured_media":0,"comment_status":"open","ping_status":"open","sticky":false,"template":"","format":"standard","meta":{"_monsterinsights_skip_tracking":false,"_monsterinsights_sitenote_active":false,"_monsterinsights_sitenote_note":"","_monsterinsights_sitenote_category":0,"footnotes":""},"categories":[92115],"tags":[92117,43674,92116],"class_list":["post-553486","post","type-post","status-publish","format-standard","hentry","category-luis-angel-garcia","tag-luis-angel-garcia","tag-opinion","tag-por-la-derecha"],"_links":{"self":[{"href":"https:\/\/www.diarioimagen.net\/index.php?rest_route=\/wp\/v2\/posts\/553486","targetHints":{"allow":["GET"]}}],"collection":[{"href":"https:\/\/www.diarioimagen.net\/index.php?rest_route=\/wp\/v2\/posts"}],"about":[{"href":"https:\/\/www.diarioimagen.net\/index.php?rest_route=\/wp\/v2\/types\/post"}],"author":[{"embeddable":true,"href":"https:\/\/www.diarioimagen.net\/index.php?rest_route=\/wp\/v2\/users\/3"}],"replies":[{"embeddable":true,"href":"https:\/\/www.diarioimagen.net\/index.php?rest_route=%2Fwp%2Fv2%2Fcomments&post=553486"}],"version-history":[{"count":0,"href":"https:\/\/www.diarioimagen.net\/index.php?rest_route=\/wp\/v2\/posts\/553486\/revisions"}],"wp:attachment":[{"href":"https:\/\/www.diarioimagen.net\/index.php?rest_route=%2Fwp%2Fv2%2Fmedia&parent=553486"}],"wp:term":[{"taxonomy":"category","embeddable":true,"href":"https:\/\/www.diarioimagen.net\/index.php?rest_route=%2Fwp%2Fv2%2Fcategories&post=553486"},{"taxonomy":"post_tag","embeddable":true,"href":"https:\/\/www.diarioimagen.net\/index.php?rest_route=%2Fwp%2Fv2%2Ftags&post=553486"}],"curies":[{"name":"wp","href":"https:\/\/api.w.org\/{rel}","templated":true}]}}