{"id":553489,"date":"2022-07-15T00:02:57","date_gmt":"2022-07-15T05:02:57","guid":{"rendered":"https:\/\/www.diarioimagen.net\/?p=553489"},"modified":"2022-07-15T03:42:24","modified_gmt":"2022-07-15T08:42:24","slug":"amlo-no-entiende-que-forma-es-fondo","status":"publish","type":"post","link":"https:\/\/www.diarioimagen.net\/?p=553489","title":{"rendered":"AMLO no entiende que forma es fondo"},"content":{"rendered":"<h2>La Retaguardia<\/h2>\n<h5>Adriana Moreno Cordero<\/h5>\n<p><strong><em>\u00a0<\/em><\/strong><\/p>\n<ul>\n<li><strong><em>Estremeci\u00f3 lo que Layda Sansores opina del Presidente<\/em><\/strong><\/li>\n<\/ul>\n<p>&nbsp;<\/p>\n<p>La semana cerr\u00f3 en el debate entre los m\u00e1s fieles seguidores de Morena, como los gobernadores y la jefa de Gobierno de la Ciudad de M\u00e9xico, <strong>Claudia Sheinbaum<\/strong>, publicando desplegados para \u201cinformar\u201d que la visita del presidente <strong>Andr\u00e9s Manuel L\u00f3pez Obrador<\/strong> fue todo un \u00e9xito, que defendi\u00f3 la soberan\u00eda y a los migrantes y qui\u00e9n sabe cu\u00e1ntas cosas m\u00e1s, y los que opinan exactamente lo contrario, que no solamente es la oposici\u00f3n.<\/p>\n<p>De entrada, muy mal se vio el inquilino de Palacio Nacional al decir que no importan las formas, ni la vestimenta, sino el mensaje que transmiti\u00f3 en el vecino pa\u00eds del norte al presidente <strong>Joe Biden<\/strong>, pero \u201clas comparaciones son odiosas\u201d, reza un conocido y popular refr\u00e1n y las im\u00e1genes que corrieron por las \u201cex benditas redes\u201d, tanto el presidente de M\u00e9xico como su esposa, <strong>Beatriz Guti\u00e9rrez<\/strong>, dejaron much\u00edsimo qu\u00e9 desear.<\/p>\n<p>Con el pretexto de que por lo menos el tabasque\u00f1o quer\u00eda vincularse con \u201clas multitudes\u201d de paisanos que acudieron a su encuentro, quiso justificar que ni \u00e9l ni su c\u00f3nyuge conocen absolutamente nada de lo que debe de ser el protocolo y tan siquiera hubieran preguntado o se hubieran asesorado. Ambos olvidaron tambi\u00e9n que como dijo el ide\u00f3logo del PRI, <strong>Jes\u00fas Reyes Heroles<\/strong>, \u201cforma es fondo\u201d y no lo respetaron. Romper el protocolo en nombre del populismo no es siempre lo m\u00e1s adecuado.<\/p>\n<p>Aparte est\u00e1, desde luego, el lenguaje corporal. Los especialistas refieren que es una forma de comunicaci\u00f3n que utiliza los gestos, posturas y movimientos del cuerpo y rostro para transmitir informaci\u00f3n sobre las emociones y pensamientos del emisor. Este es fundamental y dice m\u00e1s que las palabras mismas, sin embargo, en el caso de L\u00f3pez Obrador nunca, a lo largo de esta errada y llamada Cuarta Transformaci\u00f3n, ha podido alinear su lenguaje verbal con el corporal, con lo que est\u00e1 imposibilitado para transmitir confianza; una importante diferencia si retomamos sus largos 18 a\u00f1os de candidato en los que pudo conectar con esos seguidores que ahora se le desvanecen paulatina, pero constantemente.<\/p>\n<p>El lenguaje corporal del de Tepetit\u00e1n revela de manera muy clara que cuando por fin alcanz\u00f3 la Presidencia de la Rep\u00fablica, de plano, no sabe qu\u00e9 hacer con el cargo, adem\u00e1s de que ante figuras de peso como el presidente Biden, con todo y que su popularidad no est\u00e1 en su mejor momento, se siente dir\u00edase hasta intimidado, cuesti\u00f3n de observar la forma en que se sent\u00f3 en la Casa Blanca.<\/p>\n<p>En este punto hay que referir que el lenguaje corporal suele realizarse a nivel inconsciente, de manera que habitualmente es un indicador muy claro del estado emocional de las personas.<\/p>\n<p>Y las malas noticias para L\u00f3pez Obrador continuaron cuando se dio a conocer un reporte reporte del Servicio de Investigaci\u00f3n del Congreso estadounidense (CRS por sus siglas en ingl\u00e9s), con fecha 11 de julio en el que especialistas catalogan a la democracia en M\u00e9xico como altamente defectuosa, de acuerdo al informe cuyo t\u00edtulo es: \u201cDemocracia en Am\u00e9rica Latina y el Caribe: una compilaci\u00f3n de indicadores selectos\u201d, el cual coloca M\u00e9xico en el lugar 57 de 137 Pa\u00edses en el ranking de transformaci\u00f3n pol\u00edtica global.<\/p>\n<p>Si se toma en cuenta que el Presidente se empe\u00f1a a diario, en su gustad\u00edsimo \u201cstand-up\u201d ma\u00f1anero, en dibujar \u201cAmlolandia\u201d, un mundo en el que ya no hay masacres ni corrupci\u00f3n, m\u00e1s que un balde de agua helada es el hecho de que especialistas a nivel mundial que realizaron el estudio, concluyan que esta errada y llamada Cuarta Transformaci\u00f3n, sigue el camino del neoliberalismo y advierte sobre la concentraci\u00f3n de poder en la figura presidencial, algo en lo que tambi\u00e9n por cierto, se empe\u00f1a el tabasque\u00f1o.<\/p>\n<p style=\"text-align: center;\"><strong>Municiones<\/strong><\/p>\n<p>*** Como hombre \u201cmentecato y sin ning\u00fan estudio\u201d, considera la gobernadora de Campeche, <strong>Layda Sansores<\/strong>, que es ni m\u00e1s ni menos que L\u00f3pez Obrador, en un audio que se filtr\u00f3 por las \u201cex benditas redes\u201d y que present\u00f3 el diputado <strong>Jorge Triana<\/strong>. Lo que llam\u00f3 la atenci\u00f3n, es que transcurri\u00f3 buena parte del d\u00eda de ayer y la conductora del \u201cMartes del jaguar\u201d, no hab\u00eda salido a decir \u201cesta boca es m\u00eda\u201d o a aclarar que no se trataba de su voz, que la grabaci\u00f3n estaba editada o algo as\u00ed. Eso le pas\u00f3 a la flamante mandataria estatal por suponer que su cercan\u00eda con el Presidente, le otorga impunidad completa. Seg\u00fan se sabe, el inquilino de Palacio Nacional s\u00ed se enoj\u00f3 y casi de inmediato, hubo una reprimenda, por no decir \u201cjal\u00f3n de orejas\u201d para la se\u00f1ora Sansores. \u00a1Qu\u00e9 tal!, eso estremeci\u00f3. Y a prop\u00f3sito, esta errada y llamada Cuarta Transformaci\u00f3n ya no sabe c\u00f3mo tapar que al l\u00edder nacional del PRI, <strong>Alejandro Moreno C\u00e1rdenas<\/strong>, le fue muy bien durante su viaje por Europa, donde fue a denunciar la situaci\u00f3n tan cr\u00edtica que vive M\u00e9xico, donde lo que priva es la persecuci\u00f3n pol\u00edtica.<\/p>\n<p>*** Tambi\u00e9n quien estuvo muy movido en la semana que culmina, fue el presidente de la Junta de Coordinaci\u00f3n Pol\u00edtica del Senado de la Rep\u00fablica, <strong>Ricardo Monreal<\/strong>, quien estuvo en Tamaulipas, para encabezar la presentaci\u00f3n de su libro: \u201cLas Grandes Reformas para el Cambio de R\u00e9gimen\u201d. Luego del evento, le preguntaron al legislador zacatecano c\u00f3mo ve\u00eda para Morena las elecciones del a\u00f1o entrante en Coahuila y Estado de M\u00e9xico a lo que respondi\u00f3: \u201cCreo que los dos estados pueden ser alcanzados por la Cuarta Transformaci\u00f3n\u201d y su contestaci\u00f3n fue m\u00e1s bien sin muchas ganas para el partido oficial, pero donde de plano evidenci\u00f3 toda la confrontaci\u00f3n que las alas polarizadas morenistas le han armado, fue cuando le preguntaron si sent\u00eda que su futuro pol\u00edtico depend\u00eda del dirigente nacional de Morena, <strong>Mario Mart\u00edn Delgado<\/strong>: \u201cNo, no; ni lo mande Dios. No\u201d, aunque inmediatamente despu\u00e9s matiz\u00f3 diciendo que respeta al l\u00edder del partido oficial. No obstante, Monreal Avila sigui\u00f3 insistiendo en demandar \u201cpiso parejo\u201d a la hora de seleccionar al\u00a0 candidato presidencial de Morena al se\u00f1alar: \u201cDe aqu\u00ed al 31 de julio hay un proceso interno para seleccionar y elegir a los delegados que van a acudir al Congreso Nacional de Morena y a los dirigentes en los estados y me da pie para decirle que insistamos en la democratizaci\u00f3n de Morena; y que no sean, lo que dije en el discurso, las pr\u00e1cticas de los partidos que est\u00e1n en extinci\u00f3n, las que se trasladen a Morena\u201d.\u00a0Qu\u00e9 pena, porque ya est\u00e1n trasladadas.<\/p>\n<p>*** El coordinador de la bancada del PRD en el Senado de la Rep\u00fablica, <strong>Miguel \u00c1ngel Mancera,<\/strong> dijo que no est\u00e1 interesado en la candidatura presidencial de la alianza Va por M\u00e9xico. Las cosas le pintan muy diferente al ex jefe de Gobierno de la CDMX, a aquel a\u00f1o de 2017, cuando ya todo estaba listo para que se lanzara por sus aspiraciones y el temblor de septiembre de 2017 vino a cambiar todo.<\/p>\n<p><u><a href=\"mailto:morcora@gmail.com\" target=\"_blank\" rel=\"noopener noreferrer\"><em>morcora@gmail.com<\/em><\/a><\/u><\/p>\n","protected":false},"excerpt":{"rendered":"<p><span style=\"color: #005497;\"><strong>Adriana Moreno Cordero<\/strong><\/span><\/p>\n","protected":false},"author":3,"featured_media":0,"comment_status":"open","ping_status":"open","sticky":false,"template":"","format":"standard","meta":{"_monsterinsights_skip_tracking":false,"_monsterinsights_sitenote_active":false,"_monsterinsights_sitenote_note":"","_monsterinsights_sitenote_category":0,"footnotes":""},"categories":[69370],"tags":[69369,69368,43674],"class_list":["post-553489","post","type-post","status-publish","format-standard","hentry","category-adriana-moreno-cordero","tag-adriana-moreno-cordero","tag-la-retaguardia","tag-opinion"],"_links":{"self":[{"href":"https:\/\/www.diarioimagen.net\/index.php?rest_route=\/wp\/v2\/posts\/553489","targetHints":{"allow":["GET"]}}],"collection":[{"href":"https:\/\/www.diarioimagen.net\/index.php?rest_route=\/wp\/v2\/posts"}],"about":[{"href":"https:\/\/www.diarioimagen.net\/index.php?rest_route=\/wp\/v2\/types\/post"}],"author":[{"embeddable":true,"href":"https:\/\/www.diarioimagen.net\/index.php?rest_route=\/wp\/v2\/users\/3"}],"replies":[{"embeddable":true,"href":"https:\/\/www.diarioimagen.net\/index.php?rest_route=%2Fwp%2Fv2%2Fcomments&post=553489"}],"version-history":[{"count":0,"href":"https:\/\/www.diarioimagen.net\/index.php?rest_route=\/wp\/v2\/posts\/553489\/revisions"}],"wp:attachment":[{"href":"https:\/\/www.diarioimagen.net\/index.php?rest_route=%2Fwp%2Fv2%2Fmedia&parent=553489"}],"wp:term":[{"taxonomy":"category","embeddable":true,"href":"https:\/\/www.diarioimagen.net\/index.php?rest_route=%2Fwp%2Fv2%2Fcategories&post=553489"},{"taxonomy":"post_tag","embeddable":true,"href":"https:\/\/www.diarioimagen.net\/index.php?rest_route=%2Fwp%2Fv2%2Ftags&post=553489"}],"curies":[{"name":"wp","href":"https:\/\/api.w.org\/{rel}","templated":true}]}}