{"id":553505,"date":"2022-07-15T00:08:31","date_gmt":"2022-07-15T05:08:31","guid":{"rendered":"https:\/\/www.diarioimagen.net\/?p=553505"},"modified":"2022-07-15T04:05:21","modified_gmt":"2022-07-15T09:05:21","slug":"el-pri-empantanado","status":"publish","type":"post","link":"https:\/\/www.diarioimagen.net\/?p=553505","title":{"rendered":"El PRI, empantanado"},"content":{"rendered":"<h2>Punto por punto<\/h2>\n<h5>Augusto Corro<\/h5>\n<p>&nbsp;<\/p>\n<p>El Partido Revolucionario Institucional (PRI) se encuentra en la peor crisis desde su fundaci\u00f3n.<\/p>\n<p>Y lo peor, sus l\u00edderes no encuentran la salida al problema.<\/p>\n<p>Al contrario, los pleitos de los jerarcas priistas no se ponen de acuerdo para rescatar lo que queda de esa organizaci\u00f3n pol\u00edtica.<\/p>\n<p>El PRI tuvo tres derrotas importantes que debilitaron sus estructuras. La primera se registr\u00f3 en 2000, cuando Vicente Fox, del PAN, gan\u00f3 la Presidencia de la Rep\u00fablica.<\/p>\n<p>La segunda, en 2006: con Felipe Calder\u00f3n se repiti\u00f3 el triunfo panista.<\/p>\n<p>Y la tercera, en 2018, Morena obtuvo una victoria apabullante. Esta \u00faltima tiene al Revolucionario Institucional, en v\u00edas de desaparici\u00f3n.<\/p>\n<p>A los conflictos pol\u00edticos comunes, en el seno del PRI se libra una lucha por el poder, una de las m\u00e1s cr\u00edticas en la vida del partido.<\/p>\n<p>En el sexenio de Fox los priistas manejaron muy bien su condici\u00f3n de opositores. Lograron sobrevivir.<\/p>\n<p>Los tricolores continuaron en su condici\u00f3n de opositores en el gobierno de Felipe Calder\u00f3n. No les fue tan mal.<\/p>\n<p>El priista Enrique Pe\u00f1a Nieto recuper\u00f3 el poder y sigui\u00f3 la pol\u00edtica sin cambios.<\/p>\n<p>Varios gobernadores se enriquecieron con el saqueo de los recursos p\u00fablicos. Los esc\u00e1ndalos de corrupci\u00f3n mancharon la imagen priista.<\/p>\n<p>En 2018, PRI, PAN, PRD y candidatos independientes quedaron noqueados. A partir de esa derrota, los partidos de oposici\u00f3n siguen representando una fuerza pol\u00edtica fuerte, s\u00f3lida, para enfrentar al gobierno morenista.<\/p>\n<p>Esto se reflej\u00f3 en las elecciones intermedias de 2021 y las registradas en junio pasado. En la mayor\u00eda de las entidades gobierna Morena.<\/p>\n<p>Al partido tricolor le queda una oportunidad para levantarse de la lona: las elecciones en el Estado de M\u00e9xico, el pr\u00f3ximo a\u00f1o.<\/p>\n<p>\u00bfEl PRI estar\u00e1 en condiciones de ganar el Edomex, ahora que libra una lucha interna, en la que dirigentes y exdirigentes priistas no se ponen de acuerdo? El principal obst\u00e1culo lo representa el presidente del partido y exgobernador de Campeche, Alejandro Moreno C\u00e1rdenas (a) \u201cAlito\u201d, quien es blanco de fuego amigo y amigo.<\/p>\n<p>A ra\u00edz de su p\u00e9sima pol\u00edtica que lo llev\u00f3 a perder las gubernaturas y de los ataques de la oposici\u00f3n, el exmandatario asumi\u00f3 una actitud de enfrentamientos con sus propios compa\u00f1eros y con la oposici\u00f3n.<\/p>\n<p>Crecieron los esc\u00e1ndalos derivados de audios de \u201cAlito\u201d que lo presentan como un pol\u00edtico sin escr\u00fapulos.<\/p>\n<p>Debido a esas grabaciones, la Fiscal\u00eda de Campeche lo investiga, entre otros delitos, por enriquecimiento inexplicable cuando fue gobernador.<\/p>\n<p>Moreno C\u00e1rdenas decidi\u00f3 enfrentar al gobierno obradorista y fue a Europa a quejarse de que es un perseguido pol\u00edtico. Se ignora si esa acci\u00f3n le resultar\u00e1 positiva.<\/p>\n<p>\u201cAlito\u201d fue convocado por ex dirigentes y ex gobernadores de su partido a que renuncie a la dirigencia. De plano les dijo que no se ir\u00e1 y que continuar\u00e1 hasta el pr\u00f3ximo mes de agosto.<\/p>\n<p>Y es en estos meses cuando tiene que conocerse oficialmente quien ser\u00e1 el aspirante priista que compita por la gubernatura.<\/p>\n<p>Se trata de una decisi\u00f3n muy importante porque ser\u00eda la \u00faltima oportunidad del PRI para empezar a salir del pantano en que se encuentra.<\/p>\n<p>El tema ser\u00e1 analizado en la alianza Va por M\u00e9xico para llegar a un acuerdo que fortalezca a la oposici\u00f3n. El PRI pugnar\u00e1 porque sea el candidato priista; lo mismo va a querer el PAN. El PRD no tiene problema; pues har\u00e1 lo que le ordenen.<\/p>\n<p>En orden de importancia, \u201cAlito\u201d tiene que resolver el conflicto interno, su pleito con el gobierno federal y tratar con mucho cuidado su participaci\u00f3n en la alianza con el PAN y el PRD.<\/p>\n<p>Los l\u00edderes de Va por M\u00e9xico manifestaron su apoyo a Moreno C\u00e1rdenas, a pesar de lo negativo que es mantener una alianza con el campechano que est\u00e1 en medio de esc\u00e1ndalos variados y de todos tama\u00f1os.<\/p>\n<p>\u00bfUsted qu\u00e9 opina amable lector?<\/p>\n<p><a href=\"mailto:aco2742@hotmail.com\" target=\"_blank\" rel=\"noopener noreferrer\"><em>aco2742@hotmail.com<\/em><\/a><\/p>\n","protected":false},"excerpt":{"rendered":"<p><span style=\"color: #005497;\"><strong>Augusto Corro<\/strong><\/span><\/p>\n","protected":false},"author":3,"featured_media":0,"comment_status":"open","ping_status":"open","sticky":false,"template":"","format":"standard","meta":{"_monsterinsights_skip_tracking":false,"_monsterinsights_sitenote_active":false,"_monsterinsights_sitenote_note":"","_monsterinsights_sitenote_category":0,"footnotes":""},"categories":[157],"tags":[43686,43674,11515],"class_list":["post-553505","post","type-post","status-publish","format-standard","hentry","category-augusto-corro","tag-augusto-corro","tag-opinion","tag-punto-por-punto"],"_links":{"self":[{"href":"https:\/\/www.diarioimagen.net\/index.php?rest_route=\/wp\/v2\/posts\/553505","targetHints":{"allow":["GET"]}}],"collection":[{"href":"https:\/\/www.diarioimagen.net\/index.php?rest_route=\/wp\/v2\/posts"}],"about":[{"href":"https:\/\/www.diarioimagen.net\/index.php?rest_route=\/wp\/v2\/types\/post"}],"author":[{"embeddable":true,"href":"https:\/\/www.diarioimagen.net\/index.php?rest_route=\/wp\/v2\/users\/3"}],"replies":[{"embeddable":true,"href":"https:\/\/www.diarioimagen.net\/index.php?rest_route=%2Fwp%2Fv2%2Fcomments&post=553505"}],"version-history":[{"count":0,"href":"https:\/\/www.diarioimagen.net\/index.php?rest_route=\/wp\/v2\/posts\/553505\/revisions"}],"wp:attachment":[{"href":"https:\/\/www.diarioimagen.net\/index.php?rest_route=%2Fwp%2Fv2%2Fmedia&parent=553505"}],"wp:term":[{"taxonomy":"category","embeddable":true,"href":"https:\/\/www.diarioimagen.net\/index.php?rest_route=%2Fwp%2Fv2%2Fcategories&post=553505"},{"taxonomy":"post_tag","embeddable":true,"href":"https:\/\/www.diarioimagen.net\/index.php?rest_route=%2Fwp%2Fv2%2Ftags&post=553505"}],"curies":[{"name":"wp","href":"https:\/\/api.w.org\/{rel}","templated":true}]}}