{"id":553509,"date":"2022-07-15T00:11:31","date_gmt":"2022-07-15T05:11:31","guid":{"rendered":"https:\/\/www.diarioimagen.net\/?p=553509"},"modified":"2022-07-19T04:18:13","modified_gmt":"2022-07-19T09:18:13","slug":"provincianismo-de-amlo","status":"publish","type":"post","link":"https:\/\/www.diarioimagen.net\/?p=553509","title":{"rendered":"Provincianismo de AMLO"},"content":{"rendered":"<h2>\u00cdndice pol\u00edtico<\/h2>\n<h5>Francisco Rodr\u00edguez<\/h5>\n<p>&nbsp;<\/p>\n<ul>\n<li><strong><em>Y de los medios de comunicaci\u00f3n<\/em><\/strong><\/li>\n<li><strong><em>EPN, Layda Sansores y Garc\u00eda Harfuch<\/em><\/strong><\/li>\n<\/ul>\n<p>&nbsp;<\/p>\n<p>No. No me refiero a quienes viven en las entidades de la Rep\u00fablica.<\/p>\n<p>Llamar provincia a los estados que componen nuestra Federaci\u00f3n siempre me ha parecido un desacierto y hasta un agravio, toda vez que la ra\u00edz etimol\u00f3gica de la palabreja es\u00a0<em>pro vincitore<\/em>, esto es: \u201ctierras dadas a los vencedores de guerras extranjeras\u201d.<\/p>\n<p>El provincianismo, en realidad, es una actitud mental de quienes solamente puede leer la realidad desde su particular estrechez de miras.<\/p>\n<p>Se trata de una mentalidad t\u00edpica de estos tiempos parad\u00f3jicos.<\/p>\n<p>Puedes, por ejemplo, pertenecer a esa \u00e9lite pol\u00edtico-cultural que conforman los <em>hipsters<\/em>\u00a0y comportarte como un provinciano de libro.<\/p>\n<p>Quiz\u00e1 esa sea la aut\u00e9ntica marca de identidad de este tipo de intelectualidad global.<\/p>\n<p>Pero el provincianismo, aunque se vista de universalidad, sigue siendo un planteamiento r\u00fastico e insulso.<\/p>\n<p>Y esta semana vimos a un\u00a0<strong>Andr\u00e9s Manuel L\u00f3pez Obrador<\/strong>\u00a0\u2014quien nos cobra a los pagaimpuestos por ser Presidente de la Rep\u00fablica\u2014 muy, pero muy provinciano.<\/p>\n<p>Tosco y hosco en un ambiente donde su lenguaje corporal expresaba sentirse fuera de lugar. Leyendo m\u00e1s lento que de costumbre. Siguiendo las l\u00edneas escritas con su dedo, como escolapio reci\u00e9n alfabetizado.<\/p>\n<p>Y lo peor: todo ese \u201coso\u201d para pr\u00e1cticamente nada.<\/p>\n<p>No le dieron las 300 mil visas de trabajo que su paisano\u00a0<strong>Ad\u00e1n Augusto L\u00f3pez <\/strong>hab\u00eda adelantado que obtendr\u00eda, pues no las otorga el Ejecutivo sino el Congreso.<\/p>\n<p>No consigui\u00f3 la libertad de\u00a0<strong>Julian Assange.<\/strong><\/p>\n<p>Y obvio: tampoco empez\u00f3 a demoler la estatua de La Libertad.<\/p>\n<p><strong>Antes que recibir, AMLO fue a dar<\/strong>.<\/p>\n<p>Como la proyecci\u00f3n de su imagen, una posici\u00f3n lastimosa.<\/p>\n<p>Porque fue a darles el doble de la dotaci\u00f3n de gasolina en la frontera norte para que m\u00e1s estadounidenses compren gasolina que subsidiamos los pagaimpuestos y, entre otras cosas, continuar\u00e1 utilizando a las Fuerzas Armadas como feroces e inhumanos agentes migratorios en la frontera sur, am\u00e9n de que se van a reforzar las garitas fronterizas con Estados Unidos para brindarles mayor seguridad a los gabachos y en lo cual se gastar\u00e1n 31 mil millones de pesos&#8230;<\/p>\n<p>Bien dicen que, en lugar de ir a Washington, AMLO fue a Dallas&#8230;<\/p>\n<p style=\"text-align: center;\"><strong><em>Teasers<\/em><\/strong><strong>\u00a0y primeras planas<\/strong><\/p>\n<p><strong>\u00a0<\/strong>Pero no s\u00f3lo L\u00f3pez Obrador se vio provinciano en estos d\u00edas. Tambi\u00e9n nuestros medios de comunicaci\u00f3n. Los formales, al menos.<\/p>\n<p>Fotograf\u00edas en primera plana.<\/p>\n<p>Salvo excepciones, un gran despliegue de notas informativas sobre lo que\u00a0<strong>no <\/strong>sucedi\u00f3 en la Casa Blanca.<\/p>\n<p>Lo mismo en la radio y en la televisi\u00f3n.<\/p>\n<p>Sus notas principales, bien ilustradas con im\u00e1genes muuuy seleccionadas, dedicadas a narrar la \u201cgesta heroica\u201d de quien cruz\u00f3 el Potomac sin siquiera mojarse.<\/p>\n<p>\u00a1No\u2019mbre! \u00a1Qu\u00e9 b\u00e1rbaro! \u00a1Dej\u00f3 pasmados a los pol\u00edticos de all\u00e1 del otro lado!<\/p>\n<p>Provincianismo puro contrastante con el silencio generalizado de los\u00a0<em>mass media gringous.<\/em><\/p>\n<p>Una actitud que se entend\u00eda durante el pripanato \u2014por los subsidios, por la publicidad, por los chayos\u2014, pero que resulta incongruente en una prensa que se asume independiente.<\/p>\n<p>A ver cuando lo consigue.<\/p>\n<p style=\"text-align: center;\"><strong>Indicios<\/strong><\/p>\n<p>Primero fue la prensa regiomontana. Lleg\u00f3 a lo que ahora es CDMX y refresc\u00f3 el acartonado estilo de hacer periodismo, aunque muy pronto fue absorbida por la inercia. Ahora es la prensa extranjera, particularmente el diario hispano\u00a0<em>El Pa\u00eds<\/em>\u00a0el que llega a dar lecciones de investigaci\u00f3n y publicaci\u00f3n de reportajes que aqu\u00ed tienen tiempo que no se llevan a cabo. La divulgaci\u00f3n de los audios en los que se escucha a\u00a0<strong>Emilio Lozoya Thalmann<\/strong>\u00a0negociar con personeros de la Fiscal\u00eda General de la Rep\u00fablica la gran farsa de la lucha contra la corrupci\u00f3n de este sexenio y el anuncio de la venta del departamento de lujo que en Madrid todav\u00eda tiene el ex presidente\u00a0<strong>Enrique Pe\u00f1a Nieto<\/strong>\u00a0son apenas dos ejemplos recientes. * * * Ac\u00e1, en cambio, la gran nota es la persecuci\u00f3n a\u00a0<strong>Raymundo Collins Flores<\/strong>\u00a0en Washington para intentar arrancarle \u00a1una declaraci\u00f3n! De eso est\u00e1n hechos los diarios y los noticieros: de boletines y de declaraciones. Nada m\u00e1s. * * * Y ahora es <strong>Layda Sansores<\/strong>, mandataria de Campeche, quien fue exhibida con la filtraci\u00f3n de sendos audios \u2014ambi\u00e9n obtenidos ilegalmente\u2014 de uno de sus sobrinos pidiendo un moche del 10% a constructores de un complejo de departamentos en lo que hoy es la alcald\u00eda \u00c1lvaro Obreg\u00f3n, y otro en el que ella misma llama \u201cmentecato&#8230; sin escr\u00fapulos&#8230; arrogante&#8230; y una tragedia\u201d para el pa\u00eds al presidente L\u00f3pez Obrador. Para tener la boca larga, hay que tener la cola corta, gobernadora. * * * Hace poco usted ley\u00f3 aqu\u00ed, sobre la exigencia de que AMLO cambie su estrategia de \u201cabrazos, no balazos\u201d frente a la delincuencia que \u201clo que se le demanda es la aprehensi\u00f3n de los delincuentes, como en su momento tambi\u00e9n se les exigi\u00f3 a sus antecesores. Y que, ya aprehendidos, se les someta a juicio. Y que si el juzgador los condena, que paguen en prisi\u00f3n por sus delitos. Eso es respetar y hacer respetar la ley.\u201d Pues bien. Eso fue lo que, con inteligencia \u2014de ambas\u2014 llev\u00f3 a cabo hace unos d\u00edas el secretario de Seguridad del gobierno de CDMX,\u00a0<strong>Omar Garc\u00eda Harfuch<\/strong>, en la alcald\u00eda Tlalpan que, parad\u00f3jicamente, Claudia Sheinbaum dej\u00f3 en manos de las bandas criminales hasta que llegaron elementos del C\u00e1rtel de Sinaloa a querer desbancarlos. De raza le viene al galgo, don Omar. Da gusto contar tambi\u00e9n lo bueno. * * * Y por hoy es todo. Le agradezco la lectura de este texto y le deseo, como siempre, un feliz fin de semana, \u00a1buenas gracias y muchos, muchos d\u00edas!<\/p>\n<p><em><u><a href=\"http:\/\/www.indicepolitico.com\" target=\"_blank\" rel=\"noopener noreferrer\">www.indicepolitico.com<\/a><\/u><u><br \/>\n<\/u><a href=\"mailto:indicepolitico@gmail.com\" target=\"_blank\" rel=\"noopener noreferrer\">indicepolitico@gmail.com<\/a><\/em><br \/>\n<em><a href=\"https:\/\/twitter.com\/indicepolitico?lang=es\" target=\"_blank\" rel=\"noopener noreferrer\">@IndicePolitico<\/a><\/em><br \/>\n<em><u><a href=\"https:\/\/twitter.com\/pacorodriguez\" target=\"_blank\" rel=\"noopener noreferrer\">@pacorodriguez<\/a><\/u><\/em><\/p>\n","protected":false},"excerpt":{"rendered":"<p><span style=\"color: #005497;\"><strong>Francisco Rodr\u00edguez<\/strong><\/span><\/p>\n","protected":false},"author":3,"featured_media":0,"comment_status":"open","ping_status":"open","sticky":false,"template":"","format":"standard","meta":{"_monsterinsights_skip_tracking":false,"_monsterinsights_sitenote_active":false,"_monsterinsights_sitenote_note":"","_monsterinsights_sitenote_category":0,"footnotes":""},"categories":[549],"tags":[43689,550,43674],"class_list":["post-553509","post","type-post","status-publish","format-standard","hentry","category-francisco-rodriguez","tag-francisco-rodriguez","tag-indice-politico","tag-opinion"],"_links":{"self":[{"href":"https:\/\/www.diarioimagen.net\/index.php?rest_route=\/wp\/v2\/posts\/553509","targetHints":{"allow":["GET"]}}],"collection":[{"href":"https:\/\/www.diarioimagen.net\/index.php?rest_route=\/wp\/v2\/posts"}],"about":[{"href":"https:\/\/www.diarioimagen.net\/index.php?rest_route=\/wp\/v2\/types\/post"}],"author":[{"embeddable":true,"href":"https:\/\/www.diarioimagen.net\/index.php?rest_route=\/wp\/v2\/users\/3"}],"replies":[{"embeddable":true,"href":"https:\/\/www.diarioimagen.net\/index.php?rest_route=%2Fwp%2Fv2%2Fcomments&post=553509"}],"version-history":[{"count":0,"href":"https:\/\/www.diarioimagen.net\/index.php?rest_route=\/wp\/v2\/posts\/553509\/revisions"}],"wp:attachment":[{"href":"https:\/\/www.diarioimagen.net\/index.php?rest_route=%2Fwp%2Fv2%2Fmedia&parent=553509"}],"wp:term":[{"taxonomy":"category","embeddable":true,"href":"https:\/\/www.diarioimagen.net\/index.php?rest_route=%2Fwp%2Fv2%2Fcategories&post=553509"},{"taxonomy":"post_tag","embeddable":true,"href":"https:\/\/www.diarioimagen.net\/index.php?rest_route=%2Fwp%2Fv2%2Ftags&post=553509"}],"curies":[{"name":"wp","href":"https:\/\/api.w.org\/{rel}","templated":true}]}}