{"id":553594,"date":"2022-07-18T00:05:13","date_gmt":"2022-07-18T05:05:13","guid":{"rendered":"https:\/\/www.diarioimagen.net\/?p=553594"},"modified":"2022-07-19T03:47:00","modified_gmt":"2022-07-19T08:47:00","slug":"continua-crecimiento-de-infraestructura-de-la-uaemex","status":"publish","type":"post","link":"https:\/\/www.diarioimagen.net\/?p=553594","title":{"rendered":"Contin\u00faa crecimiento de infraestructura de la UAEM\u00e9x"},"content":{"rendered":"<p>&nbsp;<\/p>\n<ul>\n<li><em><strong>El rector Carlos Eduardo Barrera D\u00edaz coloc\u00f3, en el Campus \u201cEl Rosedal\u201d, la primera piedra de la construcci\u00f3n de la segunda etapa del Laboratorio de Materiales y aulas\/laboratorio de la Facultad de Ingenier\u00eda<\/strong><\/em><\/li>\n<\/ul>\n<p>&nbsp;<\/p>\n<div id=\"attachment_553704\" style=\"width: 470px\" class=\"wp-caption aligncenter\"><a href=\"https:\/\/www.diarioimagen.net\/?attachment_id=553704\" rel=\"attachment wp-att-553704\"><img loading=\"lazy\" decoding=\"async\" aria-describedby=\"caption-attachment-553704\" class=\"size-full wp-image-553704\" src=\"https:\/\/www.diarioimagen.net\/wp-content\/uploads\/2022\/07\/uaem2-5.jpg\" alt=\"\" width=\"460\" height=\"270\" \/><\/a><p id=\"caption-attachment-553704\" class=\"wp-caption-text\">Con una superficie de construcci\u00f3n de 928 metros cuadrados, la segunda etapa del Laboratorio de Materiales y aulas\/laboratorio de la Facultad de Ingenier\u00eda.<\/p><\/div>\n<p>&nbsp;<\/p>\n<p><strong>Toluca, Estado de M\u00e9xico<\/strong>.\u2014 En beneficio de dos mil 700 estudiantes, el rector de la Universidad Aut\u00f3noma del Estado de M\u00e9xico (UAEM\u00e9x), Carlos Eduardo Barrera D\u00edaz, coloc\u00f3, en el Campus \u201cEl Rosedal\u201d, la primera piedra de la construcci\u00f3n de la segunda etapa del Laboratorio de Materiales y aulas\/laboratorio de la Facultad de Ingenier\u00eda, que tendr\u00e1 una inversi\u00f3n de casi 20 millones de pesos, provenientes del Fondo de Aportaciones M\u00faltiples (FAM) 2022.<\/p>\n<p>Acompa\u00f1ado del encargado del despacho de la direcci\u00f3n de la Facultad de Ingenier\u00eda, Germ\u00e1n Garc\u00eda Ben\u00edtez, el rector conoci\u00f3 detalles de este proyecto, que deber\u00e1 concluirse el pr\u00f3ximo 31 de diciembre.<\/p>\n<p>La secretaria de Administraci\u00f3n de la UAEM\u00e9x, Er\u00e9ndira Fierro Moreno, subray\u00f3 que la Administraci\u00f3n 2021-2025 de esta casa de estudios pone especial atenci\u00f3n en la eficiencia y transparencia en el ejercicio de los recursos, por lo que en el proceso de adjudicaci\u00f3n de esta obra participaron integrantes de la comunidad de la Facultad de Ingenier\u00eda.<\/p>\n<p>Con una superficie de construcci\u00f3n de 928 metros cuadrados, la segunda etapa del Laboratorio de Materiales y aulas\/laboratorio de la Facultad de Ingenier\u00eda consiste en un \u00e1rea de recepci\u00f3n de muestras, dos aulas, cuatro aulas\/laboratorio y cuarto de m\u00e1quinas, adem\u00e1s de la obra exterior.<\/p>\n","protected":false},"excerpt":{"rendered":"<p>En beneficio de dos mil 700 estudiantes, el rector de la Universidad Aut\u00f3noma del Estado de M\u00e9xico (UAEM\u00e9x), Carlos Eduardo Barrera D\u00edaz, coloc\u00f3, en el Campus \u201cEl Rosedal\u201d, la primera piedra de la construcci\u00f3n de la segunda etapa del Laboratorio de Materiales y aulas\/laboratorio de la Facultad de Ingenier\u00eda, que tendr\u00e1 una inversi\u00f3n de casi 20 millones de pesos, provenientes del Fondo de Aportaciones M\u00faltiples (FAM) 2022.<\/p>\n","protected":false},"author":3,"featured_media":553704,"comment_status":"open","ping_status":"open","sticky":false,"template":"","format":"standard","meta":{"_monsterinsights_skip_tracking":false,"_monsterinsights_sitenote_active":false,"_monsterinsights_sitenote_note":"","_monsterinsights_sitenote_category":0,"footnotes":""},"categories":[5],"tags":[92667,43675,452],"class_list":["post-553594","post","type-post","status-publish","format-standard","has-post-thumbnail","hentry","category-estado-de-mexico","tag-carlos-eduardo-barrera-diaz","tag-estado-de-mexico","tag-toluca"],"_links":{"self":[{"href":"https:\/\/www.diarioimagen.net\/index.php?rest_route=\/wp\/v2\/posts\/553594","targetHints":{"allow":["GET"]}}],"collection":[{"href":"https:\/\/www.diarioimagen.net\/index.php?rest_route=\/wp\/v2\/posts"}],"about":[{"href":"https:\/\/www.diarioimagen.net\/index.php?rest_route=\/wp\/v2\/types\/post"}],"author":[{"embeddable":true,"href":"https:\/\/www.diarioimagen.net\/index.php?rest_route=\/wp\/v2\/users\/3"}],"replies":[{"embeddable":true,"href":"https:\/\/www.diarioimagen.net\/index.php?rest_route=%2Fwp%2Fv2%2Fcomments&post=553594"}],"version-history":[{"count":0,"href":"https:\/\/www.diarioimagen.net\/index.php?rest_route=\/wp\/v2\/posts\/553594\/revisions"}],"wp:featuredmedia":[{"embeddable":true,"href":"https:\/\/www.diarioimagen.net\/index.php?rest_route=\/wp\/v2\/media\/553704"}],"wp:attachment":[{"href":"https:\/\/www.diarioimagen.net\/index.php?rest_route=%2Fwp%2Fv2%2Fmedia&parent=553594"}],"wp:term":[{"taxonomy":"category","embeddable":true,"href":"https:\/\/www.diarioimagen.net\/index.php?rest_route=%2Fwp%2Fv2%2Fcategories&post=553594"},{"taxonomy":"post_tag","embeddable":true,"href":"https:\/\/www.diarioimagen.net\/index.php?rest_route=%2Fwp%2Fv2%2Ftags&post=553594"}],"curies":[{"name":"wp","href":"https:\/\/api.w.org\/{rel}","templated":true}]}}