{"id":553596,"date":"2022-07-18T00:06:33","date_gmt":"2022-07-18T05:06:33","guid":{"rendered":"https:\/\/www.diarioimagen.net\/?p=553596"},"modified":"2022-07-19T03:46:32","modified_gmt":"2022-07-19T08:46:32","slug":"arranco-campana-universitaria-de-reforestacion-2022-comunidad-auriverde-plantara-30-mil-arboles","status":"publish","type":"post","link":"https:\/\/www.diarioimagen.net\/?p=553596","title":{"rendered":"Arranc\u00f3 Campa\u00f1a Universitaria de Reforestaci\u00f3n 2022; comunidad auriverde plantar\u00e1 30 mil \u00e1rboles"},"content":{"rendered":"<p>&nbsp;<\/p>\n<div id=\"attachment_553706\" style=\"width: 470px\" class=\"wp-caption aligncenter\"><a href=\"https:\/\/www.diarioimagen.net\/?attachment_id=553706\" rel=\"attachment wp-att-553706\"><img loading=\"lazy\" decoding=\"async\" aria-describedby=\"caption-attachment-553706\" class=\"size-full wp-image-553706\" src=\"https:\/\/www.diarioimagen.net\/wp-content\/uploads\/2022\/07\/uaem-10.jpg\" alt=\"\" width=\"460\" height=\"270\" \/><\/a><p id=\"caption-attachment-553706\" class=\"wp-caption-text\">El rector Carlos Eduardo Barrera D\u00edaz encabez\u00f3 el inicio de esta jornada en instalaciones del Campus \u201cEl Cerrillo\u201d, donde firm\u00f3 un convenio de colaboraci\u00f3n con la encargada del despacho de la Direcci\u00f3n General de Probosque, Alejandra Contreras Malv\u00e1ez<\/p><\/div>\n<p>&nbsp;<\/p>\n<p><strong>T<\/strong><strong>oluca, Estado de M\u00e9xico.\u2014<\/strong> En el marco del D\u00eda del \u00c1rbol en M\u00e9xico, en instalaciones del Campus \u201cEl Cerrillo\u201d, el rector de la Universidad Aut\u00f3noma del Estado de M\u00e9xico, Carlos Eduardo Barrera D\u00edaz, encabez\u00f3 el inicio de la Campa\u00f1a Universitaria de Reforestaci\u00f3n 2022, durante la cual la comunidad universitaria plantar\u00e1 un total de 30 mil \u00e1rboles.<\/p>\n<p>Luego de firmar un convenio de colaboraci\u00f3n con la encargada del despacho de la Direcci\u00f3n General de la Protectora de Bosques del Estado de M\u00e9xico (Probosque), Alejandra Contreras Malv\u00e1ez, el rector dio inicio a esta jornada ecol\u00f3gica en las inmediaciones del Bordo \u201cLas Maravillas\u201d.<\/p>\n<p>Antes, en la Facultad de Medicina Veterinaria y Zootecnia, el secretario de Rector\u00eda de la Instituci\u00f3n, Marco Aurelio Cienfuegos Terr\u00f3n, afirm\u00f3 que \u201clas y los universitarios son conscientes de que del cuidado de los recursos naturales depende que ma\u00f1ana sigamos teniendo agua limpia, aire puro, tierra f\u00e9rtil, bosque y selvas vivos\u201d.<\/p>\n<p>La UAEM\u00e9x, abund\u00f3, cuenta en su historia con un gran compromiso a favor del cuidado del medio ambiente y las jornadas anuales de reforestaci\u00f3n se han convertido en una de sus principales acciones, sobre todo, ahora que el rector Barrera D\u00edaz se ha planteado como objetivo central hacer de la instituci\u00f3n una Universidad Verde, comprometida con el cumplimiento de los Objetivos de Desarrollo Sostenible (ODS).<\/p>\n<p>La plantaci\u00f3n de 30 mil \u00e1rboles forestales coadyuvar\u00e1 al cumplimiento de uno de los objetivos planteado en el Plan Rector de Desarrollo Institucional 2021-2025, relativo a generar la acci\u00f3n participativa y colaborativa de la comunidad universitaria en materia de cuidado responsable del medio ambiente.<\/p>\n<p>Respecto a la firma del convenio de colaboraci\u00f3n con Probosque, Contreras Malv\u00e1ez asever\u00f3 que permitir\u00e1 establecer bases y mecanismos para conjuntar esfuerzos que deriven en la formaci\u00f3n y capacitaci\u00f3n de profesionistas con la visi\u00f3n sustentable que beneficia a \u00e9sta y las futuras generaciones para llevar a cabo proyectos espec\u00edficos de investigaci\u00f3n cient\u00edfica y tecnol\u00f3gica, as\u00ed como divulgar y dar a conocer invaluable informaci\u00f3n en materia agropecuaria y forestal que permita tomar decisiones estrat\u00e9gicas a favor de nuestra entidad y el medio ambiente.<\/p>\n<p>El instrumento de colaboraci\u00f3n, puntualiz\u00f3, permitir\u00e1 brindar el apoyo puntual y oportuno a los estudiantes, servidores p\u00fablicos del organismo y productores, impulsando el manejo de los bosques y selvas, a trav\u00e9s de este trabajo y esfuerzo orientado al desarrollo forestal sustentable del Estado de M\u00e9xico.<\/p>\n<p>Cabe destacar que acompa\u00f1ado de la directora de la Facultad de Medicina Veterinaria y Zootecnia, Trinidad Beltr\u00e1n Le\u00f3n; el director de Protecci\u00f3n al Ambiente de la instituci\u00f3n, Ra\u00fal Vera Noguez, y la integrante de iniciativa SDG Students Hub UAEM\u00e9x, Karla Eugenia Nolasco Ayala, el rector Carlos Eduardo Barrera D\u00edaz y Alejandra Contreras Malv\u00e1ez plantaron, en instalaciones de dicha facultad, el \u00c1rbol de \u201cLa Mora\u201d, s\u00edmbolo universitario.<\/p>\n","protected":false},"excerpt":{"rendered":"<p>En el marco del D\u00eda del \u00c1rbol en M\u00e9xico, en instalaciones del Campus \u201cEl Cerrillo\u201d, el rector de la Universidad Aut\u00f3noma del Estado de M\u00e9xico, Carlos Eduardo Barrera D\u00edaz, encabez\u00f3 el inicio de la Campa\u00f1a Universitaria de Reforestaci\u00f3n 2022, durante la cual la comunidad universitaria plantar\u00e1 un total de 30 mil \u00e1rboles.<\/p>\n","protected":false},"author":3,"featured_media":553706,"comment_status":"open","ping_status":"open","sticky":false,"template":"","format":"standard","meta":{"_monsterinsights_skip_tracking":false,"_monsterinsights_sitenote_active":false,"_monsterinsights_sitenote_note":"","_monsterinsights_sitenote_category":0,"footnotes":""},"categories":[5],"tags":[95984,92667,54813],"class_list":["post-553596","post","type-post","status-publish","format-standard","has-post-thumbnail","hentry","category-estado-de-mexico","tag-auriverde","tag-carlos-eduardo-barrera-diaz","tag-comunidad"],"_links":{"self":[{"href":"https:\/\/www.diarioimagen.net\/index.php?rest_route=\/wp\/v2\/posts\/553596","targetHints":{"allow":["GET"]}}],"collection":[{"href":"https:\/\/www.diarioimagen.net\/index.php?rest_route=\/wp\/v2\/posts"}],"about":[{"href":"https:\/\/www.diarioimagen.net\/index.php?rest_route=\/wp\/v2\/types\/post"}],"author":[{"embeddable":true,"href":"https:\/\/www.diarioimagen.net\/index.php?rest_route=\/wp\/v2\/users\/3"}],"replies":[{"embeddable":true,"href":"https:\/\/www.diarioimagen.net\/index.php?rest_route=%2Fwp%2Fv2%2Fcomments&post=553596"}],"version-history":[{"count":0,"href":"https:\/\/www.diarioimagen.net\/index.php?rest_route=\/wp\/v2\/posts\/553596\/revisions"}],"wp:featuredmedia":[{"embeddable":true,"href":"https:\/\/www.diarioimagen.net\/index.php?rest_route=\/wp\/v2\/media\/553706"}],"wp:attachment":[{"href":"https:\/\/www.diarioimagen.net\/index.php?rest_route=%2Fwp%2Fv2%2Fmedia&parent=553596"}],"wp:term":[{"taxonomy":"category","embeddable":true,"href":"https:\/\/www.diarioimagen.net\/index.php?rest_route=%2Fwp%2Fv2%2Fcategories&post=553596"},{"taxonomy":"post_tag","embeddable":true,"href":"https:\/\/www.diarioimagen.net\/index.php?rest_route=%2Fwp%2Fv2%2Ftags&post=553596"}],"curies":[{"name":"wp","href":"https:\/\/api.w.org\/{rel}","templated":true}]}}