{"id":553616,"date":"2022-07-18T00:04:26","date_gmt":"2022-07-18T05:04:26","guid":{"rendered":"https:\/\/www.diarioimagen.net\/?p=553616"},"modified":"2022-07-18T06:57:49","modified_gmt":"2022-07-18T11:57:49","slug":"para-fomentar-juventudes-sanas-firma-tlalnepantla-convenio-con-asociacion","status":"publish","type":"post","link":"https:\/\/www.diarioimagen.net\/?p=553616","title":{"rendered":"Para fomentar juventudes sanas, firma Tlalnepantla convenio con asociaci\u00f3n"},"content":{"rendered":"<p>&nbsp;<\/p>\n<p><a href=\"https:\/\/www.diarioimagen.net\/?attachment_id=553734\" rel=\"attachment wp-att-553734\"><img loading=\"lazy\" decoding=\"async\" class=\"aligncenter size-full wp-image-553734\" src=\"https:\/\/www.diarioimagen.net\/wp-content\/uploads\/2022\/07\/BAENA4-7.jpg\" alt=\"\" width=\"460\" height=\"270\" \/><\/a><\/p>\n<p>&nbsp;<\/p>\n<p><strong>Tlalnepantla, Estado de M\u00e9xico.\u2014 <\/strong>Con el objetivo de crear una alianza que coadyuve en la generaci\u00f3n de juventudes sanas, activas y propositivas, el Ayuntamiento de Tlalnepantla firm\u00f3 un convenio de colaboraci\u00f3n con la Asociaci\u00f3n de Scouts de M\u00e9xico, Asociaci\u00f3n Civil \u201cLa ASMAC\u201d, acuerdo que permitir\u00e1 emprender acciones conjuntas para el beneficio social y as\u00ed procurar un territorio de paz.<\/p>\n<p>Al firmar dicho convenio, el alcalde Marco Antonio Rodr\u00edguez Hurtado, insisti\u00f3 en la necesidad de sumar esfuerzos, tanto gobierno, en sus tres niveles, como sociedad civil, pues solo as\u00ed se lograr\u00e1 avanzar en la recuperaci\u00f3n de valores y combatir problemas sociales que se agudizaron durante la pandemia.<\/p>\n","protected":false},"excerpt":{"rendered":"<p>Con el objetivo de crear una alianza que coadyuve en la generaci\u00f3n de juventudes sanas, activas y propositivas, el Ayuntamiento de Tlalnepantla firm\u00f3 un convenio de colaboraci\u00f3n con la Asociaci\u00f3n de Scouts de M\u00e9xico, Asociaci\u00f3n Civil \u201cLa ASMAC\u201d, acuerdo que permitir\u00e1 emprender acciones conjuntas para el beneficio social y as\u00ed procurar un territorio de paz.<\/p>\n","protected":false},"author":3,"featured_media":553734,"comment_status":"open","ping_status":"open","sticky":false,"template":"","format":"standard","meta":{"_monsterinsights_skip_tracking":false,"_monsterinsights_sitenote_active":false,"_monsterinsights_sitenote_note":"","_monsterinsights_sitenote_category":0,"footnotes":""},"categories":[5],"tags":[95215,43675,169],"class_list":["post-553616","post","type-post","status-publish","format-standard","has-post-thumbnail","hentry","category-estado-de-mexico","tag-asociacion","tag-estado-de-mexico","tag-tlalnepantla"],"_links":{"self":[{"href":"https:\/\/www.diarioimagen.net\/index.php?rest_route=\/wp\/v2\/posts\/553616","targetHints":{"allow":["GET"]}}],"collection":[{"href":"https:\/\/www.diarioimagen.net\/index.php?rest_route=\/wp\/v2\/posts"}],"about":[{"href":"https:\/\/www.diarioimagen.net\/index.php?rest_route=\/wp\/v2\/types\/post"}],"author":[{"embeddable":true,"href":"https:\/\/www.diarioimagen.net\/index.php?rest_route=\/wp\/v2\/users\/3"}],"replies":[{"embeddable":true,"href":"https:\/\/www.diarioimagen.net\/index.php?rest_route=%2Fwp%2Fv2%2Fcomments&post=553616"}],"version-history":[{"count":0,"href":"https:\/\/www.diarioimagen.net\/index.php?rest_route=\/wp\/v2\/posts\/553616\/revisions"}],"wp:featuredmedia":[{"embeddable":true,"href":"https:\/\/www.diarioimagen.net\/index.php?rest_route=\/wp\/v2\/media\/553734"}],"wp:attachment":[{"href":"https:\/\/www.diarioimagen.net\/index.php?rest_route=%2Fwp%2Fv2%2Fmedia&parent=553616"}],"wp:term":[{"taxonomy":"category","embeddable":true,"href":"https:\/\/www.diarioimagen.net\/index.php?rest_route=%2Fwp%2Fv2%2Fcategories&post=553616"},{"taxonomy":"post_tag","embeddable":true,"href":"https:\/\/www.diarioimagen.net\/index.php?rest_route=%2Fwp%2Fv2%2Ftags&post=553616"}],"curies":[{"name":"wp","href":"https:\/\/api.w.org\/{rel}","templated":true}]}}