{"id":553639,"date":"2022-07-18T00:01:07","date_gmt":"2022-07-18T05:01:07","guid":{"rendered":"https:\/\/www.diarioimagen.net\/?p=553639"},"modified":"2022-07-18T07:10:50","modified_gmt":"2022-07-18T12:10:50","slug":"nayarit-capital-americana-de-la-cultura-2024","status":"publish","type":"post","link":"https:\/\/www.diarioimagen.net\/?p=553639","title":{"rendered":"Nayarit, Capital Americana de la Cultura 2024"},"content":{"rendered":"<h2>De cinco estrellas<\/h2>\n<h5>Victoria Gonz\u00e1lez Prado<\/h5>\n<p>&nbsp;<\/p>\n<ul>\n<li><em><strong>Inaugura Viva Aerobus ruta diaria a Canc\u00fan desde el AIFA \u00a0\u00a0<\/strong><\/em><\/li>\n<li><em><strong>Oaxaca encabeza la lista de las 25 Mejores Ciudades del Mundo<\/strong><\/em><\/li>\n<li><em><strong>Termatalia 29 y 30 de septiembre en Ourense, Espa\u00f1a\u00a0<\/strong><\/em><\/li>\n<\/ul>\n<p>&nbsp;<\/p>\n<div id=\"attachment_553742\" style=\"width: 470px\" class=\"wp-caption aligncenter\"><a href=\"https:\/\/www.diarioimagen.net\/?attachment_id=553742\" rel=\"attachment wp-att-553742\"><img loading=\"lazy\" decoding=\"async\" aria-describedby=\"caption-attachment-553742\" class=\"size-full wp-image-553742\" src=\"https:\/\/www.diarioimagen.net\/wp-content\/uploads\/2022\/07\/turismo-7.jpg\" alt=\"\" width=\"460\" height=\"191\" \/><\/a><p id=\"caption-attachment-553742\" class=\"wp-caption-text\">Los ojos del mundo estar\u00e1n puestos en Nayarit.<\/p><\/div>\n<p>&nbsp;<\/p>\n<p>El estado de Nayarit fue elegido elegido Capital Americana de la Cultura 2024 anunci\u00f3 el presidente del Bureau Internacional de Capitales Culturales, <strong>Xavier Tudela<\/strong>. Tres motivos diferentes hacen que Nayarit se convierta en cap\u00edtal cultural: calidad del proyecto de candidatura, consenso institucional y ciudadano y por querer hacer de la Capitalidad Cultural instrumento de suma, cohesi\u00f3n e inclusi\u00f3n social y elemento de desarrollo econ\u00f3mico.<\/p>\n<p>A lo largo de 2024, Nayarit ofrecer\u00e1 a sus habitantes y visitantes, interesante y diversa agenda cultural, resaltando la riqueza hist\u00f3rica y el acervo cultural de esta regi\u00f3n del occidente del pa\u00eds y, gracias a su elecci\u00f3n tendr\u00e1 gran promoci\u00f3n y estar\u00e1 en los ojos del mundo.<\/p>\n<p>Cabe destacar que la Capital Americana de la Cultura (www.cac-acc.org), tiene como objetivo promover la integraci\u00f3n interamericana desde el \u00e1mbito cultural, contribuir a mejorar el conocimiento entre los pueblos del continente americano, respetando su diversidad nacional y regional, poniendo de relieve el patrimonio cultural com\u00fan.<\/p>\n<p>\u2730\u2730\u2730\u2730\u2730 La aerol\u00ednea de bajo costo, Viva Aerobus inaugur\u00f3, el viernes pasado, su nueva ruta desde el Aeropuerto Internacional Felipe \u00c1ngeles (AIFA) a Canc\u00fan.<\/p>\n<p>El primer vuelo de esta ruta despeg\u00f3 de Canc\u00fan a las 13:05 y aterriz\u00f3 en la capital del pa\u00eds a las 15:25 horas. A las 16:30, parti\u00f3 de la Ciudad de M\u00e9xico (AIFA) al caribe mexicano, y lleg\u00f3 a su destino a las 18:55 horas.<\/p>\n<p>AIFA \u2013 Canc\u00fan\u00a0 ofrece un vuelo diario con precios desde 315 pesos en viaje sencillo, m\u00e1s el pago de la Tarifa de Uso Aeroportuario (TUA) y permite a los pasajeros volar en la flota m\u00e1s moderna de M\u00e9xico y la tercera m\u00e1s joven de toda Norteam\u00e9rica, con edad promedio de cinco a\u00f1os.<\/p>\n<p>Viva Aerobus ha inaugurado tres rutas desde\/hacia el AIFA con destino a Monterrey, Guadalajara y, ahora, Canc\u00fan. Pr\u00f3ximamente, en septiembre, la aerol\u00ednea tambi\u00e9n iniciar\u00e1 operaciones a Acapulco, Puerto Escondido y Oaxaca.<\/p>\n<p>La aerolinea recuerda que, para comodidad de los viajeros, ofrece el \u2019Viva Bus\u2019, servicio exclusivo para sus pasajeros que los lleva del AIFA a la Terminal Central de Autobuses del Norte de la Ciudad M\u00e9xico o viceversa, por tan s\u00f3lo 75 pesos.<\/p>\n<p><strong>Juan Carlos Zuazua<\/strong>, director general de la compa\u00f1\u00eca a\u00e9rea dijo: \u201cseguimos trabajando para que m\u00e1s personas puedan volar con seguridad, confiabilidad, en aviones modernos y a precios bajos desde una mayor variedad de destinos y as\u00ed poder satisfacer las necesidades y preferencias de todo tipo de viajeros. Tanto el caribe mexicano como el Valle de M\u00e9xico son regiones clave dentro del mercado a\u00e9reo nacional y con esta nueva ruta diversificamos las opciones de vuelo para comodidad de los pasajeros\u201d.<\/p>\n<p>\u2730\u2730\u2730\u2730\u2730 La ciudad de Oaxaca encabeza la lista de las 25 Mejores Ciudades del Mundo de los <em>World\u2019s Best Awards,<\/em> de la revista <em>Travel + Leisure<\/em> premios que reconocen a lo mejor del sector de los viajes en el mundo.<\/p>\n<p>La revista se\u00f1al\u00f3 que, la capital del estado es \u201cdestino gastron\u00f3mico de ensue\u00f1o, especialmente para amantes del mole y el mezcal\u201d; \u00a0y numerosos lectores se manifestaron entusiasmados por la arquitectura, mercados artesanales, museos, calles, caf\u00e9s, restaurantes y la amabilidad de los oaxaque\u00f1os.<\/p>\n<p>Oaxaca tuvo \u201cverdadero regreso a la lista, que se dispar\u00f3 desde el puesto n\u00famero ocho del a\u00f1o pasado, para alcanzar la clasificaci\u00f3n m\u00e1s alta en este 2022\u201d. Le siigue en el puesto dos San Miguel de Allende (Guanajuato) y Ubud (Indonesia) en la tercera posici\u00f3n; Florencia (Italia) cuarto lugar y Estambul (Turqu\u00eda) quinto lugar.<\/p>\n<p>Cada a\u00f1o, la encuesta de los <em>World\u2019s Best Awards,<\/em> convoca a los lectores a evaluar las experiencias de viaje y compartir sus opiniones sobre diferentes ciudades de todo el mundo; estas fueron votadas por su gastronom\u00eda, amabilidad, hoteles, patrimonio cultural, principales atracciones y protocolos Covid-19.<\/p>\n<p>La votaci\u00f3n, se llev\u00f3 a cabo del 25 de octubre del 2021 al 28 de febrero del 2022, los editores de la revista y empresa de investigaci\u00f3n, determinan puntaje para cada ciudad, y se seleccionan a las 25 que conforman la lista. Con \u00a0puntuaci\u00f3n de 92.96, la ciudad de Oaxaca, es la n\u00famero uno de las ciudades favoritas para los viajeros en todo el mundo.<\/p>\n<p>\u2730\u2730\u2730\u2730\u2730 Para los amantes del bienestar,\u00a0 despu\u00e9s de tres\u00a0 a\u00f1os sin celebrarse la 20\u00aa edici\u00f3n de Termatalia (Feria Internacional de Turismo Termal, Salud y Bienestar), se llevar\u00e1 a cabo en Ourense, Espa\u00f1a del 27 de septiembre \u00a0el de 2 de octubre.<\/p>\n<p>La programaci\u00f3n se completa con otras dos citas. Por un lado, el Congreso Internacional de Turismo Termal (del 27 al 29 de septiembre), organizado por la Asociaci\u00f3n Europea de Ciudades Hist\u00f3ricas Termales (EHTTA) y la Diputaci\u00f3n Provincial de Ourense bajo el amparo de la Organizaci\u00f3n Mundial de Turismo (OMT).<\/p>\n<p>Tambi\u00e9n, tendr\u00e1 lugar el XXI Congreso Nacional de la Sociedad Espa\u00f1ola e Hidrolog\u00eda M\u00e9dica, en el Balneario de Laias Caldaria los d\u00edas 1 y 2 de octubre, contar\u00e1 con jornada previa en Termatalia 30 de septiembre en la que participar\u00e1n los principales representantes mundiales de la Medicina Termal.<\/p>\n<p>Es importante destacar que esta ser\u00e1 la primera edici\u00f3n celebrada con AVE, la conexi\u00f3n de Alta Velocidad, que sit\u00faa a Ourense, a tan solo dos horas 15 minutos de Madrid, ciudad conectada con 66 pa\u00edses. Esta conectividad atraer\u00e1 sin duda a mayor n\u00famero de expositores y \u00a0visitantes y contribuir\u00e1 al posicionamiento del termalismo gallego como gran alternativa de salud y ocio.<\/p>\n<p>Por otra parte, Termatalia 2022 se celebra en fecha muy especial para Galicia, comunidad que contin\u00faa celebrando el doble A\u00f1o Santo Xacobeo 2021-2022: La feria internacional quiere aprovechar esta coyuntura como nuevo atractivo que ofrecer a expositores y visitantes internacionales la oportunidad de visitar Santiago de Compostela y ganar el Jubileo.<\/p>\n<p>Y despu\u00e9s de tres a\u00f1os sin celebrarse como feria, Termatalia 2022 recupera el <strong>\u201ccapital relacional\u201d<\/strong> que supone cada a\u00f1o la celebraci\u00f3n de la feria, ya sea en Ourense o en Am\u00e9rica Latina. Se trata de cita que re\u00fane a profesionales de m\u00e1s de 30 pa\u00edses y\u00a0 es lugar de encuentro de la familia termal internacional.<\/p>\n<p>&nbsp;<\/p>\n<blockquote>\n<p style=\"text-align: right;\">\u201c<strong>El<\/strong> <strong>\u00e1ngel de la fama tiene sus alas hechas de papel&#8230; peri\u00f3dico\u201d.<br \/>\n<\/strong><\/p>\n<\/blockquote>\n<p>&nbsp;<\/p>\n<p><em><span class=\"Apple-converted-space\"><a href=\"mailto:victoriagprado@gmail.com\" target=\"_blank\" rel=\"noopener noreferrer\">victoriagprado@gmail.com<\/a><br \/>\nTwitter: <a href=\"https:\/\/twitter.com\/victoriagprado\" target=\"_blank\" rel=\"noopener noreferrer\">@victoriagprado<\/a><\/span><\/em><\/p>\n","protected":false},"excerpt":{"rendered":"<p>El estado de Nayarit fue elegido elegido Capital Americana de la Cultura 2024 anunci\u00f3 el presidente del Bureau Internacional de Capitales Culturales, Xavier Tudela. Tres motivos diferentes hacen que Nayarit se convierta en cap\u00edtal cultural: calidad del proyecto de candidatura, consenso institucional y ciudadano y por querer hacer de la Capitalidad Cultural instrumento de suma, cohesi\u00f3n e inclusi\u00f3n social y elemento de desarrollo econ\u00f3mico.<\/p>\n","protected":false},"author":3,"featured_media":553743,"comment_status":"open","ping_status":"open","sticky":false,"template":"","format":"standard","meta":{"_monsterinsights_skip_tracking":false,"_monsterinsights_sitenote_active":false,"_monsterinsights_sitenote_note":"","_monsterinsights_sitenote_category":0,"footnotes":""},"categories":[11],"tags":[107,43674,106],"class_list":["post-553639","post","type-post","status-publish","format-standard","has-post-thumbnail","hentry","category-turismo","tag-de-cinco-estrellas","tag-opinion","tag-victoria-gonzalez-prado"],"_links":{"self":[{"href":"https:\/\/www.diarioimagen.net\/index.php?rest_route=\/wp\/v2\/posts\/553639","targetHints":{"allow":["GET"]}}],"collection":[{"href":"https:\/\/www.diarioimagen.net\/index.php?rest_route=\/wp\/v2\/posts"}],"about":[{"href":"https:\/\/www.diarioimagen.net\/index.php?rest_route=\/wp\/v2\/types\/post"}],"author":[{"embeddable":true,"href":"https:\/\/www.diarioimagen.net\/index.php?rest_route=\/wp\/v2\/users\/3"}],"replies":[{"embeddable":true,"href":"https:\/\/www.diarioimagen.net\/index.php?rest_route=%2Fwp%2Fv2%2Fcomments&post=553639"}],"version-history":[{"count":0,"href":"https:\/\/www.diarioimagen.net\/index.php?rest_route=\/wp\/v2\/posts\/553639\/revisions"}],"wp:featuredmedia":[{"embeddable":true,"href":"https:\/\/www.diarioimagen.net\/index.php?rest_route=\/wp\/v2\/media\/553743"}],"wp:attachment":[{"href":"https:\/\/www.diarioimagen.net\/index.php?rest_route=%2Fwp%2Fv2%2Fmedia&parent=553639"}],"wp:term":[{"taxonomy":"category","embeddable":true,"href":"https:\/\/www.diarioimagen.net\/index.php?rest_route=%2Fwp%2Fv2%2Fcategories&post=553639"},{"taxonomy":"post_tag","embeddable":true,"href":"https:\/\/www.diarioimagen.net\/index.php?rest_route=%2Fwp%2Fv2%2Ftags&post=553639"}],"curies":[{"name":"wp","href":"https:\/\/api.w.org\/{rel}","templated":true}]}}