{"id":553650,"date":"2022-07-18T00:02:12","date_gmt":"2022-07-18T05:02:12","guid":{"rendered":"https:\/\/www.diarioimagen.net\/?p=553650"},"modified":"2022-07-18T06:00:50","modified_gmt":"2022-07-18T11:00:50","slug":"amlo-tuvo-que-desactivar-el-abrazos-no-balazos-para-capturar-a-caro-quintero","status":"publish","type":"post","link":"https:\/\/www.diarioimagen.net\/?p=553650","title":{"rendered":"AMLO tuvo que desactivar el \u201cabrazos, no balazos\u201d para capturar a Caro Quintero"},"content":{"rendered":"<h2>La Retaguardia<\/h2>\n<h5>Adriana Moreno Cordero<\/h5>\n<p>&nbsp;<\/p>\n<p>Qued\u00f3 al descubierto uno de los principales motivos \u2014quiz\u00e1s el m\u00e1s fuerte\u2014, por el cual el presidente <strong>Andr\u00e9s Manuel L\u00f3pez Obrador<\/strong> estuvo la semana pasada en Estados Unidos y finalmente no le qued\u00f3 m\u00e1s que cumplir las instrucciones dictadas desde la Casa Blanca y apenas un par de d\u00edas despu\u00e9s de su regreso, fue capturado <strong>Rafael Caro Quintero<\/strong>, uno de los m\u00e1s famosos narcotraficantes de la d\u00e9cada de los setenta, as\u00ed que a los famosos cinco puntos planteados por el tabasque\u00f1o en la Casa Blanca, de plano, el Presidente <strong>Joe Biden<\/strong> ni caso les hizo, su inter\u00e9s era otro muy diferente, como por ejemplo al de las visas de trabajo temporal a los migrantes.<\/p>\n<p>Pr\u00e1cticamente todos los medios de Estados Unidos consignaron la aprehensi\u00f3n de quien es considerado uno de los hombres m\u00e1s buscados por el vecino pa\u00eds del norte, fundador del C\u00e1rtel de Guadalajara y el que lo localiz\u00f3 entre matorrales all\u00e1 en su natal Sinaloa, fue un perro de nombre <em>Max<\/em> \u2014de acuerdo al comunicado emitido por la secretar\u00eda de Marina\u2014, durante un operativo conjunto con la Fiscal\u00eda General de la Rep\u00fablica, (FGR) en dicho municipio de la sierra sinaloense.<\/p>\n<p>Pero el famoso capo, ya ha cumplido 28 a\u00f1os de prisi\u00f3n por el secuestro y homicidio del agente de la DEA, <strong>Enrique <em>Kiki<\/em> Camarena<\/strong>, cuando, como se sabe, en 2013 fue liberado y, seg\u00fan se coment\u00f3 en aquella \u00e9poca, lo habr\u00edan soltado las autoridades para que intentara convencer ni m\u00e1s ni menos que a <strong>Joaqu\u00edn \u201cel Chapo\u201d Guzm\u00e1n,<\/strong> de que se entregara a las autoridades, pero la historia dio un giro que marc\u00f3 al l\u00edder del C\u00e1rtel de Sinaloa.<\/p>\n<p>Lo cierto es que en esta importante captura, el inquilino de Palacio Nacional no utiliz\u00f3 su gastada y est\u00e9ril estrategia de \u201cabrazos, no balazos\u201d; de hecho la tuvo que desactivar y diarios como <em>Los Angeles Times<\/em>, han calificado dicha \u201cestrategia\u201d como \u201cduramente criticada porque no ha logrado detener la violencia en el pa\u00eds\u201d. Entonces, la pregunta ser\u00eda: \u00bfen su gustad\u00edsimo \u201cstand-up\u201d ma\u00f1anero, L\u00f3pez Obrador reclamar\u00e1 la opini\u00f3n que tienen diversos medios estadounidenses sobre su fallida \u201cestrategia\u201d en materia de combate a la inseguridad?<\/p>\n<p>Este tema, sin duda dar\u00e1 mucho de qu\u00e9 hablar. Se comenta no s\u00f3lo en tierras sinaloenses que con la recaptura de Caro Quintero y con <em>El Chapo<\/em> Guzm\u00e1n, tambi\u00e9n preso en Estados Unidos, el que ahora tiene el control del C\u00e1rtel de Sinaloa es <strong>Ismael <em>El Mayo<\/em> Zambada<\/strong>.<\/p>\n<p>En otra vertiente de este mismo caso, en una entrevista que el fundador del C\u00e1rtel de Guadalajara dio a la periodista <strong>Anabel Hern\u00e1ndez<\/strong>, en el llamado <em>tri\u00e1ngulo dorado<\/em>, declar\u00f3 que \u00e9l no hab\u00eda matado a <em>Kiki <\/em>Camarena, y de alguna manera advirti\u00f3 que en alg\u00fan momento dar\u00eda a conocer qu\u00e9 pol\u00edticos estadunidenses y altos mandos de aquel pa\u00eds estar\u00edan involucrados en el asesinato del agente de la DEA. \u00bfSer\u00e1?<\/p>\n<p>Ac\u00e1 habr\u00e1 que corroborar cu\u00e1ntos nombres de cu\u00e1ntas personalidades, tanto de Estados Unidos como de M\u00e9xico, salen a flote en el caso de que Caro Quintero se decida a hablar. Es m\u00e1s, se dice que hasta podr\u00eda salir el nombre del flamante director de la Comisi\u00f3n Federal de Electricidad, <strong>Manuel Bartlett<\/strong>, a quien seguramente L\u00f3pez Obrador volver\u00e1 a defender, de forma vehemente, como ya lo hizo una vez.<\/p>\n<p>Vale la pena destacar las declaraciones del ex jefe de operaciones internacionales de la DEA, <strong>Mike Vigil<\/strong>, quien hizo hincapi\u00e9 en que la aprehensi\u00f3n de Caro Quintero \u201cfue algo inesperado, dada la pol\u00edtica de L\u00f3pez Obrador de no confrontar a los capos. Llega como una absoluta sorpresa, pero mi esperanza es que con la captura de Caro Quintero, se suavicen muchas tensiones entre la DEA y M\u00e9xico\u201d.<\/p>\n<p>De lo anterior bien puede desprenderse que agentes de la DEA estuvieron en permanente acci\u00f3n e involucrados en el operativo mediante el cual fue capturado Caro Quintero.<\/p>\n<p>Al momento, el fundador del C\u00e1rtel de Guadalajara, est\u00e1 recluido en el Penal del Altiplano, a donde se supone que ya le comunicaron que lo m\u00e1s probable es que sea extraditado a los Estados Unidos, pa\u00eds que lo requiere.<\/p>\n<p style=\"text-align: center;\"><strong>Municiones<\/strong><\/p>\n<p>*** El l\u00edder nacional del PRI, <strong>Alejandro Moreno C\u00e1rdenas<\/strong>, estuvo de gira por Ju\u00e1rez, Nuevo Le\u00f3n, donde pudo comprobar que la fuerza que se est\u00e1 gestando va en crecimiento, del Revolucionario Institucional.<\/p>\n<p>*** Nueva encomienda tiene el coordinador de la fracci\u00f3n de\u00a0Morena\u00a0en la\u00a0C\u00e1mara de Diputados, <strong>Ignacio Mier<\/strong>, pero desde ahora se puede pronosticar que no tendr\u00e1, de nueva cuenta, \u00e9xito. Y se trata ni m\u00e1s ni menos que de la promoci\u00f3n de la controvertida reforma electoral propuesta por L\u00f3pez Obrador, cosa que se ve harto dif\u00edcil pues la oposici\u00f3n ya dijo que no est\u00e1 dispuesta a votar lo enviado por el Presidente. No obstante, el diputado Mier Velazco anunci\u00f3 que lo que resta de este mes, adem\u00e1s de agosto y septiembre, promover\u00e1n las bondades de la reforma electoral, pero \u00bfacaso tiene alguna? Hay que recordar que el m\u00e1s que objetivo, obsesi\u00f3n del tabasque\u00f1o, es destruir a instituciones aut\u00f3nomas como el INE. Sin duda, los foros abiertos para la discusi\u00f3n de esta reforma, ser\u00e1n nada m\u00e1s para que el partido oficial cubra las formas, pues finalmente sus legisladores buscar\u00e1n cumplir la \u201cl\u00ednea\u201d de Palacio Nacional.<\/p>\n<p>*** \u00bfSer\u00e1 el flamante secretario de Gobernaci\u00f3n, <strong>Ad\u00e1n Augusto L\u00f3pez Hern\u00e1ndez,<\/strong> el hombre indicado para zanjar la distancia que el inquilino de Palacio Nacional con la Iglesia cat\u00f3lica cuando algunos de sus miembros han sido agredidos en presuntos operativos por parte de la delincuencia organizada? El responsable de la pol\u00edtica interna del pa\u00eds, se reuni\u00f3 con el arzobispo de Guadalajara, \u00a0<strong>Francisco Robles Ortega<\/strong>, quien denunci\u00f3 su detenci\u00f3n en retenes del crimen organizado, as\u00ed como el cobro de<strong><em>\u00a0<\/em><\/strong>\u201cderecho de piso\u201d, impuesto por la delincuencia a las parroquias. Lo dicho, los viejos c\u00e1nones que ten\u00eda el crimen organizado, ya no son respetados.<\/p>\n<p>*** La jefa de Gobierno de la Ciudad de M\u00e9xico, <strong>Claudia Sheinbaum<\/strong>, anda m\u00e1s que movida en su promoci\u00f3n hacia el 2024, sobre todo ahora que ya no es la puntera en todos los sondeos que se hacen, por eso la flamante funcionaria capitalina se fue a Guerrero en su calidad de \u201ccorcholata\u201d, pero quiz\u00e1s fue mal tino de la jefa de Gobierno haberse ido a las tierras que gobierna <strong>Evelyn Salgado<\/strong>, que no ha podido hacer nada en contra de la acci\u00f3n del crimen organizado. Quiz\u00e1s le hubiera convenido a la se\u00f1ora Sheinbaum haberse ido a otro estado.<\/p>\n<p><u><a href=\"mailto:morcora@gmail.com\" target=\"_blank\" rel=\"noopener noreferrer\"><em>morcora@gmail.com<\/em><\/a><\/u><\/p>\n","protected":false},"excerpt":{"rendered":"<p><span style=\"color: #005497;\"><strong>Adriana Moreno Cordero<\/strong><\/span><\/p>\n","protected":false},"author":3,"featured_media":0,"comment_status":"open","ping_status":"open","sticky":false,"template":"","format":"standard","meta":{"_monsterinsights_skip_tracking":false,"_monsterinsights_sitenote_active":false,"_monsterinsights_sitenote_note":"","_monsterinsights_sitenote_category":0,"footnotes":""},"categories":[69370],"tags":[69369,69368,43674],"class_list":["post-553650","post","type-post","status-publish","format-standard","hentry","category-adriana-moreno-cordero","tag-adriana-moreno-cordero","tag-la-retaguardia","tag-opinion"],"_links":{"self":[{"href":"https:\/\/www.diarioimagen.net\/index.php?rest_route=\/wp\/v2\/posts\/553650","targetHints":{"allow":["GET"]}}],"collection":[{"href":"https:\/\/www.diarioimagen.net\/index.php?rest_route=\/wp\/v2\/posts"}],"about":[{"href":"https:\/\/www.diarioimagen.net\/index.php?rest_route=\/wp\/v2\/types\/post"}],"author":[{"embeddable":true,"href":"https:\/\/www.diarioimagen.net\/index.php?rest_route=\/wp\/v2\/users\/3"}],"replies":[{"embeddable":true,"href":"https:\/\/www.diarioimagen.net\/index.php?rest_route=%2Fwp%2Fv2%2Fcomments&post=553650"}],"version-history":[{"count":0,"href":"https:\/\/www.diarioimagen.net\/index.php?rest_route=\/wp\/v2\/posts\/553650\/revisions"}],"wp:attachment":[{"href":"https:\/\/www.diarioimagen.net\/index.php?rest_route=%2Fwp%2Fv2%2Fmedia&parent=553650"}],"wp:term":[{"taxonomy":"category","embeddable":true,"href":"https:\/\/www.diarioimagen.net\/index.php?rest_route=%2Fwp%2Fv2%2Fcategories&post=553650"},{"taxonomy":"post_tag","embeddable":true,"href":"https:\/\/www.diarioimagen.net\/index.php?rest_route=%2Fwp%2Fv2%2Ftags&post=553650"}],"curies":[{"name":"wp","href":"https:\/\/api.w.org\/{rel}","templated":true}]}}