{"id":553660,"date":"2022-07-18T00:08:18","date_gmt":"2022-07-18T05:08:18","guid":{"rendered":"https:\/\/www.diarioimagen.net\/?p=553660"},"modified":"2022-07-18T06:08:15","modified_gmt":"2022-07-18T11:08:15","slug":"el-pri-debilita-alianza","status":"publish","type":"post","link":"https:\/\/www.diarioimagen.net\/?p=553660","title":{"rendered":"El PRI, \u00bfdebilita alianza?"},"content":{"rendered":"<h2>Punto por punto<\/h2>\n<h5>Augusto Corro<\/h5>\n<p>&nbsp;<\/p>\n<p>La unidad de la alianza Va por M\u00e9xico podr\u00eda debilitarse por los esc\u00e1ndalos del l\u00edder priista, Alejandro Moreno C\u00e1rdenas, <em>Alito<\/em>.<\/p>\n<p>Aunque los otros dirigentes de la oposici\u00f3n le brindaron su apoyo, en la coalici\u00f3n saben que el dirigente tricolor es un lastre.<\/p>\n<p>Y los tiempos no est\u00e1n como para darse el lujo de mantener en los liderazgos a pol\u00edticos conflictivos.<\/p>\n<p>Los partidos opositores deber\u00e1n acelerar sus programas o proyectos para la contienda electoral de 2024.<\/p>\n<p>Pero al paso que llevan PAN, PRI y PRD no les augura las posibilidades del triunfo.<\/p>\n<p>Mientras en Morena, el partido en el gobierno, sobran los aspirantes a la candidatura presidencial, en la oposici\u00f3n a\u00fan no saben qui\u00e9n los representar\u00e1.<\/p>\n<p>Y si a la lentitud interna de los partidos se suman sus pleitos internos, no es tan dif\u00edcil pensar en lo que viene.<\/p>\n<p>Es en el PRI, en donde, por el momento, aflor\u00f3 una pugna que amenaza con dividir a esa organizaci\u00f3n pol\u00edtica.<\/p>\n<p>Su dirigente, ex gobernador de Campeche y diputado, <em>Alito<\/em> es objeto de una serie de acusaciones que lo se\u00f1alan como corrupto.<\/p>\n<p>Los esc\u00e1ndalos crecieron en torno al ex mandatario a tal grado, que ex dirigentes del PRI le exigieron su renuncia.<\/p>\n<p>El campechano no se anduvo con rodeos y contest\u00f3 que no renunciar\u00e1 al cargo, que termina en agosto de 2023.<\/p>\n<p>Adem\u00e1s, amenaz\u00f3 con estar en las designaciones de los aspirantes presidenciales del 2024.<\/p>\n<p style=\"text-align: center;\"><strong>Moreno C\u00e1rdenas no es el due\u00f1o: Osorio Chong<\/strong><\/p>\n<p>A esa posici\u00f3n del ex mandatario, el senador priista Miguel Osorio Chong dijo que el PRI tiene un \u201ccamino complicado\u201d.<\/p>\n<p>Esto obedece a que <em>Alito<\/em> es se\u00f1alado \u201cpor irregularidades con acciones al margen de la ley o queri\u00e9ndose apoderar de nuestro instituto pol\u00edtico\u201d.<\/p>\n<p>Recalc\u00f3 el legislador que el l\u00edder quiere apropiarse de lo que no es de \u00e9l, de lo que no le pertenece.<\/p>\n<p>\u201c\u00c9l (<em>Alito<\/em>) es hoy el dirigente; pero o no es el due\u00f1o del partido\u201d, dijo Osorio Chong, quien agreg\u00f3:<\/p>\n<p>\u201cPor eso mi exigencia, una y otra vez, primero que renuncie, con qu\u00e9 cara hoy ve a la militancia a la que habla de democracia, a la que le habla de inclusi\u00f3n cuando en un audio dice que no, que, que \u00e9l se va a quedar, que el va a decidir y que se frieguen lo que est\u00e1n ah\u00ed hablando, o sea todos\u201d.<\/p>\n<p>Anteriormente, ex presidentes del Revolucionario Institucional le exigieron su renuncia al campechano, quien rechaz\u00f3 esa idea.<\/p>\n<p>Despu\u00e9s, un grupo de 15 exgobernadores de extracci\u00f3n priista tambi\u00e9n le demandaron al dirigente la renuncia al cargo y replantear la estrategia del partido para competir en los procesos electorales que vienen.<\/p>\n<p>Cabe informar que el pr\u00f3ximo a\u00f1o se llevar\u00e1n a cabo elecciones estatales en Coahuila y Estado de M\u00e9xico (Edomex), ambos con gobiernos priistas.<\/p>\n<p>El PRI tendr\u00e1 la dif\u00edcil tarea de ganar en las entidades mencionadas, \u00faltimos bastiones priistas en la disputa por el poder.<\/p>\n<p>Sin embargo, el esfuerzo podr\u00eda ser en vano, pues las pugnas internas debilitar\u00e1n m\u00e1s a esa organizaci\u00f3n, que se encuentra en la lona.<\/p>\n<p>\u00bfY la alianza Vva por M\u00e9xico?<\/p>\n<p>La unidad de la alianza Va por M\u00e9xico integrada por PAN, PRI y PRD estar\u00e1 en una temporada de incertidumbre pol\u00edtica.<\/p>\n<p>Si el PRI contin\u00faa con sus l\u00edos internos, poco o nada podr\u00e1 ofrecer para fortalecer la coalici\u00f3n partidista.<\/p>\n<p>Por ejemplo, en el Edomex los opositores no han dicho quien los representar\u00e1 en la contienda electoral.<\/p>\n<p>El PRI es instituto pol\u00edtico m\u00e1s fuerte esa entidad y seguramente buscar\u00e1 ser el abanderado. \u00bfLo aceptar\u00e1n los panistas?<\/p>\n<p>En t\u00e9rminos generales, la oposici\u00f3n pol\u00edtica en M\u00e9xico se encuentra sin rumbo, lejos de las alternativas para alcanzar el poder.<\/p>\n<p>No ser\u00e1n <em>Alito,<\/em> Marko Cort\u00e9s y el Chucho Zambrano quienes saquen a sus partidos del hoyo en que se encuentran desde el 2018.<\/p>\n<p>\u00bfUsted qu\u00e9 opina amable lector?<\/p>\n<p><a href=\"mailto:aco2742@hotmail.com\" target=\"_blank\" rel=\"noopener noreferrer\"><em>aco2742@hotmail.com<\/em><\/a><\/p>\n","protected":false},"excerpt":{"rendered":"<p><span style=\"color: #005497;\"><strong>Augusto Corro<\/strong><\/span><\/p>\n","protected":false},"author":3,"featured_media":0,"comment_status":"open","ping_status":"open","sticky":false,"template":"","format":"standard","meta":{"_monsterinsights_skip_tracking":false,"_monsterinsights_sitenote_active":false,"_monsterinsights_sitenote_note":"","_monsterinsights_sitenote_category":0,"footnotes":""},"categories":[157],"tags":[43686,43674,11515],"class_list":["post-553660","post","type-post","status-publish","format-standard","hentry","category-augusto-corro","tag-augusto-corro","tag-opinion","tag-punto-por-punto"],"_links":{"self":[{"href":"https:\/\/www.diarioimagen.net\/index.php?rest_route=\/wp\/v2\/posts\/553660","targetHints":{"allow":["GET"]}}],"collection":[{"href":"https:\/\/www.diarioimagen.net\/index.php?rest_route=\/wp\/v2\/posts"}],"about":[{"href":"https:\/\/www.diarioimagen.net\/index.php?rest_route=\/wp\/v2\/types\/post"}],"author":[{"embeddable":true,"href":"https:\/\/www.diarioimagen.net\/index.php?rest_route=\/wp\/v2\/users\/3"}],"replies":[{"embeddable":true,"href":"https:\/\/www.diarioimagen.net\/index.php?rest_route=%2Fwp%2Fv2%2Fcomments&post=553660"}],"version-history":[{"count":0,"href":"https:\/\/www.diarioimagen.net\/index.php?rest_route=\/wp\/v2\/posts\/553660\/revisions"}],"wp:attachment":[{"href":"https:\/\/www.diarioimagen.net\/index.php?rest_route=%2Fwp%2Fv2%2Fmedia&parent=553660"}],"wp:term":[{"taxonomy":"category","embeddable":true,"href":"https:\/\/www.diarioimagen.net\/index.php?rest_route=%2Fwp%2Fv2%2Fcategories&post=553660"},{"taxonomy":"post_tag","embeddable":true,"href":"https:\/\/www.diarioimagen.net\/index.php?rest_route=%2Fwp%2Fv2%2Ftags&post=553660"}],"curies":[{"name":"wp","href":"https:\/\/api.w.org\/{rel}","templated":true}]}}