{"id":553668,"date":"2022-07-18T00:03:01","date_gmt":"2022-07-18T05:03:01","guid":{"rendered":"https:\/\/www.diarioimagen.net\/?p=553668"},"modified":"2022-07-19T04:15:39","modified_gmt":"2022-07-19T09:15:39","slug":"viajecito-de-diputados-a-ucrania","status":"publish","type":"post","link":"https:\/\/www.diarioimagen.net\/?p=553668","title":{"rendered":"Viajecito de diputados a Ucrania"},"content":{"rendered":"<h2>Espacio Electoral<\/h2>\n<h5>Eleazar Flores<\/h5>\n<p><strong>\u00a0<\/strong><\/p>\n<p><strong>\u00bfCU\u00c1NTO NOS COSTAR\u00c1?-.<\/strong> A cuatro meses y tres semanas de iniciada la agresi\u00f3n rusa a Ucrania, un grupo de \u201cpreocupados\u201d legisladores mexicanos decide viajar al pa\u00eds invadido con el prop\u00f3sito de conocer de \u201cprimera mano\u201d\u00a0 la versi\u00f3n real de los hechos, seg\u00fan informaci\u00f3n oficial del grupo\u00a0 cameral.<\/p>\n<p>La pregunta obligada que se plantean hasta los ajenos a las tareas pol\u00edticas es \u00bfcu\u00e1l es el prop\u00f3sito de este viaje que, por extempor\u00e1neo, parece ser viaje de placer?<\/p>\n<p>Otra interrogante que no puede ignorarse es \u00bfcu\u00e1nto nos va a costar este viajecito? Es correcta la pregunta de \u00bfcu\u00e1nto nos va a costar este viajecito, pues no crea que nuestros preocupados diputados van a costear de su bolsa su largo peregrinar a\u00e9reo, apueste y ganar\u00e1 que lo har\u00e1n con los impuestos que pagamos los causantes.<\/p>\n<p>Como son los \u00fanicos que\u00a0 autorizan los gastos a todo el aparato p\u00fablico y se autorizan sus propio presupuestos, donde\u00a0 predomina la opacidad, pues vaya perdiendo las esperanzas de conocer esas cifras.<\/p>\n<p>Menos mal que nuestros per\u00ednclitos diputados se caracterizan por su austeridad republicana y algunos hasta por su pobreza franciscana, vi\u00e9ndolos sufrir para encontrar hoteles de dos o tres estrellas, ni siquiera de cuatro y menos de cinco, ser\u00edan unos despilfarradores que no tienen cabida en la alineaci\u00f3n de la Cuarta Transformaci\u00f3n.<\/p>\n<p><strong>\u00bfQUI\u00c9NES SON?-.<\/strong> Nuestros \u201cpacifistas\u201d diputados que viajan a Ucrania son del PAN y de Movimiento Ciudadano, quienes seguramente a su regreso nos informar\u00e1n que su misi\u00f3n fue todo un \u00e9xito, as\u00ed no hayan podido hablar ni con el dem\u00f3crata presidente Putin con \u201capenas\u201d veinte a\u00f1os gobernando Rusia, ni con su hom\u00f3logo ucraniano Volod\u00edmir Zelenski.<\/p>\n<p>Se trata de las diputadas Julieta Mej\u00eda, Ruth Rivera y los diputados Jorge \u00c1lvarez Maynez y Salom\u00f3n Chertorivski, mexicano con or\u00edgenes ucranianos.<\/p>\n<p>Con tantos y tan graves problemas que se tienen y est\u00e1n en la agenda legislativa, un grupo de legisladores viaja a Ucrania, seguramente con fines pacifistas y las mejores intenciones pero \u00bflograr\u00e1n algo concreto?.<\/p>\n<p>Realmente se ve dif\u00edcil, pero cuando menos dos cosas salen a relucir, que el turismo legislativo sigue vigente y que los gastos para estos menesteres pasan a \u00faltimo t\u00e9rmino.<\/p>\n<p>En cuanto a la rendici\u00f3n de cuentas, ni se apure, los diputados son aut\u00f3nomos en eso de sus partidas presupuestales y de ah\u00ed nadie los mueve, ni siquiera la mayor\u00eda legislativa que pertenece al Movimiento de Regeneraci\u00f3n Nacional y que es en el seno de esta organizaci\u00f3n partidista donde nacen y florecen las ra\u00edces y plantas de la opacidad.<\/p>\n<p>Si lo duda, espere una o dos semanas para conocer el \u201c\u00e9xito\u201d de nuestros diputados en la zona de conflicto .<\/p>\n<p><em><a href=\"mailto:elefa44@gmail.com\" target=\"_blank\" rel=\"noopener noreferrer\">elefa44@gmail.com<\/a><\/em><\/p>\n","protected":false},"excerpt":{"rendered":"<p><span style=\"color: #005497;\"><strong>Eleazar Flores<\/strong><\/span><\/p>\n","protected":false},"author":3,"featured_media":0,"comment_status":"open","ping_status":"open","sticky":false,"template":"","format":"standard","meta":{"_monsterinsights_skip_tracking":false,"_monsterinsights_sitenote_active":false,"_monsterinsights_sitenote_note":"","_monsterinsights_sitenote_category":0,"footnotes":""},"categories":[81743],"tags":[],"class_list":["post-553668","post","type-post","status-publish","format-standard","hentry","category-eleazar-flores"],"_links":{"self":[{"href":"https:\/\/www.diarioimagen.net\/index.php?rest_route=\/wp\/v2\/posts\/553668","targetHints":{"allow":["GET"]}}],"collection":[{"href":"https:\/\/www.diarioimagen.net\/index.php?rest_route=\/wp\/v2\/posts"}],"about":[{"href":"https:\/\/www.diarioimagen.net\/index.php?rest_route=\/wp\/v2\/types\/post"}],"author":[{"embeddable":true,"href":"https:\/\/www.diarioimagen.net\/index.php?rest_route=\/wp\/v2\/users\/3"}],"replies":[{"embeddable":true,"href":"https:\/\/www.diarioimagen.net\/index.php?rest_route=%2Fwp%2Fv2%2Fcomments&post=553668"}],"version-history":[{"count":0,"href":"https:\/\/www.diarioimagen.net\/index.php?rest_route=\/wp\/v2\/posts\/553668\/revisions"}],"wp:attachment":[{"href":"https:\/\/www.diarioimagen.net\/index.php?rest_route=%2Fwp%2Fv2%2Fmedia&parent=553668"}],"wp:term":[{"taxonomy":"category","embeddable":true,"href":"https:\/\/www.diarioimagen.net\/index.php?rest_route=%2Fwp%2Fv2%2Fcategories&post=553668"},{"taxonomy":"post_tag","embeddable":true,"href":"https:\/\/www.diarioimagen.net\/index.php?rest_route=%2Fwp%2Fv2%2Ftags&post=553668"}],"curies":[{"name":"wp","href":"https:\/\/api.w.org\/{rel}","templated":true}]}}