{"id":553686,"date":"2022-07-18T00:12:42","date_gmt":"2022-07-18T05:12:42","guid":{"rendered":"https:\/\/www.diarioimagen.net\/?p=553686"},"modified":"2022-07-18T06:26:45","modified_gmt":"2022-07-18T11:26:45","slug":"internas-y-gobierno-de-coalicion-propuestas-de-la-alianza-va-por-mexico-para-ganar-en-2024","status":"publish","type":"post","link":"https:\/\/www.diarioimagen.net\/?p=553686","title":{"rendered":"\u201cInternas\u201d y gobierno de coalici\u00f3n, propuestas de la alianza Va por M\u00e9xico para ganar en 2024"},"content":{"rendered":"<h2>Tras la puerta del poder<\/h2>\n<h5>Roberto Vizca\u00edno<\/h5>\n<p>&nbsp;<\/p>\n<p>M\u00e9xico no vive hoy la normalidad democr\u00e1tica, afirma <strong>Alejandro Moreno<\/strong> y como tal, los partidos y la sociedad requieren de decisiones extraordinarias.<\/p>\n<p>Por ello, adelanta, la alianza Va por M\u00e9xico est\u00e1 a punto de concretar los siguientes acuerdos y propuestas:<\/p>\n<p>Ir a \u201cprimarias\u201d para lanzar candidatos comunes PRI, PAN, PRD \u2014y eventualmente de la sociedad civil\u2014 y;<\/p>\n<p>Establecer gobiernos de coalici\u00f3n.<\/p>\n<p>De concretarlo, como afirma, el acuerdo ser\u00eda la reforma pol\u00edtica y electoral m\u00e1s profunda <strong>de hecho<\/strong> que se haya dado en M\u00e9xico, una que no requerir\u00eda de pasar por el Congreso, ni de j<strong><em>uegos de pesos y contrapesos<\/em><\/strong> de la oposici\u00f3n con el presidente <strong>Andr\u00e9s Manuel L\u00f3pez Obrador<\/strong> y menos con sus instrumentos de sumisi\u00f3n como son Morena y aliados.<\/p>\n<p>En los hechos, los 3 partidos estar\u00edan enterrando para siempre al <strong><em>dedazo callista<\/em><\/strong> que domina el lanzamiento de candidatos presidenciales, a gobernador, a alcaldes, a diputados y a senadores en M\u00e9xico, desde 1929.<\/p>\n<p>Un m\u00e9todo que hoy el presidente <strong>Andr\u00e9s Manuel L\u00f3pez Obrador<\/strong> mal usa con encuestas que todos saben que s\u00f3lo sirven para que \u00e9l decida qui\u00e9nes deben ser los candidatos de Morena.<\/p>\n<p>Las \u201cinternas\u201d resolver\u00edan el conflicto que se da hoy en cada partido de lanzar, ya sea como candidatos de unidad o de designaci\u00f3n por Consejo Pol\u00edtico o por encuestas, a sus abanderados para pasar al m\u00e9todo de que todos los que aspiran a un cargo se inscriban para ir a una selecci\u00f3n por la v\u00eda del voto ciudadano, con recorridos y debates de todos ellos por el pa\u00eds, para al final solo quedar uno, el que decidan los votantes.<\/p>\n<p>En el caso de la alianza, habr\u00eda \u201cprimarias\u201d por partido y luego los seleccionados de todos ellos ir\u00edan a una interna final del que s\u00f3lo saldr\u00eda un candidato.<\/p>\n<p>Ese ir\u00eda a competir ahora con el de <strong>AMLO-Morena<\/strong>.<\/p>\n<p>La consecuencia de ir a \u201cinternas\u201d para permitir que el voto ciudadano decida qui\u00e9nes son los candidatos de PRI, PAN y PRD y eventualmente de la sociedad civil, llevar\u00eda naturalmente a la formaci\u00f3n de gobiernos de coalici\u00f3n para permitir que los mejores participantes de esas contiendas pasen luego a ser parte de los gobiernos ganadores.<\/p>\n<p>As\u00ed se evitar\u00edan rupturas y se estar\u00edan formando verdaderas administraciones plurales y democr\u00e1ticas.<\/p>\n<p>Bastar\u00e1, afirma <strong><em>Alito<\/em><\/strong>, acogerse a la f\u00f3rmula legal de integraci\u00f3n de un frente pol\u00edtico amplio y a encontrar un mecanismo para que el INE sea el organizador, conductor y garante de las primarias dentro de los partidos y luego en lo general para que los ciudadanos digan quien debe ser el candidato presidencial de la alianza Va por M\u00e9xico para 2024.<\/p>\n<p>Ese candidato tendr\u00eda el acta de nacimiento democr\u00e1tica m\u00e1s leg\u00edtima que nunca haya tenido candidato presidencial alguno en M\u00e9xico.<\/p>\n<p>Y, sin duda, garantizado su triunfo en las elecciones formales de junio de 2024 frente al candidato del <em>dedazo<\/em> de <strong>AMLO<\/strong>.<\/p>\n<p>Todo ello, afirma <strong>Moreno<\/strong>, gobierno de coalici\u00f3n e internas son hoy mismo parte de amplias mesas de trabajo donde participan especialistas incluso internacionales para darle viabilidad a su operaci\u00f3n en M\u00e9xico a partir incluso de las elecciones a gobernador en el Estado de M\u00e9xico y en Coahuila.<\/p>\n<p>El cuestionado l\u00edder del PRI hizo estas revelaciones el jueves anterior, durante un desayuno-encuentro-charla en el programa digital y de YouTube de <strong>Atypical Te Ve<\/strong>, que conduce el publicista <strong>Carlos Alazraki<\/strong>, y en el que participaron,\u00a0 adem\u00e1s el panista <strong>Javier Lozano<\/strong> y la ex priista y directora de la revista <em>Siempre!<\/em>, <strong>Beatriz Pag\u00e9s<\/strong>.<\/p>\n<p style=\"text-align: center;\"><strong>Marcelo y Monreal<\/strong><\/p>\n<p>Interrogado sobre si en este esquema podr\u00edan participar <strong>Marcelo Ebrard<\/strong> y <strong>Ricardo Monreal<\/strong>, quienes apuntan a ser desechados por el dedazo de <strong>L\u00f3pez Obrador<\/strong>, el dirigente del PRI dijo que al canciller no lo ve fuera de Morena.<\/p>\n<p>Y de <strong>Monreal<\/strong> coment\u00f3:<\/p>\n<p>\u201c\u2026 en el caso del senador <strong>Monreal<\/strong> lo veo, digamos, no tan cercano al tema de la decisi\u00f3n ah\u00ed (de <strong>L\u00f3pez Obrador<\/strong>), pero <strong>Monreal<\/strong> es una gente que es sensata, es una gente que tiene conocimiento amplio y una trayectoria de muchos a\u00f1os en el sistema pol\u00edtico mexicano y creo que \u00e9l tiene una visi\u00f3n de lo que podemos construir todos como pa\u00eds, eso s\u00ed, y no quiero hablar por \u00e9l, ni decirlo, porque le tengo afecto y respeto, pero <strong>Ricardo <\/strong>va a estar del lado de la historia correcta para el pa\u00eds, eso no me queda la menor duda, y s\u00ed, \u00e9l sabe que el lado correcto es donde estamos todos nosotros, \u00e9l va a jugar solo, punto, y ya dijo que con las encuestas, o sea las del <strong>dedo<\/strong> no va, porque son chafas\u201d.<\/p>\n<p>El encuentro con Moreno incluy\u00f3, como es de esperarse, de una primera parte, donde <strong>Beatriz Pag\u00e9s<\/strong> lo interrog\u00f3 dura e inteligentemente respecto de los cuestionamientos que se le hacen y de la crisis del PRI, a lo que Moreno respondi\u00f3 lo que ha dicho una y otra vez: que \u00e9l no tiene problemas, que cuenta con el apoyo de la mayor\u00eda de sectores y estructuras, militancia de su partido y que quienes lo confrontan son apenas unos 8 o 10 mientras los otros son millones.<\/p>\n<p>Dijo que m\u00e1s que nada se enfrenta a una campa\u00f1a de medios organizada desde el poder y que quienes desde dentro lo cuestionan, hacen el juego justamente a esa campa\u00f1a que busca ante todo fracturar la alianza Va por M\u00e9xico que es la que requiere hoy de apoyo porque es la que puede sacar del poder a AMLO y sus candidatos en 2024.<\/p>\n<p>Como vaya la cosa, los 3 dirigentes de la alianza, \u00e9l, <strong>Marko Cort\u00e9s y Jes\u00fas Zambrano <\/strong>est\u00e1n, si es cierto lo de las primarias y los gobiernos de coalici\u00f3n, a punto de dar un giro hist\u00f3rico, que insisto, ser\u00eda la reforma pol\u00edtico electoral, de hecho, m\u00e1s profunda de M\u00e9xico.<\/p>\n<p><em><a href=\"mailto:rvizcainoa@gmail.com\" target=\"_blank\" rel=\"noopener noreferrer\">vizcainoa@gmail.com<\/a><a href=\"mailto:rvizcainoa@gmail.com\" target=\"_blank\" rel=\"noopener noreferrer\"><br \/>\n<\/a><a href=\"http:\/\/endirecto.mx\" target=\"_blank\" rel=\"noopener noreferrer\">www.endirecto.mx<\/a><a href=\"mailto:rvizcainoa@gmail.com\" target=\"_blank\" rel=\"noopener noreferrer\"><br \/>\n<\/a><a href=\"https:\/\/twitter.com\/_rvizcaino\" target=\"_blank\" rel=\"noopener noreferrer\">@_RVizcaino<\/a><a href=\"mailto:rvizcainoa@gmail.com\" target=\"_blank\" rel=\"noopener noreferrer\"><br \/>\n<\/a><a href=\"https:\/\/www.facebook.com\/rvizcainoa\" target=\"_blank\" rel=\"noopener noreferrer\">facebook.com\/rvizcainoa<\/a><\/em><\/p>\n","protected":false},"excerpt":{"rendered":"<p><span style=\"color: #005497;\"><strong>Roberto Vizca\u00edno<\/strong><\/span><\/p>\n","protected":false},"author":3,"featured_media":0,"comment_status":"open","ping_status":"open","sticky":false,"template":"","format":"standard","meta":{"_monsterinsights_skip_tracking":false,"_monsterinsights_sitenote_active":false,"_monsterinsights_sitenote_note":"","_monsterinsights_sitenote_category":0,"footnotes":""},"categories":[136],"tags":[43674,93,94],"class_list":["post-553686","post","type-post","status-publish","format-standard","hentry","category-roberto-vizcaino-opinion","tag-opinion","tag-roberto-vizcaino","tag-tras-la-puerta-del-poder"],"_links":{"self":[{"href":"https:\/\/www.diarioimagen.net\/index.php?rest_route=\/wp\/v2\/posts\/553686","targetHints":{"allow":["GET"]}}],"collection":[{"href":"https:\/\/www.diarioimagen.net\/index.php?rest_route=\/wp\/v2\/posts"}],"about":[{"href":"https:\/\/www.diarioimagen.net\/index.php?rest_route=\/wp\/v2\/types\/post"}],"author":[{"embeddable":true,"href":"https:\/\/www.diarioimagen.net\/index.php?rest_route=\/wp\/v2\/users\/3"}],"replies":[{"embeddable":true,"href":"https:\/\/www.diarioimagen.net\/index.php?rest_route=%2Fwp%2Fv2%2Fcomments&post=553686"}],"version-history":[{"count":0,"href":"https:\/\/www.diarioimagen.net\/index.php?rest_route=\/wp\/v2\/posts\/553686\/revisions"}],"wp:attachment":[{"href":"https:\/\/www.diarioimagen.net\/index.php?rest_route=%2Fwp%2Fv2%2Fmedia&parent=553686"}],"wp:term":[{"taxonomy":"category","embeddable":true,"href":"https:\/\/www.diarioimagen.net\/index.php?rest_route=%2Fwp%2Fv2%2Fcategories&post=553686"},{"taxonomy":"post_tag","embeddable":true,"href":"https:\/\/www.diarioimagen.net\/index.php?rest_route=%2Fwp%2Fv2%2Ftags&post=553686"}],"curies":[{"name":"wp","href":"https:\/\/api.w.org\/{rel}","templated":true}]}}