{"id":553689,"date":"2022-07-18T00:09:48","date_gmt":"2022-07-18T05:09:48","guid":{"rendered":"https:\/\/www.diarioimagen.net\/?p=553689"},"modified":"2022-07-18T06:30:06","modified_gmt":"2022-07-18T11:30:06","slug":"los-que-tiemblan-al-ver-a-caro-en-la-carcel","status":"publish","type":"post","link":"https:\/\/www.diarioimagen.net\/?p=553689","title":{"rendered":"Los que tiemblan al ver a Caro en la c\u00e1rcel"},"content":{"rendered":"<h2>Poder y dinero<\/h2>\n<h5>V\u00edctor S\u00e1nchez Ba\u00f1os<\/h5>\n<p>&nbsp;<\/p>\n<ul>\n<li><strong><em>Bartlett, toda la verdad de <\/em><\/strong><strong>Kiki<em> Camarena<\/em><\/strong><\/li>\n<li><strong><em>No viaja a EU; teme que lo apresen<\/em><\/strong><\/li>\n<li><strong><em>La historia de la crisis DEA-CIA<\/em><\/strong><\/li>\n<li><strong><em>\u00bfQui\u00e9nes los detuvieron el viernes?<\/em><\/strong><\/li>\n<li><strong><em>Marina investiga ca\u00edda de helic\u00f3ptero<\/em><\/strong><\/li>\n<li><strong><em>\u00bfRelacionado con la captura del capo?<\/em><\/strong><\/li>\n<li><strong><em>Sandra Cuevas, el fiasco capitalino<\/em><\/strong><\/li>\n<li><strong><em>Viva Aerobus frena su arribo al AIFA<\/em><\/strong><\/li>\n<li><strong><em>Tecate, campa\u00f1a anti-alcohol a menores<\/em><\/strong><\/li>\n<\/ul>\n<p>&nbsp;<\/p>\n<p style=\"text-align: right;\"><em>La historia se repite. Ese es uno de los errores de la historia<br \/>\n<\/em><strong>Charles Darwin<\/strong> (1809-1882), cient\u00edfico brit\u00e1nico<\/p>\n<p>&nbsp;<\/p>\n<p>Tienen mucha raz\u00f3n quienes afirman que con la detenci\u00f3n de Rafael Caro Quintero saldr\u00edan a la luz, en Estados Unidos, los nombres de muchos pol\u00edticos, entre los que destacan el actual directivo de la Comisi\u00f3n Federal de Electricidad y ex secretario de Gobernaci\u00f3n en el gobierno de Miguel de la Madrid, Manuel Bartlett.<\/p>\n<p>La historia se repite, pero ahora el capo sinaloense, fundador del llamado C\u00e1rtel de Guadalajara, no estar\u00e1 en una prisi\u00f3n mexicana, sino que se llevar\u00e1 a tribunales estadounidenses, donde lo acusan del asesinato del agente de la DEA, Enrique <em>Kiki <\/em>Camarena Salazar.<\/p>\n<p>El gobierno de Estados Unidos, y en especial la misma DEA, tienen mucha informaci\u00f3n de c\u00f3mo participaron en los interrogatorios agentes de la CIA y polic\u00edas mexicanos, quienes informaban directamente a Manuel Bartlett de lo que ocurr\u00eda con las torturas que infringieron al polic\u00eda estadounidense que serv\u00eda de contacto entre las mafias productoras y comercializadoras de drogas en Sinaloa y el trasiego en la Uni\u00f3n Americana. De alguna manera era un infiltrado en las estructuras de Rafael Caro y de Ernesto Fonseca Carrillo.<\/p>\n<p>Seg\u00fan fuentes estadounidenses, Bartlett no habr\u00eda informado de las torturas a Camarena y al helicopterista Alfredo Zavala en un rancho de Quintero, en Michoac\u00e1n.<\/p>\n<p>Pero, todo ello qued\u00f3 constancia en los autos del juicio que se le llev\u00f3 a cabo al sinaloense y a otros capos del <em>narco<\/em> de los ochenta. Incluso en una serie de Amazon, llamada <em>El \u00faltimo agente de la DEA<\/em>, hablan algunos de los polic\u00edas y narcotraficantes que participaron en el interrogatorio tanto de Camarena, como del helicopterista.<\/p>\n<p>Era del dominio p\u00fablico, as\u00ed como de las autoridades de ambos lados de la frontera, que exist\u00eda una extensa red de protecci\u00f3n al C\u00e1rtel de Guadalajara donde estaban involucrados jefes de polic\u00eda, mandos militares y funcionarios de alto nivel del gobierno mexicano. Se mencionaba concretamente la Secretar\u00eda de Gobernaci\u00f3n, donde despachaba Bartlett.<\/p>\n<p>El origen de ese secuestro fue el descubrimiento de un rancho con m\u00e1s de 40 hect\u00e1reas sembradas de mariguana. Aparentemente <em>Kiki<\/em>, conoc\u00eda la existencia de ese sembrad\u00edo, que era resguardado por militares y agentes de la extinta Direcci\u00f3n Federal de Seguridad.<\/p>\n<p>Ese rancho, conocido como El B\u00fafalo, propiedad de Caro, estaba destinado para exportar a Estados Unidos la droga, pero el que fuera comandante de la Interpol, Miguel Aldana, por instrucciones presidenciales (Miguel de la Madrid), en un aparatoso operativo cayeron casi 500 polic\u00edas federales y soldados en ese rancho y destruyeron la mariguana. Este fue considerado el golpe al <em>narco<\/em> m\u00e1s importante de la historia, en aquel a\u00f1o.<\/p>\n<p>Bueno esto es historia que materialmente es del dominio p\u00fablico. Lo relevante est\u00e1 en muchos personajes de aquella \u00e9poca, en el gobierno de Miguel de la Madrid, que ahora est\u00e1n en el escenario pol\u00edtico.<\/p>\n<p>La principal figura es Bartlett.<\/p>\n<p>Dif\u00edcilmente se podr\u00eda entender la pol\u00edtica de los ochenta, si no se ve\u00eda al que fuera la siniestra figura del actual director de la Comisi\u00f3n Federal de Electricidad. En Estados Unidos, podr\u00edan saltar a la luz p\u00fablica otros nombres que serv\u00edan de protecci\u00f3n al narcotr\u00e1fico de aquellos a\u00f1os y, de ah\u00ed, edificaron enormes fortunas.<\/p>\n<p>Incluso, habr\u00eda otros nombres que nunca han abandonado el esc\u00e1ndalo por su corrupci\u00f3n. Al tiempo\u2026 al tiempo.<\/p>\n<p style=\"text-align: center;\"><strong>PODEROSOS CABALLEROS<\/strong><\/p>\n<p><strong>SANDRA CUEVAS, EL FIASCO MONUMENTAL:<\/strong> En la oposici\u00f3n, hab\u00edan puesto los ojos en la alcaldesa de Cuauht\u00e9moc, Sandra Cuevas. Pero, apenas subida en un ladrillo, le dio mal de monta\u00f1a. Empez\u00f3 a cometer todo tipo de aberraciones pol\u00edticas y morales. No se dio cuenta que podr\u00eda haber estado en la antesala de la jefatura de Gobierno. Perdi\u00f3 el piso y la cordura. No por regalar billetes de 500 pesos en balones que arrojaba desde la ventana de su despacho en la alcald\u00eda, sino en materialmente todo su trabajo pol\u00edtico. Simplemente, le dej\u00f3 en manos de la jefa de gobierno, Claudia Sheinbaum, las armas para tenerla sometida pol\u00edticamente. Se le fundi\u00f3 el foco en muy poco tiempo.<\/p>\n<p><strong>VIVA AEROB\u00daS FRENA SU ARRIBO AL AIFA:<\/strong> Viva Aerobus, liderado por Juan Carlos Zua Zua, retrasa el aumento de rutas al Aeropuerto Internacional Felipe \u00c1ngeles (AIFA). El pretexto es un retraso en la entrega de nueve aeronaves nuevas del fabricante Airbus derivado de problemas en su cadena de suministro, as\u00ed como de componentes de aviones por proveedores clave, tales como Pratt &amp; Whitney. Suspendi\u00f3 nuevas rutas del AIFA hacia Acapulco, Puerto Escondido, Oaxaca y La Habana; el reinicio de operaciones en el Aeropuerto de Toluca con los servicios a Monterrey y Canc\u00fan; y la inauguraci\u00f3n de las nuevas rutas desde este mismo aeropuerto de Toluca a Puerto Vallarta y M\u00e9rida. La verdad es que nadie quiere comprar boletos al AIFA, aunque est\u00e9n de remate.<\/p>\n<p style=\"text-align: center;\"><strong>RESPONSABILIDAD SOCIAL CORPORATIVA<\/strong><\/p>\n<p><strong>TECATE:<\/strong> Con el respaldo de Heineken M\u00e9xico, que preside Guiallaume Diverdier, lanza Tecate 18+ una iniciativa que busca crear conciencia sobre el consumo de alcohol en menores de edad. Una buena se\u00f1al, luego que el inicio de consumo de alcohol en menores de edad es a los 11 a\u00f1os. Ante ello, el director de la marca Tecate, Lino Villarreal, usar\u00e1 logotipo, empaques y patrocinios para llevar el mensaje a los menores de edad que se acerquen a la marca. M\u00e1s de 200 millones de latas de la marca incluir\u00e1n un c\u00f3digo QR que dirigir\u00e1 a los consumidores a una plataforma educativa digital en donde encontrar\u00e1n informaci\u00f3n valiosa sobre c\u00f3mo ser parte de la soluci\u00f3n.<\/p>\n<p><em><a href=\"http:\/\/poderydinero.mx\/\" target=\"_blank\" rel=\"noopener\">poderydinero.mx<\/a><br \/>\n<\/em><em><a href=\"mailto:vsb@poderydinero.mx\" target=\"_blank\" rel=\"noopener noreferrer\">vsb@poderydinero.mx<\/a><br \/>\n<\/em><em><a href=\"https:\/\/twitter.com\/vsanchezbanos\" target=\"_blank\" rel=\"noopener noreferrer\">@vsanchezbanos<\/a><\/em><\/p>\n","protected":false},"excerpt":{"rendered":"<p><span style=\"color: #005497;\"><strong>V\u00edctor S\u00e1nchez Ba\u00f1os<\/strong><\/span><\/p>\n","protected":false},"author":3,"featured_media":0,"comment_status":"open","ping_status":"open","sticky":false,"template":"","format":"standard","meta":{"_monsterinsights_skip_tracking":false,"_monsterinsights_sitenote_active":false,"_monsterinsights_sitenote_note":"","_monsterinsights_sitenote_category":0,"footnotes":""},"categories":[38844],"tags":[43674,38847,38848],"class_list":["post-553689","post","type-post","status-publish","format-standard","hentry","category-victor-sanchez-banos","tag-opinion","tag-poder-y-dinero","tag-victor-sanchez-banos"],"_links":{"self":[{"href":"https:\/\/www.diarioimagen.net\/index.php?rest_route=\/wp\/v2\/posts\/553689","targetHints":{"allow":["GET"]}}],"collection":[{"href":"https:\/\/www.diarioimagen.net\/index.php?rest_route=\/wp\/v2\/posts"}],"about":[{"href":"https:\/\/www.diarioimagen.net\/index.php?rest_route=\/wp\/v2\/types\/post"}],"author":[{"embeddable":true,"href":"https:\/\/www.diarioimagen.net\/index.php?rest_route=\/wp\/v2\/users\/3"}],"replies":[{"embeddable":true,"href":"https:\/\/www.diarioimagen.net\/index.php?rest_route=%2Fwp%2Fv2%2Fcomments&post=553689"}],"version-history":[{"count":0,"href":"https:\/\/www.diarioimagen.net\/index.php?rest_route=\/wp\/v2\/posts\/553689\/revisions"}],"wp:attachment":[{"href":"https:\/\/www.diarioimagen.net\/index.php?rest_route=%2Fwp%2Fv2%2Fmedia&parent=553689"}],"wp:term":[{"taxonomy":"category","embeddable":true,"href":"https:\/\/www.diarioimagen.net\/index.php?rest_route=%2Fwp%2Fv2%2Fcategories&post=553689"},{"taxonomy":"post_tag","embeddable":true,"href":"https:\/\/www.diarioimagen.net\/index.php?rest_route=%2Fwp%2Fv2%2Ftags&post=553689"}],"curies":[{"name":"wp","href":"https:\/\/api.w.org\/{rel}","templated":true}]}}